{"id":1028,"date":"2023-01-09T14:33:39","date_gmt":"2023-01-09T13:33:39","guid":{"rendered":"https:\/\/ungedient.de\/blog\/?p=1028"},"modified":"2023-05-08T21:00:08","modified_gmt":"2023-05-08T19:00:08","slug":"einstieg-auf-hoeherem-dienstgrad","status":"publish","type":"post","link":"https:\/\/ungedient.de\/blog\/bewerbung\/einstieg-auf-hoeherem-dienstgrad\/","title":{"rendered":"Einstieg auf h\u00f6herem Dienstgrad"},"content":{"rendered":"<div class=\"wpb-content-wrapper\">[vc_row][vc_column][vc_column_text]<code>Der \"Einstieg auf h\u00f6herem Dienstgrad\" hat nichts mit der \"Grundausbildung f\u00fcr Ungediente\" zu tun, sondern ist getrennt von ihr zu betrachten. Dies betrifft mehrere Faktoren, insbesondere die Zust\u00e4ndigkeit.<\/code><\/p>\n<p><span style=\"font-weight: 400;\">Der Vollst\u00e4ndigkeit halber sei erw\u00e4hnt, dass es auch f\u00fcr Ungediente m\u00f6glich ist, eine h\u00f6here Laufbahn anzustreben.\u00a0 Wenn man diesen Schritt plant, ist es aus meiner Sicht sinnvoll, sich mit einem Karriereberater der Bundeswehr zusammenzusetzen und die M\u00f6glichkeiten bzw. das Vorhaben zu besprechen. Ob und vor allem wann dieser Schritt wirklich gut und sinnvoll ist, muss jeder f\u00fcr sich selbst abw\u00e4gen. Man sollte sich dar\u00fcber im Klaren sein, dass man sich auch sp\u00e4ter noch f\u00fcr bestimmte Laufbahnen bewerben kann, nachdem man in die Bw hinein geschnuppert hat. &#8211; In der Regel beginnt man im Mannschaftsdienstgrad.<\/span><\/p>\n<h3><b>Ausbildung zum Reservefeldwebel<\/b><\/h3>\n<p><span style=\"font-weight: 400;\">Hierzu habe ich leider bislang noch nicht viele Informationen zusammentragen k\u00f6nnen, auch wenn es ein sehr interessantes Thema ist. \u2013 Ein bisschen was findet man auf der Website der Bundeswehr <\/span><a href=\"https:\/\/www.bundeswehr.de\/de\/organisation\/streitkraeftebasis\/aktuelles\/in-der-freizeit-zum-feldwebel-266448\"><span style=\"font-weight: 400;\">hier<\/span><\/a><span style=\"font-weight: 400;\"> und <\/span><a href=\"https:\/\/www.bundeswehr.de\/de\/ueber-die-bundeswehr\/die-reserve-der-bundeswehr\/organisation-der-reserve-der-bundeswehr\/kompetenzzentrum-fuer-reservistenangelegenheiten-der-bundeswehr\/ausbildung-und-lehrgaenge-fuer-die-resereve-der-bundeswehr\"><span style=\"font-weight: 400;\">hier<\/span><\/a><span style=\"font-weight: 400;\">. Wenn ich das richtig verstanden habe, entspricht der Feldwebel in etwa dem zivilen Meister. Ebenfalls vorausgesetzt, dass ich es richtig gelesen habe, ist eine der Voraussetzungen, dass der Beruf in der Bundeswehr auch tats\u00e4chlich ben\u00f6tigt wird (das sind zugegebenerma\u00dfen recht viele, aber nicht alle Berufsbilder). Bitte informiere dich noch einmal gezielt, wenn dich das Thema interessiert. Ich w\u00fcrde mich freuen, wenn du mir deine Erkenntnisse in den Kommentaren oder per E-Mail mitteilst! Hier findest du geeignete <\/span><a href=\"https:\/\/ungedient.de\/hilfe\/\"><span style=\"font-weight: 400;\">Ansprechpartner<\/span><\/a><span style=\"font-weight: 400;\"> um dich zu informieren.<\/span><\/p>\n<h3><b>Reserveoffizieranw\u00e4rter (ROA a.d.W.)<\/b><\/h3>\n<p><span style=\"font-weight: 400;\">Ich habe mich parallel zu meiner Bewerbung f\u00fcr die Ausbildung Ungedienter f\u00fcr den ROA beworben, auch wenn ich mir hier keine hohen Chancen ausrechne. &#8211; Zumindest kann ich so einen kleinen Einblick geben: Beim ROA gibt es grunds\u00e4tzlich zwei verschiedene Bereiche: i.d.W. und a.d.W. (innerhalb und au\u00dferhalb des Wehrdienstes). Ich beschr\u00e4nke mich in diesem Blog auf den ROA a.d.W., da nur dieser f\u00fcr Ungediente und Reservisten relevant ist, wenn sie ihren zivilen Beruf weiterhin aus\u00fcben m\u00f6chten. Beim <\/span><a href=\"https:\/\/www.bundeswehrkarriere.de\/reserveoffizier\/160630\"><span style=\"font-weight: 400;\">Bewerbungsverfahren<\/span><\/a><span style=\"font-weight: 400;\"> f\u00fcr den ROA l\u00e4uft alles etwas anders ab. Hier bewirbt man sich zun\u00e4chst, z.B. per E-Mail an AC-Bewerbung-ROA@bundeswehr.org, und erh\u00e4lt kurz darauf eine Eingangsbest\u00e4tigung. (Finde ich schon mal super!) Im n\u00e4chsten Schritt bekommt man dann einen Benutzernamen zugesandt, mit dem man sich im <em>Bewerberportal<\/em> der Bundeswehr registrieren kann. Hier ist dann bereits die versandte Bewerbung hinterlegt und man kann das eigene Profil mit Ausbildung, Lebenslauf und anderen Elementen (erneut) erg\u00e4nzen.\u00a0<\/span><\/p>\n<p><span style=\"font-weight: 400;\">Au\u00dferdem sieht man in dieser Weboberfl\u00e4che auch den aktuellen Bewerbungsstatus sowie eventuelle Nachrichten, die man erhalten hat. \u2013 Alles in allem macht die Plattform f\u00fcr den Bewerber einen gro\u00dfen Unterschied, da man direkt ein visuelles Feedback \u00fcber den Status bekommt. Man sieht seine eingegangene Bewerbung und wei\u00df, dass sie nicht auf irgendeinem Schreibtisch verloren gehen wird. Auch hilft selbstverst\u00e4ndlich das System dabei, den Entscheidern Arbeit abzunehmen, indem es automatische E-Mails und Briefe verschickt etc. (Auch die Standard-GA-Bewerbung wird im Portal angezeigt, allerdings erst, wenn sie beim KarrC eingetroffen ist.) F\u00fcr den ROA liegt die Messlatte h\u00f6her. Es steht, wenn man die Vorauswahl \u00fcberstanden hat, zun\u00e4chst ein Assessment f\u00fcr F\u00fchrungskr\u00e4fte der Bundeswehr (ACF\u00fcKrBw) in K\u00f6ln an. Dazu m\u00fcssen sich die Bewerber einem Eignungsfeststellungsverfahren unterziehen, das Fragen, Tests, eine Ausarbeitung, ein Gespr\u00e4ch, Gruppensituationen und den Basis-Fitness-Test (BFT) beinhaltet. &#8222;Im Heer durchlaufen Ungediente zun\u00e4chst zwei jeweils zehnt\u00e4gige allgemeine streitkr\u00e4ftegemeinsame soldatische Ausbildungen (Modul 1 und 2) an den Truppenschulen. Ungediente und Gediente steigen dann in drei jeweils zehnt\u00e4gige Reserveoffizierslehrg\u00e4nge ein, die an den Ausbildungszentren der Truppengattungen stattfinden. Dazu kommen noch jeweils mindestens 14 Tage Truppenpraktikum.&#8220; (Quelle: <\/span><a href=\"https:\/\/de.wikipedia.org\/wiki\/Reserveoffizieranw%C3%A4rter\"><span style=\"font-weight: 400;\">Wikipedia<\/span><\/a><span style=\"font-weight: 400;\">)<\/span><\/p>\n<blockquote><p><span style=\"font-weight: 400;\">Auch f\u00fcr die Bewerbung als ROA a.d.W. gilt: Es muss der Beleg \u00fcber den KDV-Widerruf beigef\u00fcgt werden. Au\u00dferdem wird explizit nach s\u00e4mtlichen Schulnoten gefragt (ab Klasse 10).<\/span><\/p><\/blockquote>\n<h3>Anschauungsbeispiel<\/h3>\n<p><em>Nachfolgend gehe ich auf meine pers\u00f6nliche Situation ein, damit du eine grobe Orientierung hast:<\/em><\/p>\n<p><span style=\"font-weight: 400;\">Nachdem alle Bewerbungsunterlagen eingegangen sind, erh\u00e4lt man einen Brief, dass die Unterlagen nun gepr\u00fcft werden und man innerhalb von 5 Wochen eine Antwort erh\u00e4lt. Bei mir kam das Schreiben am 26.08.2022, somit m\u00fcsste ich die Antwort bis zum 01.10.2022 erhalten. (Wie ich sp\u00e4ter erfahren sollte, ging es jedoch viel schneller!) Je nach Ausgang der Vor\u00fcberpr\u00fcfung wird man dann zu einem zweit\u00e4gigen Assessment (ins ACF\u00fcKrBw in K\u00f6ln) eingeladen \u2013 oder eben nicht.<\/span><\/p>\n<p><span style=\"font-weight: 400;\"><em>(H\u00f6rensagen:)<\/em> Mehrere Faktoren wirken sich positiv aus: Schulnoten bzw. Zeugnisse, abgeschlossenes Studium und nat\u00fcrlich eine Vordienstzeit bei der Bw. F\u00fcr Ungediente sind die Chancen somit zun\u00e4chst eher gering, doch man kann sich beispielsweise auch erst nach der GA bewerben (f\u00fcr diese erh\u00e4lt man dann Pluspunkte) oder mit einem h\u00f6heren Dienstgrad (daf\u00fcr erh\u00e4lt man dann noch mehr Pluspunkte). \u2013 Soweit die Ger\u00fcchtek\u00fcche. <\/span><\/p>\n<p><span style=\"font-weight: 400;\">Das ging z\u00fcgig! Bereits heute, am 30.08.2022, also gerade mal 4 Tage nach der Eingangsbest\u00e4tigung des BAPersBw ACF\u00fcKrBw hatte ich heute das n\u00e4chste Schreiben im Briefkasten. Im ersten Moment la\u00df es sich wie eine Absage: Mit Bedauern muss Ihnen mitgeteilt werden, dass dem Wunsch nicht stattgegeben werden kann. \u2013 Aber die vermeintliche Absage ist in Wahrheit wohl eher eine Zusage. Jedenfalls gibt es keinen Grund f\u00fcr den Absender irgendetwas zu bedauern, schlie\u00dflich wurden mir drei Verwendungen zur Wahl gestellt. (Die vierte Option w\u00e4re der SaZ, der f\u00fcr mich ohnehin nicht in Frage gekommen w\u00e4re. \u2013 Bild des Schreibens siehe unten.) Nun werde ich mir innerhalb der n\u00e4chsten 2 Wochen \u00fcberlegen m\u00fcssen, f\u00fcr welche Verwendung ich mich entscheiden soll und mich auf das Assessment vorbereiten.<\/span><\/p>\n<p><span style=\"font-weight: 400;\">Ich habe mich heute (am 01.09.2022) entschieden, welche Verwendung f\u00fcr mich infrage kommt. Es war nicht ganz einfach als Au\u00dfenstehender, welcher Bereich hier wirklich das Richtige f\u00fcr mich w\u00e4re. Doch ich habe mich beraten und mir bei mehreren Quellen und Stellen unterschiedliche Informationen eingeholt und schlie\u00dflich, zeitnah und mit gutem Gef\u00fchl entscheiden k\u00f6nnen: es soll der Bereich &#8222;Luftwaffe und Streitkr\u00e4ftebasis&#8220; werden \u2013 wenn \u00fcberhaupt. Die E-Mail ist raus. Nun hei\u00dft es wieder abwarten.<\/span><\/p>\n<p><span style=\"font-weight: 400;\">Heute, am 09.09.2022, also etwa eine Woche sp\u00e4ter, kam ein gro\u00dfer Umschlag an. Im Anschreiben stand, dass ich mich am 09.10.2022 an der Mudra-Kaserne (seit Ende 2022 &#8222;Gereon-Kaserne&#8220;) in K\u00f6ln einfinden soll. Au\u00dferdem waren mehrere Bahn-Gutscheine, ein Merkblatt (inklusive Hygienekonzept), eine Checkliste (erforderliche Dokumente),\u00a0 und weitere Informationen, wie beispielsweise ein Lageplan, beigef\u00fcgt. Im Umschlag war zudem ein kleines, geheimnisvolles Kuvert mit dem Schriftzug &#8222;Sicherheits\u00fcberpr\u00fcfung&#8220;.<\/span><\/p>\n<h2>Erfolgschancen<\/h2>\n<p>Es gibt zahlreiche Bewerber f\u00fcr den ROA a.d.W. und nur wenige Stellen. Es ist also erforderlich, dass du im oberen Drittel landest. Meinen Informationen nach gibt es rund 100 freie Pl\u00e4tze pro Jahr. Die Erfolgschancen steigen nat\u00fcrlich, wenn man Vordienstzeiten aufweisen kann (wie beispielsweise nach der Grundausbildung f\u00fcr Ungediente). Wenn du die Offizierseignung erh\u00e4ltst bedeutet dies nicht automatisch, dass du auch einen Platz erh\u00e4ltst. Hast du die Eignung so ist diese f\u00fcr zwei Jahre g\u00fcltig.[\/vc_column_text][\/vc_column][\/vc_row][vc_row color=&#8220;&#8220; message_box_style=&#8220;solid&#8220; style=&#8220;rounded&#8220; message_box_color=&#8220;grey&#8220; icon_type=&#8220;fontawesome&#8220; icon_fontawesome=&#8220;fas fa-image&#8220; icon_monosocial=&#8220;vc-mono vc-mono-fivehundredpx&#8220; icon_openiconic=&#8220;&#8220; icon_typicons=&#8220;&#8220; icon_entypo=&#8220;&#8220; icon_linecons=&#8220;&#8220; icon_pixelicons=&#8220;&#8220;][vc_column][vc_message message_box_style=&#8220;solid&#8220; message_box_color=&#8220;grey&#8220; icon_fontawesome=&#8220;fas fa-image&#8220;]<strong>Titelbild<\/strong><br \/>\n\u00a9 Shutterstock[\/vc_message][\/vc_column][\/vc_row]\n\r\n\t\t\t<div id=\"daexthefu-container\"\r\n\t\t\t\tclass=\"daexthefu-container daexthefu-layout-stacked daexthefu-alignment-center\"\r\n\t\t\t\tdata-post-id=\"1028\">\r\n\r\n\t\t\t\t<div class=\"daexthefu-feedback\">\r\n\t\t\t\t\t<div class=\"daexthefu-text\">\r\n\t\t\t\t\t\t<h3 class=\"daexthefu-title\">War dieser Artikel f\u00fcr dich hilfreich?<\/h3>\r\n\t\t\t\t\t<\/div>\r\n\t\t\t\t\t<div class=\"daexthefu-buttons-container\">\r\n\t\t\t\t\t\t<div class=\"daexthefu-buttons\">\r\n\t\t\t\t\t\t\t\r\n\t\t\t<div class=\"daexthefu-yes daexthefu-button daexthefu-button-type-icon\" data-value=\"1\">\r\n\t\t\t\t\r\n                <svg>\r\n                    <defs>\r\n                        <style>.thumb-up-cls-1{fill:#c9c9c9;}.thumb-up-cls-2{fill:#e1e1e1;}.thumb-up-cls-3{fill:#676767;}<\/style>\r\n                    <\/defs>\r\n                    <g id=\"thumb_up\">\r\n                        <path class=\"thumb-up-cls-2 daexthefu-icon-circle\" d=\"m24,3c11.58,0,21,9.42,21,21s-9.42,21-21,21S3,35.58,3,24,12.42,3,24,3m0-1C11.85,2,2,11.85,2,24s9.85,22,22,22,22-9.85,22-22S36.15,2,24,2h0Z\" \/>\r\n                        <g>\r\n                            <rect class=\"thumb-up-cls-3 daexthefu-icon-secondary-color\" x=\"10\" y=\"20\" width=\"6\" height=\"15\" rx=\"1.5\" ry=\"1.5\" \/>\r\n                            <path class=\"thumb-up-cls-1 daexthefu-icon-primary-color\" d=\"m30.57,9.06l-.49-.1c-.81-.17-1.61.35-1.78,1.16l-5.3,11.74c-.17.81,3.16,1.61,3.97,1.78l1.96.41c.81.17,1.61-.35,1.78-1.16l2.18-10.27c.34-1.61-.7-3.21-2.31-3.56Z\" \/>\r\n                            <path class=\"thumb-up-cls-1 daexthefu-icon-primary-color\" d=\"m38.17,20h-18.67c-.83,0-1.5.67-1.5,1.5v12c0,.83.67,1.5,1.5,1.5h16.27c.71,0,1.33-.5,1.47-1.21l2.4-12c.19-.93-.53-1.8-1.47-1.8Z\" \/>\r\n                        <\/g>\r\n                    <\/g>\r\n                <\/svg>\t\t\t<\/div>\r\n\r\n\t\t\t\t\t\t\t\t\t\t\r\n\t\t\t<div class=\"daexthefu-no daexthefu-button daexthefu-button-type-icon\" data-value=\"0\">\r\n\t\t\t\t\r\n                <svg>\r\n                    <defs>\r\n                        <style>.thumb-down-cls-1{fill:#c9c9c9;}.thumb-down-cls-2{fill:#e1e1e1;}.thumb-down-cls-3{fill:#676767;}<\/style>\r\n                    <\/defs>\r\n                    <g id=\"thumb_down\">\r\n                        <path class=\"thumb-down-cls-2 daexthefu-icon-circle\" d=\"m24,3c11.58,0,21,9.42,21,21s-9.42,21-21,21S3,35.58,3,24,12.42,3,24,3m0-1C11.85,2,2,11.85,2,24s9.85,22,22,22,22-9.85,22-22S36.15,2,24,2h0Z\" \/>\r\n                        <g>\r\n                            <rect class=\"thumb-down-cls-3 daexthefu-icon-secondary-color\" x=\"10\" y=\"13\" width=\"6\" height=\"15\" rx=\"1.5\" ry=\"1.5\" \/>\r\n                            <path class=\"thumb-down-cls-1 daexthefu-icon-primary-color\" d=\"m30.57,38.94l-.49.1c-.81.17-1.61-.35-1.78-1.16l-5.3-11.74c-.17-.81,3.16-1.61,3.97-1.78l1.96-.41c.81-.17,1.61.35,1.78,1.16l2.18,10.27c.34,1.61-.7,3.21-2.31,3.56Z\" \/>\r\n                            <path class=\"thumb-down-cls-1 daexthefu-icon-primary-color\" d=\"m38.17,28h-18.67c-.83,0-1.5-.67-1.5-1.5v-12c0-.83.67-1.5,1.5-1.5h16.27c.71,0,1.33.5,1.47,1.21l2.4,12c.19.93-.53,1.8-1.47,1.8Z\" \/>\r\n                        <\/g>\r\n                    <\/g>\r\n                <\/svg>\t\t\t<\/div>\r\n\r\n\t\t\t\t\t\t\t\t\t<\/div>\r\n\t\t\t\t\t<\/div>\r\n\t\t\t\t<\/div>\r\n\r\n\t\t\t\t<div class=\"daexthefu-comment\">\r\n\t\t\t\t\t<div class=\"daexthefu-comment-top-container\">\r\n\t\t\t\t\t\t<label id=\"daexthefu-comment-label\" class=\"daexthefu-comment-label\"><\/label>\r\n\t\t\t\t\t\t\t\t\t\t\t\t\t<div class=\"daexthefu-comment-character-counter-container\">\r\n\t\t\t\t\t\t\t\t<div id=\"daexthefu-comment-character-counter-number\"\r\n\t\t\t\t\t\t\t\t\tclass=\"daexthefu-comment-character-counter-number\"><\/div>\r\n\t\t\t\t\t\t\t\t<div class=\"daexthefu-comment-character-counter-text\"><\/div>\r\n\t\t\t\t\t\t\t<\/div>\r\n\t\t\t\t\t\t\t\t\t\t\t<\/div>\r\n\t\t\t\t\t<textarea id=\"daexthefu-comment-textarea\" class=\"daexthefu-comment-textarea\"\r\n\t\t\t\t\t\t\t\tplaceholder=\"Dein Feedback\u2026\"\r\n\t\t\t\t\t\t\t\tmaxlength=\"\r\n\t\t\t\t\t\t\t\t500\t\t\t\t\t\t\t\t\t\"><\/textarea>\r\n\t\t\t\t\t<div class=\"daexthefu-comment-buttons-container\">\r\n\t\t\t\t\t\t<button class=\"daexthefu-comment-submit daexthefu-button\">senden<\/button>\r\n\t\t\t\t\t\t<button class=\"daexthefu-comment-cancel daexthefu-button\">abbrechen<\/button>\r\n\t\t\t\t\t<\/div>\r\n\t\t\t\t<\/div>\r\n\r\n\t\t\t\t<div class=\"daexthefu-successful-submission-text\">Vielen Dank!<\/div>\r\n\r\n\t\t\t<\/div>\r\n\r\n\t\t\t<\/div>","protected":false},"excerpt":{"rendered":"<p>Der direkte Einstieg auf einem h\u00f6herem Dienstgrad stellt einen alternativen Weg f\u00fcr manche Ungediente dar.<\/p>\n","protected":false},"author":1,"featured_media":1029,"comment_status":"open","ping_status":"open","sticky":false,"template":"","format":"standard","meta":{"_helpful_status":1,"inline_featured_image":false,"footnotes":""},"categories":[69],"tags":[64,65,66,67,68],"class_list":["post-1028","post","type-post","status-publish","format-standard","has-post-thumbnail","hentry","category-bewerbung","tag-acfuekrbw","tag-roa","tag-offizier","tag-feldwebel","tag-eignung"],"acf":[],"yoast_head":"<!-- This site is optimized with the Yoast SEO plugin v27.5 - https:\/\/yoast.com\/product\/yoast-seo-wordpress\/ -->\n<title>Einstieg auf h\u00f6herem Dienstgrad &#8226; UNgedient.<\/title>\n<meta name=\"robots\" content=\"index, follow, max-snippet:-1, max-image-preview:large, max-video-preview:-1\" \/>\n<link rel=\"canonical\" href=\"https:\/\/ungedient.de\/blog\/bewerbung\/einstieg-auf-hoeherem-dienstgrad\/\" \/>\n<meta property=\"og:locale\" content=\"de_DE\" \/>\n<meta property=\"og:type\" content=\"article\" \/>\n<meta property=\"og:title\" content=\"Einstieg auf h\u00f6herem Dienstgrad &#8226; UNgedient.\" \/>\n<meta property=\"og:description\" content=\"Der direkte Einstieg auf einem h\u00f6herem Dienstgrad stellt einen alternativen Weg f\u00fcr manche Ungediente dar.\" \/>\n<meta property=\"og:url\" content=\"https:\/\/ungedient.de\/blog\/bewerbung\/einstieg-auf-hoeherem-dienstgrad\/\" \/>\n<meta property=\"og:site_name\" content=\"UNgedient.\" \/>\n<meta property=\"article:publisher\" content=\"https:\/\/www.facebook.com\/fuchs52y\" \/>\n<meta property=\"article:author\" content=\"https:\/\/facebook.com\/fuchs52y\" \/>\n<meta property=\"article:published_time\" content=\"2023-01-09T13:33:39+00:00\" \/>\n<meta property=\"article:modified_time\" content=\"2023-05-08T19:00:08+00:00\" \/>\n<meta property=\"og:image\" content=\"https:\/\/ungedient.de\/blog\/wp-content\/uploads\/2023\/03\/offizier.jpg\" \/>\n\t<meta property=\"og:image:width\" content=\"950\" \/>\n\t<meta property=\"og:image:height\" content=\"500\" \/>\n\t<meta property=\"og:image:type\" content=\"image\/jpeg\" \/>\n<meta name=\"author\" content=\"Daniel\" \/>\n<meta name=\"twitter:card\" content=\"summary_large_image\" \/>\n<meta name=\"twitter:label1\" content=\"Verfasst von\" \/>\n\t<meta name=\"twitter:data1\" content=\"Daniel\" \/>\n\t<meta name=\"twitter:label2\" content=\"Gesch\u00e4tzte Lesezeit\" \/>\n\t<meta name=\"twitter:data2\" content=\"7\u00a0Minuten\" \/>\n<script type=\"application\/ld+json\" class=\"yoast-schema-graph\">{\"@context\":\"https:\\\/\\\/schema.org\",\"@graph\":[{\"@type\":\"Article\",\"@id\":\"https:\\\/\\\/ungedient.de\\\/blog\\\/bewerbung\\\/einstieg-auf-hoeherem-dienstgrad\\\/#article\",\"isPartOf\":{\"@id\":\"https:\\\/\\\/ungedient.de\\\/blog\\\/bewerbung\\\/einstieg-auf-hoeherem-dienstgrad\\\/\"},\"author\":{\"name\":\"Daniel\",\"@id\":\"https:\\\/\\\/ungedient.de\\\/blog\\\/#\\\/schema\\\/person\\\/1648f47e5e180daeaa9f15f2dd485bf5\"},\"headline\":\"Einstieg auf h\u00f6herem Dienstgrad\",\"datePublished\":\"2023-01-09T13:33:39+00:00\",\"dateModified\":\"2023-05-08T19:00:08+00:00\",\"mainEntityOfPage\":{\"@id\":\"https:\\\/\\\/ungedient.de\\\/blog\\\/bewerbung\\\/einstieg-auf-hoeherem-dienstgrad\\\/\"},\"wordCount\":1240,\"commentCount\":2,\"publisher\":{\"@id\":\"https:\\\/\\\/ungedient.de\\\/blog\\\/#organization\"},\"image\":{\"@id\":\"https:\\\/\\\/ungedient.de\\\/blog\\\/bewerbung\\\/einstieg-auf-hoeherem-dienstgrad\\\/#primaryimage\"},\"thumbnailUrl\":\"https:\\\/\\\/ungedient.de\\\/blog\\\/wp-content\\\/uploads\\\/2023\\\/03\\\/offizier.jpg\",\"keywords\":[\"ACF\u00fcKrBw\",\"roa\",\"offizier\",\"feldwebel\",\"eignung\"],\"articleSection\":[\"Bewerbung\"],\"inLanguage\":\"de\",\"potentialAction\":[{\"@type\":\"CommentAction\",\"name\":\"Comment\",\"target\":[\"https:\\\/\\\/ungedient.de\\\/blog\\\/bewerbung\\\/einstieg-auf-hoeherem-dienstgrad\\\/#respond\"]}]},{\"@type\":\"WebPage\",\"@id\":\"https:\\\/\\\/ungedient.de\\\/blog\\\/bewerbung\\\/einstieg-auf-hoeherem-dienstgrad\\\/\",\"url\":\"https:\\\/\\\/ungedient.de\\\/blog\\\/bewerbung\\\/einstieg-auf-hoeherem-dienstgrad\\\/\",\"name\":\"Einstieg auf h\u00f6herem Dienstgrad &#8226; UNgedient.\",\"isPartOf\":{\"@id\":\"https:\\\/\\\/ungedient.de\\\/blog\\\/#website\"},\"primaryImageOfPage\":{\"@id\":\"https:\\\/\\\/ungedient.de\\\/blog\\\/bewerbung\\\/einstieg-auf-hoeherem-dienstgrad\\\/#primaryimage\"},\"image\":{\"@id\":\"https:\\\/\\\/ungedient.de\\\/blog\\\/bewerbung\\\/einstieg-auf-hoeherem-dienstgrad\\\/#primaryimage\"},\"thumbnailUrl\":\"https:\\\/\\\/ungedient.de\\\/blog\\\/wp-content\\\/uploads\\\/2023\\\/03\\\/offizier.jpg\",\"datePublished\":\"2023-01-09T13:33:39+00:00\",\"dateModified\":\"2023-05-08T19:00:08+00:00\",\"breadcrumb\":{\"@id\":\"https:\\\/\\\/ungedient.de\\\/blog\\\/bewerbung\\\/einstieg-auf-hoeherem-dienstgrad\\\/#breadcrumb\"},\"inLanguage\":\"de\",\"potentialAction\":[{\"@type\":\"ReadAction\",\"target\":[\"https:\\\/\\\/ungedient.de\\\/blog\\\/bewerbung\\\/einstieg-auf-hoeherem-dienstgrad\\\/\"]}]},{\"@type\":\"ImageObject\",\"inLanguage\":\"de\",\"@id\":\"https:\\\/\\\/ungedient.de\\\/blog\\\/bewerbung\\\/einstieg-auf-hoeherem-dienstgrad\\\/#primaryimage\",\"url\":\"https:\\\/\\\/ungedient.de\\\/blog\\\/wp-content\\\/uploads\\\/2023\\\/03\\\/offizier.jpg\",\"contentUrl\":\"https:\\\/\\\/ungedient.de\\\/blog\\\/wp-content\\\/uploads\\\/2023\\\/03\\\/offizier.jpg\",\"width\":950,\"height\":500},{\"@type\":\"BreadcrumbList\",\"@id\":\"https:\\\/\\\/ungedient.de\\\/blog\\\/bewerbung\\\/einstieg-auf-hoeherem-dienstgrad\\\/#breadcrumb\",\"itemListElement\":[{\"@type\":\"ListItem\",\"position\":1,\"name\":\"Startseite\",\"item\":\"https:\\\/\\\/ungedient.de\\\/blog\\\/\"},{\"@type\":\"ListItem\",\"position\":2,\"name\":\"Bewerbung\",\"item\":\"https:\\\/\\\/ungedient.de\\\/blog\\\/thema\\\/bewerbung\\\/\"},{\"@type\":\"ListItem\",\"position\":3,\"name\":\"Einstieg auf h\u00f6herem Dienstgrad\"}]},{\"@type\":\"WebSite\",\"@id\":\"https:\\\/\\\/ungedient.de\\\/blog\\\/#website\",\"url\":\"https:\\\/\\\/ungedient.de\\\/blog\\\/\",\"name\":\"UNgedient. Vom Ungedienten zur Bundeswehr.\",\"description\":\"Dein Weg in die Reserve der Bundeswehr\",\"publisher\":{\"@id\":\"https:\\\/\\\/ungedient.de\\\/blog\\\/#organization\"},\"alternateName\":\"Ausbildung f\u00fcr Ungediente\",\"potentialAction\":[{\"@type\":\"SearchAction\",\"target\":{\"@type\":\"EntryPoint\",\"urlTemplate\":\"https:\\\/\\\/ungedient.de\\\/blog\\\/?s={search_term_string}\"},\"query-input\":{\"@type\":\"PropertyValueSpecification\",\"valueRequired\":true,\"valueName\":\"search_term_string\"}}],\"inLanguage\":\"de\"},{\"@type\":\"Organization\",\"@id\":\"https:\\\/\\\/ungedient.de\\\/blog\\\/#organization\",\"name\":\"UNgedient. Vom Ungedienten zur Bundeswehr.\",\"alternateName\":\"Ausbildung Ungedienter zum Reservisten der Bundeswehr\",\"url\":\"https:\\\/\\\/ungedient.de\\\/blog\\\/\",\"logo\":{\"@type\":\"ImageObject\",\"inLanguage\":\"de\",\"@id\":\"https:\\\/\\\/ungedient.de\\\/blog\\\/#\\\/schema\\\/logo\\\/image\\\/\",\"url\":\"https:\\\/\\\/ungedient.de\\\/blog\\\/wp-content\\\/uploads\\\/2023\\\/03\\\/ungedient-favicon.jpg\",\"contentUrl\":\"https:\\\/\\\/ungedient.de\\\/blog\\\/wp-content\\\/uploads\\\/2023\\\/03\\\/ungedient-favicon.jpg\",\"width\":520,\"height\":520,\"caption\":\"UNgedient. Vom Ungedienten zur Bundeswehr.\"},\"image\":{\"@id\":\"https:\\\/\\\/ungedient.de\\\/blog\\\/#\\\/schema\\\/logo\\\/image\\\/\"},\"sameAs\":[\"https:\\\/\\\/www.facebook.com\\\/fuchs52y\"]},{\"@type\":\"Person\",\"@id\":\"https:\\\/\\\/ungedient.de\\\/blog\\\/#\\\/schema\\\/person\\\/1648f47e5e180daeaa9f15f2dd485bf5\",\"name\":\"Daniel\",\"image\":{\"@type\":\"ImageObject\",\"inLanguage\":\"de\",\"@id\":\"https:\\\/\\\/secure.gravatar.com\\\/avatar\\\/ef3cfcfe1a934ab692f6ac8a025998218be6f7edf0973bf6f01a1c8634236232?s=96&d=mm&r=g\",\"url\":\"https:\\\/\\\/secure.gravatar.com\\\/avatar\\\/ef3cfcfe1a934ab692f6ac8a025998218be6f7edf0973bf6f01a1c8634236232?s=96&d=mm&r=g\",\"contentUrl\":\"https:\\\/\\\/secure.gravatar.com\\\/avatar\\\/ef3cfcfe1a934ab692f6ac8a025998218be6f7edf0973bf6f01a1c8634236232?s=96&d=mm&r=g\",\"caption\":\"Daniel\"},\"description\":\"Daniel absolvierte die Ausbildung f\u00fcr Ungediente 2023 in Rheinland-Pfalz und ist mittlerweile in der 5.\\\/HSchRgt 3 beordert. Er arbeitete als Reservistendienstleistender in einer Projektgruppe des Territorialen F\u00fchrungskommandos der Bundeswehr und engagiert sich als einer von zwei Beauftragten der Landesgruppe Baden-W\u00fcrttemberg des Verbandes der Reservisten der Deutschen Bundeswehr f\u00fcr die Ausbildung Ungediente. 2025 wurde er Vorsitzender der Reservistenarbeitsgemeinschaft Drohne MO. Daniel ist verheiratet und Vater von drei T\u00f6chtern.\",\"sameAs\":[\"https:\\\/\\\/facebook.com\\\/fuchs52y\"]}]}<\/script>\n<!-- \/ Yoast SEO plugin. -->","yoast_head_json":{"title":"Einstieg auf h\u00f6herem Dienstgrad &#8226; UNgedient.","robots":{"index":"index","follow":"follow","max-snippet":"max-snippet:-1","max-image-preview":"max-image-preview:large","max-video-preview":"max-video-preview:-1"},"canonical":"https:\/\/ungedient.de\/blog\/bewerbung\/einstieg-auf-hoeherem-dienstgrad\/","og_locale":"de_DE","og_type":"article","og_title":"Einstieg auf h\u00f6herem Dienstgrad &#8226; UNgedient.","og_description":"Der direkte Einstieg auf einem h\u00f6herem Dienstgrad stellt einen alternativen Weg f\u00fcr manche Ungediente dar.","og_url":"https:\/\/ungedient.de\/blog\/bewerbung\/einstieg-auf-hoeherem-dienstgrad\/","og_site_name":"UNgedient.","article_publisher":"https:\/\/www.facebook.com\/fuchs52y","article_author":"https:\/\/facebook.com\/fuchs52y","article_published_time":"2023-01-09T13:33:39+00:00","article_modified_time":"2023-05-08T19:00:08+00:00","og_image":[{"width":950,"height":500,"url":"https:\/\/ungedient.de\/blog\/wp-content\/uploads\/2023\/03\/offizier.jpg","type":"image\/jpeg"}],"author":"Daniel","twitter_card":"summary_large_image","twitter_misc":{"Verfasst von":"Daniel","Gesch\u00e4tzte Lesezeit":"7\u00a0Minuten"},"schema":{"@context":"https:\/\/schema.org","@graph":[{"@type":"Article","@id":"https:\/\/ungedient.de\/blog\/bewerbung\/einstieg-auf-hoeherem-dienstgrad\/#article","isPartOf":{"@id":"https:\/\/ungedient.de\/blog\/bewerbung\/einstieg-auf-hoeherem-dienstgrad\/"},"author":{"name":"Daniel","@id":"https:\/\/ungedient.de\/blog\/#\/schema\/person\/1648f47e5e180daeaa9f15f2dd485bf5"},"headline":"Einstieg auf h\u00f6herem Dienstgrad","datePublished":"2023-01-09T13:33:39+00:00","dateModified":"2023-05-08T19:00:08+00:00","mainEntityOfPage":{"@id":"https:\/\/ungedient.de\/blog\/bewerbung\/einstieg-auf-hoeherem-dienstgrad\/"},"wordCount":1240,"commentCount":2,"publisher":{"@id":"https:\/\/ungedient.de\/blog\/#organization"},"image":{"@id":"https:\/\/ungedient.de\/blog\/bewerbung\/einstieg-auf-hoeherem-dienstgrad\/#primaryimage"},"thumbnailUrl":"https:\/\/ungedient.de\/blog\/wp-content\/uploads\/2023\/03\/offizier.jpg","keywords":["ACF\u00fcKrBw","roa","offizier","feldwebel","eignung"],"articleSection":["Bewerbung"],"inLanguage":"de","potentialAction":[{"@type":"CommentAction","name":"Comment","target":["https:\/\/ungedient.de\/blog\/bewerbung\/einstieg-auf-hoeherem-dienstgrad\/#respond"]}]},{"@type":"WebPage","@id":"https:\/\/ungedient.de\/blog\/bewerbung\/einstieg-auf-hoeherem-dienstgrad\/","url":"https:\/\/ungedient.de\/blog\/bewerbung\/einstieg-auf-hoeherem-dienstgrad\/","name":"Einstieg auf h\u00f6herem Dienstgrad &#8226; UNgedient.","isPartOf":{"@id":"https:\/\/ungedient.de\/blog\/#website"},"primaryImageOfPage":{"@id":"https:\/\/ungedient.de\/blog\/bewerbung\/einstieg-auf-hoeherem-dienstgrad\/#primaryimage"},"image":{"@id":"https:\/\/ungedient.de\/blog\/bewerbung\/einstieg-auf-hoeherem-dienstgrad\/#primaryimage"},"thumbnailUrl":"https:\/\/ungedient.de\/blog\/wp-content\/uploads\/2023\/03\/offizier.jpg","datePublished":"2023-01-09T13:33:39+00:00","dateModified":"2023-05-08T19:00:08+00:00","breadcrumb":{"@id":"https:\/\/ungedient.de\/blog\/bewerbung\/einstieg-auf-hoeherem-dienstgrad\/#breadcrumb"},"inLanguage":"de","potentialAction":[{"@type":"ReadAction","target":["https:\/\/ungedient.de\/blog\/bewerbung\/einstieg-auf-hoeherem-dienstgrad\/"]}]},{"@type":"ImageObject","inLanguage":"de","@id":"https:\/\/ungedient.de\/blog\/bewerbung\/einstieg-auf-hoeherem-dienstgrad\/#primaryimage","url":"https:\/\/ungedient.de\/blog\/wp-content\/uploads\/2023\/03\/offizier.jpg","contentUrl":"https:\/\/ungedient.de\/blog\/wp-content\/uploads\/2023\/03\/offizier.jpg","width":950,"height":500},{"@type":"BreadcrumbList","@id":"https:\/\/ungedient.de\/blog\/bewerbung\/einstieg-auf-hoeherem-dienstgrad\/#breadcrumb","itemListElement":[{"@type":"ListItem","position":1,"name":"Startseite","item":"https:\/\/ungedient.de\/blog\/"},{"@type":"ListItem","position":2,"name":"Bewerbung","item":"https:\/\/ungedient.de\/blog\/thema\/bewerbung\/"},{"@type":"ListItem","position":3,"name":"Einstieg auf h\u00f6herem Dienstgrad"}]},{"@type":"WebSite","@id":"https:\/\/ungedient.de\/blog\/#website","url":"https:\/\/ungedient.de\/blog\/","name":"UNgedient. Vom Ungedienten zur Bundeswehr.","description":"Dein Weg in die Reserve der Bundeswehr","publisher":{"@id":"https:\/\/ungedient.de\/blog\/#organization"},"alternateName":"Ausbildung f\u00fcr Ungediente","potentialAction":[{"@type":"SearchAction","target":{"@type":"EntryPoint","urlTemplate":"https:\/\/ungedient.de\/blog\/?s={search_term_string}"},"query-input":{"@type":"PropertyValueSpecification","valueRequired":true,"valueName":"search_term_string"}}],"inLanguage":"de"},{"@type":"Organization","@id":"https:\/\/ungedient.de\/blog\/#organization","name":"UNgedient. Vom Ungedienten zur Bundeswehr.","alternateName":"Ausbildung Ungedienter zum Reservisten der Bundeswehr","url":"https:\/\/ungedient.de\/blog\/","logo":{"@type":"ImageObject","inLanguage":"de","@id":"https:\/\/ungedient.de\/blog\/#\/schema\/logo\/image\/","url":"https:\/\/ungedient.de\/blog\/wp-content\/uploads\/2023\/03\/ungedient-favicon.jpg","contentUrl":"https:\/\/ungedient.de\/blog\/wp-content\/uploads\/2023\/03\/ungedient-favicon.jpg","width":520,"height":520,"caption":"UNgedient. Vom Ungedienten zur Bundeswehr."},"image":{"@id":"https:\/\/ungedient.de\/blog\/#\/schema\/logo\/image\/"},"sameAs":["https:\/\/www.facebook.com\/fuchs52y"]},{"@type":"Person","@id":"https:\/\/ungedient.de\/blog\/#\/schema\/person\/1648f47e5e180daeaa9f15f2dd485bf5","name":"Daniel","image":{"@type":"ImageObject","inLanguage":"de","@id":"https:\/\/secure.gravatar.com\/avatar\/ef3cfcfe1a934ab692f6ac8a025998218be6f7edf0973bf6f01a1c8634236232?s=96&d=mm&r=g","url":"https:\/\/secure.gravatar.com\/avatar\/ef3cfcfe1a934ab692f6ac8a025998218be6f7edf0973bf6f01a1c8634236232?s=96&d=mm&r=g","contentUrl":"https:\/\/secure.gravatar.com\/avatar\/ef3cfcfe1a934ab692f6ac8a025998218be6f7edf0973bf6f01a1c8634236232?s=96&d=mm&r=g","caption":"Daniel"},"description":"Daniel absolvierte die Ausbildung f\u00fcr Ungediente 2023 in Rheinland-Pfalz und ist mittlerweile in der 5.\/HSchRgt 3 beordert. Er arbeitete als Reservistendienstleistender in einer Projektgruppe des Territorialen F\u00fchrungskommandos der Bundeswehr und engagiert sich als einer von zwei Beauftragten der Landesgruppe Baden-W\u00fcrttemberg des Verbandes der Reservisten der Deutschen Bundeswehr f\u00fcr die Ausbildung Ungediente. 2025 wurde er Vorsitzender der Reservistenarbeitsgemeinschaft Drohne MO. Daniel ist verheiratet und Vater von drei T\u00f6chtern.","sameAs":["https:\/\/facebook.com\/fuchs52y"]}]}},"_links":{"self":[{"href":"https:\/\/ungedient.de\/blog\/wp-json\/wp\/v2\/posts\/1028","targetHints":{"allow":["GET"]}}],"collection":[{"href":"https:\/\/ungedient.de\/blog\/wp-json\/wp\/v2\/posts"}],"about":[{"href":"https:\/\/ungedient.de\/blog\/wp-json\/wp\/v2\/types\/post"}],"author":[{"embeddable":true,"href":"https:\/\/ungedient.de\/blog\/wp-json\/wp\/v2\/users\/1"}],"replies":[{"embeddable":true,"href":"https:\/\/ungedient.de\/blog\/wp-json\/wp\/v2\/comments?post=1028"}],"version-history":[{"count":0,"href":"https:\/\/ungedient.de\/blog\/wp-json\/wp\/v2\/posts\/1028\/revisions"}],"wp:featuredmedia":[{"embeddable":true,"href":"https:\/\/ungedient.de\/blog\/wp-json\/wp\/v2\/media\/1029"}],"wp:attachment":[{"href":"https:\/\/ungedient.de\/blog\/wp-json\/wp\/v2\/media?parent=1028"}],"wp:term":[{"taxonomy":"category","embeddable":true,"href":"https:\/\/ungedient.de\/blog\/wp-json\/wp\/v2\/categories?post=1028"},{"taxonomy":"post_tag","embeddable":true,"href":"https:\/\/ungedient.de\/blog\/wp-json\/wp\/v2\/tags?post=1028"}],"curies":[{"name":"wp","href":"https:\/\/api.w.org\/{rel}","templated":true}]}}