{"id":1969,"date":"2023-04-21T00:08:12","date_gmt":"2023-04-20T22:08:12","guid":{"rendered":"https:\/\/ungedient.de\/blog\/?p=1969"},"modified":"2026-01-13T16:25:51","modified_gmt":"2026-01-13T15:25:51","slug":"befoerderungen","status":"publish","type":"post","link":"https:\/\/ungedient.de\/blog\/reserve\/befoerderungen\/","title":{"rendered":"Bef\u00f6rderungen (d.R.)"},"content":{"rendered":"<div class=\"wpb-content-wrapper\">[vc_row][vc_column][vc_column_text]Wichtiger Grundsatz bei der Bef\u00f6rderung von Reservisten: <em><strong>&#8222;Ohne Beorderung keine Bef\u00f6rderung!&#8220;<\/strong><br \/>\n<\/em>Das bedeutet: ohne eine Beorderung z.B. in einer Heimatschutzkompanie wird man nicht bef\u00f6rdert.[\/vc_column_text][vc_message message_box_style=&#8220;solid&#8220; message_box_color=&#8220;juicy_pink&#8220; icon_fontawesome=&#8220;fas fa-exclamation-triangle&#8220; css=&#8220;&#8220;]<strong>Hinweis<\/strong><br \/>\nDa es immer wieder f\u00fcr Verwirrung sorgt und ein weit verbreiteter Irrglaube ist &#8211; nochmal ganz klar: Dass zwischen der Bef\u00f6rderung vom z.B. Gefreiten zum Obergefreiten mindestens 3 Monate liegen m\u00fcssen <u>ist falsch<\/u>!<br \/>\n<strong><em>Es geht bei den ersten Dienstgraden um die<\/em><em> Zeit seit Eintritt in die Bundeswehr.<\/em><\/strong><br \/>\n(Nachlesbar \u00fcbrigens in der offenen <a href=\"https:\/\/fragdenstaat.de\/anfrage\/zentralrichtlinie-a-1340-49\/1066204\/anhang\/a-1340-49-v3-2-h-250929.pdf\" target=\"_blank\" rel=\"noopener\">Vorschrift A-1340\/49<\/a> unter 3.2.1 Laufbahn der Mannschaften der Reserve, Seite 24.)[\/vc_message][vc_message message_box_style=&#8220;solid&#8220; message_box_color=&#8220;green&#8220; icon_fontawesome=&#8220;far fa-lightbulb&#8220; css=&#8220;&#8220;]<strong>Mein Tipp<\/strong><br \/>\nAls Ungedienter gehst du mit dem Dienstgrad &#8222;Sch\u00fctze&#8220; (bzw. &#8222;J\u00e4ger&#8220;) aus deiner Ausbildung heraus, da die Ausbildung selbst oftmals <em>keine<\/em> Beorderung ist. Tage sammelst du dann z.B. auf dem Truppen\u00fcbungsplatz deiner Heimatschutzkompanie. Einfach in den Rechner eintippen:[\/vc_message][vc_row_inner][vc_column_inner width=&#8220;1\/2&#8243;][vc_raw_html css=&#8220;&#8220;]JTIwJTIwJTIwJTIwJTNDaDIlM0VFcnN0ZXIlMjBEaWVuc3RhbnRyaXR0JTNBJTIwJTNDc3BhbiUzRSUyOEVyc3RlJTIwSGVyYW56aWVodW5nJTI5JTNDJTJGc3BhbiUzRSUzQyUyRmgyJTNFJTBBJTIwJTIwJTIwJTIwJTNDaW5wdXQlMjB0eXBlJTNEJTIyZGF0ZSUyMiUyMGlkJTNEJTIycGFzdERhdGUlMjIlMjBjbGFzcyUzRCUyMmNhbGN1bGF0b3IlMjIlMjBtYXglM0QlMjIlMjIlMjB2YWx1ZSUzRCUyMjIwMjMtMDQtMTglMjIlM0U=[\/vc_raw_html][\/vc_column_inner][vc_column_inner width=&#8220;1\/2&#8243;][vc_raw_html css=&#8220;&#8220;]JTIwJTIwJTIwJTIwJTNDaDIlM0VaZWl0JTIwc2VpdCUyMEVpbnRyaXR0JTIwaW4lMjBkaWUlMjBCdW5kZXN3ZWhyJTNBJTNDJTJGaDIlM0UlMEElMjAlMjAlMjAlMjAlM0NwJTIwaWQlM0QlMjJyZXN1bHQlMjIlMjBjbGFzcyUzRCUyMmNhbGN1bGF0b3IlMjIlM0UlMjh3YXJ0ZSUyMGF1ZiUyMEVpbmdhYmUlMjklM0MlMkZwJTNF[\/vc_raw_html][\/vc_column_inner][\/vc_row_inner][vc_column_text]\n<h2>Mannschaften<\/h2>\n<table>\n<tbody>\n<tr>\n<th>Bef\u00f6rderung zum\u2026<\/th>\n<th>Wehrdienstdauer im bisherigen Dienstgrad<\/th>\n<th>Zeit seit Eintritt in die Bundeswehr<\/th>\n<\/tr>\n<tr>\n<td>Gefreiten d.R.<\/td>\n<td>6 Tage<\/td>\n<td>3 Monate<\/td>\n<\/tr>\n<tr>\n<td>Obergefreiten d.R.<\/td>\n<td>6 Tage<\/td>\n<td>6 Monate<\/td>\n<\/tr>\n<tr>\n<td>Hauptgefreiten d.R.<\/td>\n<td>12 Tage<\/td>\n<td>1 Jahr<\/td>\n<\/tr>\n<tr>\n<td>Stabsgefreiten d.R.<\/td>\n<td>24 Tage<\/td>\n<td>3 Jahre<sup>1<\/sup><\/td>\n<\/tr>\n<tr>\n<td>Oberstabsgefreiten d.R.<\/td>\n<td>24 Tage<\/td>\n<td>4 Jahre<sup>1<\/sup><\/td>\n<\/tr>\n<tr>\n<td>Korporal d.R.<\/td>\n<td>60 Tage<sup>2<\/sup><\/td>\n<td>7 Jahre<\/td>\n<\/tr>\n<tr>\n<td>Stabskorporal d.R.<\/td>\n<td>42 Tage<\/td>\n<td>10 Jahre<sup>1<\/sup><\/td>\n<\/tr>\n<\/tbody>\n<\/table>\n<p><sup>1<\/sup> Davon mindestens ein Jahr im vorherigen Dienstgrad.<br \/>\n<sup>2<\/sup> Davon 24 Tage in h\u00f6her bewerteter Verwendung.[\/vc_column_text][vc_message message_box_style=&#8220;solid&#8220; message_box_color=&#8220;green&#8220; icon_fontawesome=&#8220;far fa-lightbulb&#8220;]<strong>Mein Tipp<\/strong><br \/>\nDeine Ausbildung steht bald an oder ist schon etwas l\u00e4nger her? Dann empfehle ich dir dieses kleine, aber praktische Tool um <a href=\"https:\/\/ungedient.de\/blog\/wissen\/dienstgrade-lernen\/\" target=\"_blank\" rel=\"noopener\">jetzt die Dienstgrade zu \u00fcben<\/a>![\/vc_message][vc_column_text css=&#8220;&#8220;]\n<h2>Fachunteroffiziere<\/h2>\n<table>\n<tbody>\n<tr>\n<th>Bef\u00f6rderung zum\u2026<\/th>\n<th>Wehrdienstdauer im bisherigen Dienstgrad<\/th>\n<th>Zeit seit Eintritt in die Bundeswehr<\/th>\n<\/tr>\n<tr>\n<td>Gefreiten d.R. RUA<\/td>\n<td>12 Tage<\/td>\n<td>3 Monate<\/td>\n<\/tr>\n<tr>\n<td>Obergefreiten d.R. RUA<\/td>\n<td>12 Tage<\/td>\n<td>6 Monate<\/td>\n<\/tr>\n<tr>\n<td>Unteroffizier d.R.<\/td>\n<td>12 Tage<\/td>\n<td>1 Jahr<\/td>\n<\/tr>\n<tr>\n<td>Stabsunteroffizier d.R.<\/td>\n<td>12 Tage<\/td>\n<td>2 Jahre<\/td>\n<\/tr>\n<\/tbody>\n<\/table>\n<hr \/>\n<h2>Feldwebel<\/h2>\n<table>\n<tbody>\n<tr>\n<th>Bef\u00f6rderung zum\u2026<\/th>\n<th>Wehrdienstdauer im bisherigen Dienstgrad<\/th>\n<th>Zeit seit Eintritt in die Bundeswehr<\/th>\n<\/tr>\n<tr>\n<td>Gefreiten d.R. RFA<\/td>\n<td>12 Tage<\/td>\n<td>3 Monate<\/td>\n<\/tr>\n<tr>\n<td>Obergefreiten d.R. RFA<\/td>\n<td>12 Tage<\/td>\n<td>6 Monate<\/td>\n<\/tr>\n<tr>\n<td>Unteroffizier d.R. RFA<\/td>\n<td>12 Tage<\/td>\n<td>1 Jahr<\/td>\n<\/tr>\n<tr>\n<td>Stabsunteroffizier d.R. RFA<\/td>\n<td>12 Tage<\/td>\n<td>2 Jahre<\/td>\n<\/tr>\n<tr>\n<td>Feldwebel d.R.<\/td>\n<td>30 Tage<\/td>\n<td>3 Jahre<\/td>\n<\/tr>\n<tr>\n<td>Oberfeldwebel d.R.<\/td>\n<td>24 Tage<\/td>\n<td>5 Jahre (2 seit Fw d.R.)<\/td>\n<\/tr>\n<tr>\n<td>Hauptfeldwebel d.R.<\/td>\n<td>36 Tage<\/td>\n<td>8 Jahre (5 seit Fw d.R.)<\/td>\n<\/tr>\n<tr>\n<td>Stabsfeldwebel d.R.<\/td>\n<td>60 Tage<\/td>\n<td>16 Jahre seit Fw d.R.<\/td>\n<\/tr>\n<tr>\n<td>Oberstabsfeldwebel d.R.<\/td>\n<td>72 Tage<\/td>\n<td>19 Jahre seit Fw d.R.<\/td>\n<\/tr>\n<\/tbody>\n<\/table>\n[\/vc_column_text][vc_message message_box_style=&#8220;solid&#8220; message_box_color=&#8220;green&#8220; icon_fontawesome=&#8220;far fa-lightbulb&#8220; css=&#8220;&#8220;]<strong>Mein Tipp<\/strong><br \/>\nAuch der Einstieg als Reservefeldwebel- bzw. Reserveoffizieranw\u00e4rter ist m\u00f6glich. Allerdings setzt dies einen gewissen Bedarf der Bundeswehr voraus &#8211; und dieser h\u00e4ngt in der Regel von deinen zivilen Qualifikationen und den freien Stellen ab. Erfahre mehr zum <a href=\"https:\/\/ungedient.de\/blog\/musterung\/assessment-roa-erfahrungsbericht\/\" target=\"_blank\" rel=\"noopener\">ROA-Assessment<\/a> bzw. dem <a href=\"https:\/\/ungedient.de\/blog\/bewerbung\/einstieg-auf-hoeherem-dienstgrad\/\" target=\"_blank\" rel=\"noopener\">Einstieg mit h\u00f6hrerem Dienstgrad<\/a>. Meine Empfehlung: Schau&#8216; dir das ganze erst einmal an![\/vc_message][vc_column_text css=&#8220;&#8220;]\n<h2>Reserveoffizier<\/h2>\n<table>\n<tbody>\n<tr>\n<th>Bef\u00f6rderung zum\u2026<\/th>\n<th>Wehrdienstdauer im bisherigen Dienstgrad<\/th>\n<th>Zeit seit Eintritt in die Bundeswehr<\/th>\n<\/tr>\n<tr>\n<td>Gefreiten d.R. ROA<\/td>\n<td>24 Tage<\/td>\n<td>3 Monate<\/td>\n<\/tr>\n<tr>\n<td>Obergefreiten d.R. ROA<\/td>\n<td>24 Tage<\/td>\n<td>6 Monate<\/td>\n<\/tr>\n<tr>\n<td>Fahnenjunker d.R. ROA<\/td>\n<td>24 Tage<\/td>\n<td>12 Monate<\/td>\n<\/tr>\n<tr>\n<td>F\u00e4hnrich d.R. ROA<\/td>\n<td>24 Tage<\/td>\n<td>21 Monate<\/td>\n<\/tr>\n<tr>\n<td>Leutnant d.R.<\/td>\n<td>24 Tage<\/td>\n<td>3 Jahre<\/td>\n<\/tr>\n<\/tbody>\n<\/table>\n[\/vc_column_text][vc_message message_box_style=&#8220;solid&#8220; message_box_color=&#8220;green&#8220; icon_fontawesome=&#8220;far fa-lightbulb&#8220; css=&#8220;&#8220;]<strong>Quellen<\/strong><br \/>\nDiese Bef\u00f6rderungen und weitere Informationen k\u00f6nnen \u00fcber das <a href=\"https:\/\/blexi.org\/\" target=\"_blank\" rel=\"noopener\">BLexi<\/a> abgerufen werden. In der App sind auch zus\u00e4tzliche Details enthalten z.B. f\u00fcr den fliegerischen Dienst, Offiziere im Truppen-, Sanit\u00e4ts- bzw. des milit\u00e4rfachlichen Dienstes. (Alle Angaben ohne Gew\u00e4hr.) Weiterf\u00fchrende, offizielle Informationen k\u00f6nnen in der <a href=\"https:\/\/www.gesetze-im-internet.de\/slv_2021\/BJNR122810021.html\">Verordnung \u00fcber die Laufbahnen der Soldatinnen und Soldaten (Soldatenlaufbahnverordnung &#8211; SLV)<\/a> nachgeschlagen werden. Ansonsten in der <a href=\"https:\/\/fragdenstaat.de\/anfrage\/zentralrichtlinie-a-1340-49\/1066204\/anhang\/a-1340-49-v3-2-h-250929.pdf\" target=\"_blank\" rel=\"noopener\">Vorschrift A-1340\/49 (offen)<\/a>.[\/vc_message][\/vc_column][\/vc_row][vc_row color=&#8220;&#8220; message_box_style=&#8220;solid&#8220; style=&#8220;rounded&#8220; message_box_color=&#8220;grey&#8220; icon_type=&#8220;fontawesome&#8220; icon_fontawesome=&#8220;fas fa-image&#8220; icon_monosocial=&#8220;vc-mono vc-mono-fivehundredpx&#8220; icon_openiconic=&#8220;&#8220; icon_typicons=&#8220;&#8220; icon_entypo=&#8220;&#8220; icon_linecons=&#8220;&#8220; icon_pixelicons=&#8220;&#8220;][vc_column][vc_message message_box_style=&#8220;solid&#8220; message_box_color=&#8220;grey&#8220; icon_fontawesome=&#8220;fas fa-image&#8220;]<strong>Titelbild<\/strong><br \/>\n\u00a9 Bundeswehr\/Christian Zielonka[\/vc_message][vc_raw_js]JTIwJTIwJTIwJTIwJTNDc2NyaXB0JTNFJTBBJTIwJTIwJTIwJTIwZG9jdW1lbnQuZ2V0RWxlbWVudEJ5SWQlMjglMjJwYXN0RGF0ZSUyMiUyOS5tYXglMjAlM0QlMjBuZXclMjBEYXRlJTI4JTI5LnRvSVNPU3RyaW5nJTI4JTI5LnNwbGl0JTI4JTIyVCUyMiUyOSU1QjAlNUQlM0IlMEElMEElMjAlMjAlMjAlMjBkb2N1bWVudC5nZXRFbGVtZW50QnlJZCUyOCUyMnBhc3REYXRlJTIyJTI5LmFkZEV2ZW50TGlzdGVuZXIlMjglMjdjaGFuZ2UlMjclMkMlMjBjYWxjdWxhdGVEaWZmZXJlbmNlJTI5JTNCJTBBJTBBJTIwJTIwJTIwJTIwZG9jdW1lbnQuYWRkRXZlbnRMaXN0ZW5lciUyOCUyN0RPTUNvbnRlbnRMb2FkZWQlMjclMkMlMjBjYWxjdWxhdGVEaWZmZXJlbmNlJTI5JTNCJTBBJTBBJTIwJTIwJTIwJTIwJTIwJTIwJTIwJTIwZnVuY3Rpb24lMjBjYWxjdWxhdGVEaWZmZXJlbmNlJTI4JTI5JTIwJTdCJTBBJTIwJTIwJTIwJTIwJTIwJTIwJTIwJTIwJTIwJTIwJTIwJTIwY29uc3QlMjBwYXN0RGF0ZSUyMCUzRCUyMG5ldyUyMERhdGUlMjhkb2N1bWVudC5nZXRFbGVtZW50QnlJZCUyOCUyMnBhc3REYXRlJTIyJTI5LnZhbHVlJTI5JTNCJTBBJTIwJTIwJTIwJTIwJTIwJTIwJTIwJTIwJTIwJTIwJTIwJTIwY29uc3QlMjBjdXJyZW50RGF0ZSUyMCUzRCUyMG5ldyUyMERhdGUlMjglMjklM0IlMEElMjAlMjAlMjAlMjAlMjAlMjAlMjAlMjAlMjAlMjAlMjAlMjAlMEElMjAlMjAlMjAlMjAlMjAlMjAlMjAlMjAlMjAlMjAlMjAlMjBpZiUyMCUyOHBhc3REYXRlJTIwJTNFJTIwY3VycmVudERhdGUlMjklMjAlN0IlMEElMjAlMjAlMjAlMjAlMjAlMjAlMjAlMjAlMjAlMjAlMjAlMjAlMjAlMjAlMjAlMjBkb2N1bWVudC5nZXRFbGVtZW50QnlJZCUyOCUyMnJlc3VsdCUyMiUyOS50ZXh0Q29udGVudCUyMCUzRCUyMCUyMkRhcyUyMERhdHVtJTIwbXVzcyUyMGluJTIwZGVyJTIwVmVyZ2FuZ2VuaGVpdCUyMGxpZWdlbi4lMjIlM0IlMEElMjAlMjAlMjAlMjAlMjAlMjAlMjAlMjAlMjAlMjAlMjAlMjAlMjAlMjAlMjAlMjByZXR1cm4lM0IlMEElMjAlMjAlMjAlMjAlMjAlMjAlMjAlMjAlMjAlMjAlMjAlMjAlN0QlMEElMEElMjAlMjAlMjAlMjAlMjAlMjAlMjAlMjAlMjAlMjAlMjAlMjBsZXQlMjBkaWZmWWVhcnMlMjAlM0QlMjBjdXJyZW50RGF0ZS5nZXRGdWxsWWVhciUyOCUyOSUyMC0lMjBwYXN0RGF0ZS5nZXRGdWxsWWVhciUyOCUyOSUzQiUwQSUyMCUyMCUyMCUyMCUyMCUyMCUyMCUyMCUyMCUyMCUyMCUyMGxldCUyMGRpZmZNb250aHMlMjAlM0QlMjBjdXJyZW50RGF0ZS5nZXRNb250aCUyOCUyOSUyMC0lMjBwYXN0RGF0ZS5nZXRNb250aCUyOCUyOSUzQiUwQSUyMCUyMCUyMCUyMCUyMCUyMCUyMCUyMCUyMCUyMCUyMCUyMGxldCUyMGRpZmZEYXlzJTIwJTNEJTIwY3VycmVudERhdGUuZ2V0RGF0ZSUyOCUyOSUyMC0lMjBwYXN0RGF0ZS5nZXREYXRlJTI4JTI5JTNCJTBBJTBBJTIwJTIwJTIwJTIwJTIwJTIwJTIwJTIwJTIwJTIwJTIwJTIwJTJGJTJGJTIwV2VubiUyMGRpZSUyMFRhZ2UlMjBuZWdhdGl2JTIwc2luZCUyQyUyMGxlaWhlbiUyMHdpciUyMHVucyUyMFRhZ2UlMjB2b20lMjBsZXR6dGVuJTIwTW9uYXQlMEElMjAlMjAlMjAlMjAlMjAlMjAlMjAlMjAlMjAlMjAlMjAlMjBpZiUyMCUyOGRpZmZEYXlzJTIwJTNDJTIwMCUyOSUyMCU3QiUwQSUyMCUyMCUyMCUyMCUyMCUyMCUyMCUyMCUyMCUyMCUyMCUyMCUyMCUyMCUyMCUyMGRpZmZNb250aHMtLSUzQiUwQSUyMCUyMCUyMCUyMCUyMCUyMCUyMCUyMCUyMCUyMCUyMCUyMCUyMCUyMCUyMCUyMGNvbnN0JTIwcHJldmlvdXNNb250aCUyMCUzRCUyMG5ldyUyMERhdGUlMjhjdXJyZW50RGF0ZS5nZXRGdWxsWWVhciUyOCUyOSUyQyUyMGN1cnJlbnREYXRlLmdldE1vbnRoJTI4JTI5JTJDJTIwMCUyOSUzQiUwQSUyMCUyMCUyMCUyMCUyMCUyMCUyMCUyMCUyMCUyMCUyMCUyMCUyMCUyMCUyMCUyMGRpZmZEYXlzJTIwJTJCJTNEJTIwcHJldmlvdXNNb250aC5nZXREYXRlJTI4JTI5JTNCJTBBJTIwJTIwJTIwJTIwJTIwJTIwJTIwJTIwJTIwJTIwJTIwJTIwJTdEJTBBJTBBJTIwJTIwJTIwJTIwJTIwJTIwJTIwJTIwJTIwJTIwJTIwJTIwJTJGJTJGJTIwV2VubiUyMGRpZSUyME1vbmF0ZSUyMG5lZ2F0aXYlMjBzaW5kJTJDJTIwbGVpaGVuJTIwd2lyJTIwdW5zJTIwTW9uYXRlJTIwdm9tJTIwbGV0enRlbiUyMEphaHIlMEElMjAlMjAlMjAlMjAlMjAlMjAlMjAlMjAlMjAlMjAlMjAlMjBpZiUyMCUyOGRpZmZNb250aHMlMjAlM0MlMjAwJTI5JTIwJTdCJTBBJTIwJTIwJTIwJTIwJTIwJTIwJTIwJTIwJTIwJTIwJTIwJTIwJTIwJTIwJTIwJTIwZGlmZk1vbnRocyUyMCUyQiUzRCUyMDEyJTNCJTBBJTIwJTIwJTIwJTIwJTIwJTIwJTIwJTIwJTIwJTIwJTIwJTIwJTIwJTIwJTIwJTIwZGlmZlllYXJzLS0lM0IlMEElMjAlMjAlMjAlMjAlMjAlMjAlMjAlMjAlMjAlMjAlMjAlMjAlN0QlMEElMEElMjAlMjAlMjAlMjAlMjAlMjAlMjAlMjAlMjAlMjAlMjAlMjBjb25zdCUyMHllYXJUZXh0JTIwJTNEJTIwZGlmZlllYXJzJTIwJTNEJTNEJTNEJTIwMSUyMCUzRiUyMCUyMjElMjBKYWhyJTIyJTIwJTNBJTIwJTYwJTI0JTdCZGlmZlllYXJzJTdEJTIwSmFocmUlNjAlM0IlMEElMjAlMjAlMjAlMjAlMjAlMjAlMjAlMjAlMjAlMjAlMjAlMjBjb25zdCUyMG1vbnRoVGV4dCUyMCUzRCUyMGRpZmZNb250aHMlMjAlM0QlM0QlM0QlMjAxJTIwJTNGJTIwJTIyMSUyME1vbmF0JTIyJTIwJTNBJTIwJTYwJTI0JTdCZGlmZk1vbnRocyU3RCUyME1vbmF0ZSU2MCUzQiUwQSUyMCUyMCUyMCUyMCUyMCUyMCUyMCUyMCUyMCUyMCUyMCUyMGNvbnN0JTIwZGF5VGV4dCUyMCUzRCUyMGRpZmZEYXlzJTIwJTNEJTNEJTNEJTIwMSUyMCUzRiUyMCUyMjElMjBUYWclMjIlMjAlM0ElMjAlNjAlMjQlN0JkaWZmRGF5cyU3RCUyMFRhZ2UlNjAlM0IlMEElMEElMjAlMjAlMjAlMjAlMjAlMjAlMjAlMjAlMjAlMjAlMjAlMjBkb2N1bWVudC5nZXRFbGVtZW50QnlJZCUyOCUyMnJlc3VsdCUyMiUyOS50ZXh0Q29udGVudCUyMCUzRCUyMCUwQSUyMCUyMCUyMCUyMCUyMCUyMCUyMCUyMCUyMCUyMCUyMCUyMCUyMCUyMCUyMCUyMCU2MCUyNCU3QnllYXJUZXh0JTdEJTJDJTIwJTI0JTdCbW9udGhUZXh0JTdEJTIwdW5kJTIwJTI0JTdCZGF5VGV4dCU3RCU2MCUzQiUwQSUyMCUyMCUyMCUyMCUyMCUyMCUyMCUyMCU3RCUwQSUyMCUyMCUyMCUyMCUzQyUyRnNjcmlwdCUzRQ==[\/vc_raw_js][\/vc_column][\/vc_row]\n\r\n\t\t\t<div id=\"daexthefu-container\"\r\n\t\t\t\tclass=\"daexthefu-container daexthefu-layout-stacked daexthefu-alignment-center\"\r\n\t\t\t\tdata-post-id=\"1969\">\r\n\r\n\t\t\t\t<div class=\"daexthefu-feedback\">\r\n\t\t\t\t\t<div class=\"daexthefu-text\">\r\n\t\t\t\t\t\t<h3 class=\"daexthefu-title\">War dieser Artikel f\u00fcr dich hilfreich?<\/h3>\r\n\t\t\t\t\t<\/div>\r\n\t\t\t\t\t<div class=\"daexthefu-buttons-container\">\r\n\t\t\t\t\t\t<div class=\"daexthefu-buttons\">\r\n\t\t\t\t\t\t\t\r\n\t\t\t<div class=\"daexthefu-yes daexthefu-button daexthefu-button-type-icon\" data-value=\"1\">\r\n\t\t\t\t\r\n                <svg>\r\n                    <defs>\r\n                        <style>.thumb-up-cls-1{fill:#c9c9c9;}.thumb-up-cls-2{fill:#e1e1e1;}.thumb-up-cls-3{fill:#676767;}<\/style>\r\n                    <\/defs>\r\n                    <g id=\"thumb_up\">\r\n                        <path class=\"thumb-up-cls-2 daexthefu-icon-circle\" d=\"m24,3c11.58,0,21,9.42,21,21s-9.42,21-21,21S3,35.58,3,24,12.42,3,24,3m0-1C11.85,2,2,11.85,2,24s9.85,22,22,22,22-9.85,22-22S36.15,2,24,2h0Z\" \/>\r\n                        <g>\r\n                            <rect class=\"thumb-up-cls-3 daexthefu-icon-secondary-color\" x=\"10\" y=\"20\" width=\"6\" height=\"15\" rx=\"1.5\" ry=\"1.5\" \/>\r\n                            <path class=\"thumb-up-cls-1 daexthefu-icon-primary-color\" d=\"m30.57,9.06l-.49-.1c-.81-.17-1.61.35-1.78,1.16l-5.3,11.74c-.17.81,3.16,1.61,3.97,1.78l1.96.41c.81.17,1.61-.35,1.78-1.16l2.18-10.27c.34-1.61-.7-3.21-2.31-3.56Z\" \/>\r\n                            <path class=\"thumb-up-cls-1 daexthefu-icon-primary-color\" d=\"m38.17,20h-18.67c-.83,0-1.5.67-1.5,1.5v12c0,.83.67,1.5,1.5,1.5h16.27c.71,0,1.33-.5,1.47-1.21l2.4-12c.19-.93-.53-1.8-1.47-1.8Z\" \/>\r\n                        <\/g>\r\n                    <\/g>\r\n                <\/svg>\t\t\t<\/div>\r\n\r\n\t\t\t\t\t\t\t\t\t\t\r\n\t\t\t<div class=\"daexthefu-no daexthefu-button daexthefu-button-type-icon\" data-value=\"0\">\r\n\t\t\t\t\r\n                <svg>\r\n                    <defs>\r\n                        <style>.thumb-down-cls-1{fill:#c9c9c9;}.thumb-down-cls-2{fill:#e1e1e1;}.thumb-down-cls-3{fill:#676767;}<\/style>\r\n                    <\/defs>\r\n                    <g id=\"thumb_down\">\r\n                        <path class=\"thumb-down-cls-2 daexthefu-icon-circle\" d=\"m24,3c11.58,0,21,9.42,21,21s-9.42,21-21,21S3,35.58,3,24,12.42,3,24,3m0-1C11.85,2,2,11.85,2,24s9.85,22,22,22,22-9.85,22-22S36.15,2,24,2h0Z\" \/>\r\n                        <g>\r\n                            <rect class=\"thumb-down-cls-3 daexthefu-icon-secondary-color\" x=\"10\" y=\"13\" width=\"6\" height=\"15\" rx=\"1.5\" ry=\"1.5\" \/>\r\n                            <path class=\"thumb-down-cls-1 daexthefu-icon-primary-color\" d=\"m30.57,38.94l-.49.1c-.81.17-1.61-.35-1.78-1.16l-5.3-11.74c-.17-.81,3.16-1.61,3.97-1.78l1.96-.41c.81-.17,1.61.35,1.78,1.16l2.18,10.27c.34,1.61-.7,3.21-2.31,3.56Z\" \/>\r\n                            <path class=\"thumb-down-cls-1 daexthefu-icon-primary-color\" d=\"m38.17,28h-18.67c-.83,0-1.5-.67-1.5-1.5v-12c0-.83.67-1.5,1.5-1.5h16.27c.71,0,1.33.5,1.47,1.21l2.4,12c.19.93-.53,1.8-1.47,1.8Z\" \/>\r\n                        <\/g>\r\n                    <\/g>\r\n                <\/svg>\t\t\t<\/div>\r\n\r\n\t\t\t\t\t\t\t\t\t<\/div>\r\n\t\t\t\t\t<\/div>\r\n\t\t\t\t<\/div>\r\n\r\n\t\t\t\t<div class=\"daexthefu-comment\">\r\n\t\t\t\t\t<div class=\"daexthefu-comment-top-container\">\r\n\t\t\t\t\t\t<label id=\"daexthefu-comment-label\" class=\"daexthefu-comment-label\"><\/label>\r\n\t\t\t\t\t\t\t\t\t\t\t\t\t<div class=\"daexthefu-comment-character-counter-container\">\r\n\t\t\t\t\t\t\t\t<div id=\"daexthefu-comment-character-counter-number\"\r\n\t\t\t\t\t\t\t\t\tclass=\"daexthefu-comment-character-counter-number\"><\/div>\r\n\t\t\t\t\t\t\t\t<div class=\"daexthefu-comment-character-counter-text\"><\/div>\r\n\t\t\t\t\t\t\t<\/div>\r\n\t\t\t\t\t\t\t\t\t\t\t<\/div>\r\n\t\t\t\t\t<textarea id=\"daexthefu-comment-textarea\" class=\"daexthefu-comment-textarea\"\r\n\t\t\t\t\t\t\t\tplaceholder=\"Dein Feedback\u2026\"\r\n\t\t\t\t\t\t\t\tmaxlength=\"\r\n\t\t\t\t\t\t\t\t500\t\t\t\t\t\t\t\t\t\"><\/textarea>\r\n\t\t\t\t\t<div class=\"daexthefu-comment-buttons-container\">\r\n\t\t\t\t\t\t<button class=\"daexthefu-comment-submit daexthefu-button\">senden<\/button>\r\n\t\t\t\t\t\t<button class=\"daexthefu-comment-cancel daexthefu-button\">abbrechen<\/button>\r\n\t\t\t\t\t<\/div>\r\n\t\t\t\t<\/div>\r\n\r\n\t\t\t\t<div class=\"daexthefu-successful-submission-text\">Vielen Dank!<\/div>\r\n\r\n\t\t\t<\/div>\r\n\r\n\t\t\t<\/div>","protected":false},"excerpt":{"rendered":"<p>Ohne Beorderung keine Bef\u00f6rderung. Erfahre in dieser \u00dcbersicht wie lange es bis zur n\u00e4chsten Bef\u00f6rderung dauert.<\/p>\n","protected":false},"author":1,"featured_media":1973,"comment_status":"open","ping_status":"open","sticky":false,"template":"","format":"status","meta":{"_helpful_status":1,"inline_featured_image":false,"footnotes":""},"categories":[20],"tags":[65,66,67,189,190,191,192,193],"class_list":["post-1969","post","type-post","status-publish","format-status","has-post-thumbnail","hentry","category-reserve","tag-roa","tag-offizier","tag-feldwebel","tag-mannschaften","tag-dienstgrad","tag-reserveoffizier","tag-gefreiter","tag-unteroffizier","post_format-post-format-status"],"acf":[],"yoast_head":"<!-- This site is optimized with the Yoast SEO plugin v27.5 - https:\/\/yoast.com\/product\/yoast-seo-wordpress\/ -->\n<title>Bef\u00f6rderungen (d.R.) &#8226; UNgedient.<\/title>\n<meta name=\"robots\" content=\"index, follow, max-snippet:-1, max-image-preview:large, max-video-preview:-1\" \/>\n<link rel=\"canonical\" href=\"https:\/\/ungedient.de\/blog\/reserve\/befoerderungen\/\" \/>\n<meta property=\"og:locale\" content=\"de_DE\" \/>\n<meta property=\"og:type\" content=\"article\" \/>\n<meta property=\"og:title\" content=\"Bef\u00f6rderungen (d.R.) &#8226; UNgedient.\" \/>\n<meta property=\"og:description\" content=\"Ohne Beorderung keine Bef\u00f6rderung. Erfahre in dieser \u00dcbersicht wie lange es bis zur n\u00e4chsten Bef\u00f6rderung dauert.\" \/>\n<meta property=\"og:url\" content=\"https:\/\/ungedient.de\/blog\/reserve\/befoerderungen\/\" \/>\n<meta property=\"og:site_name\" content=\"UNgedient.\" \/>\n<meta property=\"article:publisher\" content=\"https:\/\/www.facebook.com\/fuchs52y\" \/>\n<meta property=\"article:author\" content=\"https:\/\/facebook.com\/fuchs52y\" \/>\n<meta property=\"article:published_time\" content=\"2023-04-20T22:08:12+00:00\" \/>\n<meta property=\"article:modified_time\" content=\"2026-01-13T15:25:51+00:00\" \/>\n<meta property=\"og:image\" content=\"https:\/\/ungedient.de\/blog\/wp-content\/uploads\/2023\/05\/resx.jpg\" \/>\n\t<meta property=\"og:image:width\" content=\"950\" \/>\n\t<meta property=\"og:image:height\" content=\"500\" \/>\n\t<meta property=\"og:image:type\" content=\"image\/jpeg\" \/>\n<meta name=\"author\" content=\"Daniel\" \/>\n<meta name=\"twitter:card\" content=\"summary_large_image\" \/>\n<meta name=\"twitter:label1\" content=\"Verfasst von\" \/>\n\t<meta name=\"twitter:data1\" content=\"Daniel\" \/>\n\t<meta name=\"twitter:label2\" content=\"Gesch\u00e4tzte Lesezeit\" \/>\n\t<meta name=\"twitter:data2\" content=\"4\u00a0Minuten\" \/>\n<script type=\"application\/ld+json\" class=\"yoast-schema-graph\">{\"@context\":\"https:\\\/\\\/schema.org\",\"@graph\":[{\"@type\":\"Article\",\"@id\":\"https:\\\/\\\/ungedient.de\\\/blog\\\/reserve\\\/befoerderungen\\\/#article\",\"isPartOf\":{\"@id\":\"https:\\\/\\\/ungedient.de\\\/blog\\\/reserve\\\/befoerderungen\\\/\"},\"author\":{\"name\":\"Daniel\",\"@id\":\"https:\\\/\\\/ungedient.de\\\/blog\\\/#\\\/schema\\\/person\\\/1648f47e5e180daeaa9f15f2dd485bf5\"},\"headline\":\"Bef\u00f6rderungen (d.R.)\",\"datePublished\":\"2023-04-20T22:08:12+00:00\",\"dateModified\":\"2026-01-13T15:25:51+00:00\",\"mainEntityOfPage\":{\"@id\":\"https:\\\/\\\/ungedient.de\\\/blog\\\/reserve\\\/befoerderungen\\\/\"},\"wordCount\":984,\"commentCount\":72,\"publisher\":{\"@id\":\"https:\\\/\\\/ungedient.de\\\/blog\\\/#organization\"},\"image\":{\"@id\":\"https:\\\/\\\/ungedient.de\\\/blog\\\/reserve\\\/befoerderungen\\\/#primaryimage\"},\"thumbnailUrl\":\"https:\\\/\\\/ungedient.de\\\/blog\\\/wp-content\\\/uploads\\\/2023\\\/05\\\/resx.jpg\",\"keywords\":[\"roa\",\"offizier\",\"feldwebel\",\"mannschaften\",\"dienstgrad\",\"reserveoffizier\",\"gefreiter\",\"unteroffizier\"],\"articleSection\":[\"Reserve\"],\"inLanguage\":\"de\",\"potentialAction\":[{\"@type\":\"CommentAction\",\"name\":\"Comment\",\"target\":[\"https:\\\/\\\/ungedient.de\\\/blog\\\/reserve\\\/befoerderungen\\\/#respond\"]}]},{\"@type\":\"WebPage\",\"@id\":\"https:\\\/\\\/ungedient.de\\\/blog\\\/reserve\\\/befoerderungen\\\/\",\"url\":\"https:\\\/\\\/ungedient.de\\\/blog\\\/reserve\\\/befoerderungen\\\/\",\"name\":\"Bef\u00f6rderungen (d.R.) &#8226; UNgedient.\",\"isPartOf\":{\"@id\":\"https:\\\/\\\/ungedient.de\\\/blog\\\/#website\"},\"primaryImageOfPage\":{\"@id\":\"https:\\\/\\\/ungedient.de\\\/blog\\\/reserve\\\/befoerderungen\\\/#primaryimage\"},\"image\":{\"@id\":\"https:\\\/\\\/ungedient.de\\\/blog\\\/reserve\\\/befoerderungen\\\/#primaryimage\"},\"thumbnailUrl\":\"https:\\\/\\\/ungedient.de\\\/blog\\\/wp-content\\\/uploads\\\/2023\\\/05\\\/resx.jpg\",\"datePublished\":\"2023-04-20T22:08:12+00:00\",\"dateModified\":\"2026-01-13T15:25:51+00:00\",\"breadcrumb\":{\"@id\":\"https:\\\/\\\/ungedient.de\\\/blog\\\/reserve\\\/befoerderungen\\\/#breadcrumb\"},\"inLanguage\":\"de\",\"potentialAction\":[{\"@type\":\"ReadAction\",\"target\":[\"https:\\\/\\\/ungedient.de\\\/blog\\\/reserve\\\/befoerderungen\\\/\"]}]},{\"@type\":\"ImageObject\",\"inLanguage\":\"de\",\"@id\":\"https:\\\/\\\/ungedient.de\\\/blog\\\/reserve\\\/befoerderungen\\\/#primaryimage\",\"url\":\"https:\\\/\\\/ungedient.de\\\/blog\\\/wp-content\\\/uploads\\\/2023\\\/05\\\/resx.jpg\",\"contentUrl\":\"https:\\\/\\\/ungedient.de\\\/blog\\\/wp-content\\\/uploads\\\/2023\\\/05\\\/resx.jpg\",\"width\":950,\"height\":500},{\"@type\":\"BreadcrumbList\",\"@id\":\"https:\\\/\\\/ungedient.de\\\/blog\\\/reserve\\\/befoerderungen\\\/#breadcrumb\",\"itemListElement\":[{\"@type\":\"ListItem\",\"position\":1,\"name\":\"Startseite\",\"item\":\"https:\\\/\\\/ungedient.de\\\/blog\\\/\"},{\"@type\":\"ListItem\",\"position\":2,\"name\":\"Reserve\",\"item\":\"https:\\\/\\\/ungedient.de\\\/blog\\\/thema\\\/reserve\\\/\"},{\"@type\":\"ListItem\",\"position\":3,\"name\":\"Bef\u00f6rderungen (d.R.)\"}]},{\"@type\":\"WebSite\",\"@id\":\"https:\\\/\\\/ungedient.de\\\/blog\\\/#website\",\"url\":\"https:\\\/\\\/ungedient.de\\\/blog\\\/\",\"name\":\"UNgedient. Vom Ungedienten zur Bundeswehr.\",\"description\":\"Dein Weg in die Reserve der Bundeswehr\",\"publisher\":{\"@id\":\"https:\\\/\\\/ungedient.de\\\/blog\\\/#organization\"},\"alternateName\":\"Ausbildung f\u00fcr Ungediente\",\"potentialAction\":[{\"@type\":\"SearchAction\",\"target\":{\"@type\":\"EntryPoint\",\"urlTemplate\":\"https:\\\/\\\/ungedient.de\\\/blog\\\/?s={search_term_string}\"},\"query-input\":{\"@type\":\"PropertyValueSpecification\",\"valueRequired\":true,\"valueName\":\"search_term_string\"}}],\"inLanguage\":\"de\"},{\"@type\":\"Organization\",\"@id\":\"https:\\\/\\\/ungedient.de\\\/blog\\\/#organization\",\"name\":\"UNgedient. Vom Ungedienten zur Bundeswehr.\",\"alternateName\":\"Ausbildung Ungedienter zum Reservisten der Bundeswehr\",\"url\":\"https:\\\/\\\/ungedient.de\\\/blog\\\/\",\"logo\":{\"@type\":\"ImageObject\",\"inLanguage\":\"de\",\"@id\":\"https:\\\/\\\/ungedient.de\\\/blog\\\/#\\\/schema\\\/logo\\\/image\\\/\",\"url\":\"https:\\\/\\\/ungedient.de\\\/blog\\\/wp-content\\\/uploads\\\/2023\\\/03\\\/ungedient-favicon.jpg\",\"contentUrl\":\"https:\\\/\\\/ungedient.de\\\/blog\\\/wp-content\\\/uploads\\\/2023\\\/03\\\/ungedient-favicon.jpg\",\"width\":520,\"height\":520,\"caption\":\"UNgedient. Vom Ungedienten zur Bundeswehr.\"},\"image\":{\"@id\":\"https:\\\/\\\/ungedient.de\\\/blog\\\/#\\\/schema\\\/logo\\\/image\\\/\"},\"sameAs\":[\"https:\\\/\\\/www.facebook.com\\\/fuchs52y\"]},{\"@type\":\"Person\",\"@id\":\"https:\\\/\\\/ungedient.de\\\/blog\\\/#\\\/schema\\\/person\\\/1648f47e5e180daeaa9f15f2dd485bf5\",\"name\":\"Daniel\",\"image\":{\"@type\":\"ImageObject\",\"inLanguage\":\"de\",\"@id\":\"https:\\\/\\\/secure.gravatar.com\\\/avatar\\\/ef3cfcfe1a934ab692f6ac8a025998218be6f7edf0973bf6f01a1c8634236232?s=96&d=mm&r=g\",\"url\":\"https:\\\/\\\/secure.gravatar.com\\\/avatar\\\/ef3cfcfe1a934ab692f6ac8a025998218be6f7edf0973bf6f01a1c8634236232?s=96&d=mm&r=g\",\"contentUrl\":\"https:\\\/\\\/secure.gravatar.com\\\/avatar\\\/ef3cfcfe1a934ab692f6ac8a025998218be6f7edf0973bf6f01a1c8634236232?s=96&d=mm&r=g\",\"caption\":\"Daniel\"},\"description\":\"Daniel absolvierte die Ausbildung f\u00fcr Ungediente 2023 in Rheinland-Pfalz und ist mittlerweile in der 5.\\\/HSchRgt 3 beordert. Er arbeitete als Reservistendienstleistender in einer Projektgruppe des Territorialen F\u00fchrungskommandos der Bundeswehr und engagiert sich als einer von zwei Beauftragten der Landesgruppe Baden-W\u00fcrttemberg des Verbandes der Reservisten der Deutschen Bundeswehr f\u00fcr die Ausbildung Ungediente. 2025 wurde er Vorsitzender der Reservistenarbeitsgemeinschaft Drohne MO. Daniel ist verheiratet und Vater von drei T\u00f6chtern.\",\"sameAs\":[\"https:\\\/\\\/facebook.com\\\/fuchs52y\"]}]}<\/script>\n<!-- \/ Yoast SEO plugin. -->","yoast_head_json":{"title":"Bef\u00f6rderungen (d.R.) &#8226; UNgedient.","robots":{"index":"index","follow":"follow","max-snippet":"max-snippet:-1","max-image-preview":"max-image-preview:large","max-video-preview":"max-video-preview:-1"},"canonical":"https:\/\/ungedient.de\/blog\/reserve\/befoerderungen\/","og_locale":"de_DE","og_type":"article","og_title":"Bef\u00f6rderungen (d.R.) &#8226; UNgedient.","og_description":"Ohne Beorderung keine Bef\u00f6rderung. Erfahre in dieser \u00dcbersicht wie lange es bis zur n\u00e4chsten Bef\u00f6rderung dauert.","og_url":"https:\/\/ungedient.de\/blog\/reserve\/befoerderungen\/","og_site_name":"UNgedient.","article_publisher":"https:\/\/www.facebook.com\/fuchs52y","article_author":"https:\/\/facebook.com\/fuchs52y","article_published_time":"2023-04-20T22:08:12+00:00","article_modified_time":"2026-01-13T15:25:51+00:00","og_image":[{"width":950,"height":500,"url":"https:\/\/ungedient.de\/blog\/wp-content\/uploads\/2023\/05\/resx.jpg","type":"image\/jpeg"}],"author":"Daniel","twitter_card":"summary_large_image","twitter_misc":{"Verfasst von":"Daniel","Gesch\u00e4tzte Lesezeit":"4\u00a0Minuten"},"schema":{"@context":"https:\/\/schema.org","@graph":[{"@type":"Article","@id":"https:\/\/ungedient.de\/blog\/reserve\/befoerderungen\/#article","isPartOf":{"@id":"https:\/\/ungedient.de\/blog\/reserve\/befoerderungen\/"},"author":{"name":"Daniel","@id":"https:\/\/ungedient.de\/blog\/#\/schema\/person\/1648f47e5e180daeaa9f15f2dd485bf5"},"headline":"Bef\u00f6rderungen (d.R.)","datePublished":"2023-04-20T22:08:12+00:00","dateModified":"2026-01-13T15:25:51+00:00","mainEntityOfPage":{"@id":"https:\/\/ungedient.de\/blog\/reserve\/befoerderungen\/"},"wordCount":984,"commentCount":72,"publisher":{"@id":"https:\/\/ungedient.de\/blog\/#organization"},"image":{"@id":"https:\/\/ungedient.de\/blog\/reserve\/befoerderungen\/#primaryimage"},"thumbnailUrl":"https:\/\/ungedient.de\/blog\/wp-content\/uploads\/2023\/05\/resx.jpg","keywords":["roa","offizier","feldwebel","mannschaften","dienstgrad","reserveoffizier","gefreiter","unteroffizier"],"articleSection":["Reserve"],"inLanguage":"de","potentialAction":[{"@type":"CommentAction","name":"Comment","target":["https:\/\/ungedient.de\/blog\/reserve\/befoerderungen\/#respond"]}]},{"@type":"WebPage","@id":"https:\/\/ungedient.de\/blog\/reserve\/befoerderungen\/","url":"https:\/\/ungedient.de\/blog\/reserve\/befoerderungen\/","name":"Bef\u00f6rderungen (d.R.) &#8226; UNgedient.","isPartOf":{"@id":"https:\/\/ungedient.de\/blog\/#website"},"primaryImageOfPage":{"@id":"https:\/\/ungedient.de\/blog\/reserve\/befoerderungen\/#primaryimage"},"image":{"@id":"https:\/\/ungedient.de\/blog\/reserve\/befoerderungen\/#primaryimage"},"thumbnailUrl":"https:\/\/ungedient.de\/blog\/wp-content\/uploads\/2023\/05\/resx.jpg","datePublished":"2023-04-20T22:08:12+00:00","dateModified":"2026-01-13T15:25:51+00:00","breadcrumb":{"@id":"https:\/\/ungedient.de\/blog\/reserve\/befoerderungen\/#breadcrumb"},"inLanguage":"de","potentialAction":[{"@type":"ReadAction","target":["https:\/\/ungedient.de\/blog\/reserve\/befoerderungen\/"]}]},{"@type":"ImageObject","inLanguage":"de","@id":"https:\/\/ungedient.de\/blog\/reserve\/befoerderungen\/#primaryimage","url":"https:\/\/ungedient.de\/blog\/wp-content\/uploads\/2023\/05\/resx.jpg","contentUrl":"https:\/\/ungedient.de\/blog\/wp-content\/uploads\/2023\/05\/resx.jpg","width":950,"height":500},{"@type":"BreadcrumbList","@id":"https:\/\/ungedient.de\/blog\/reserve\/befoerderungen\/#breadcrumb","itemListElement":[{"@type":"ListItem","position":1,"name":"Startseite","item":"https:\/\/ungedient.de\/blog\/"},{"@type":"ListItem","position":2,"name":"Reserve","item":"https:\/\/ungedient.de\/blog\/thema\/reserve\/"},{"@type":"ListItem","position":3,"name":"Bef\u00f6rderungen (d.R.)"}]},{"@type":"WebSite","@id":"https:\/\/ungedient.de\/blog\/#website","url":"https:\/\/ungedient.de\/blog\/","name":"UNgedient. Vom Ungedienten zur Bundeswehr.","description":"Dein Weg in die Reserve der Bundeswehr","publisher":{"@id":"https:\/\/ungedient.de\/blog\/#organization"},"alternateName":"Ausbildung f\u00fcr Ungediente","potentialAction":[{"@type":"SearchAction","target":{"@type":"EntryPoint","urlTemplate":"https:\/\/ungedient.de\/blog\/?s={search_term_string}"},"query-input":{"@type":"PropertyValueSpecification","valueRequired":true,"valueName":"search_term_string"}}],"inLanguage":"de"},{"@type":"Organization","@id":"https:\/\/ungedient.de\/blog\/#organization","name":"UNgedient. Vom Ungedienten zur Bundeswehr.","alternateName":"Ausbildung Ungedienter zum Reservisten der Bundeswehr","url":"https:\/\/ungedient.de\/blog\/","logo":{"@type":"ImageObject","inLanguage":"de","@id":"https:\/\/ungedient.de\/blog\/#\/schema\/logo\/image\/","url":"https:\/\/ungedient.de\/blog\/wp-content\/uploads\/2023\/03\/ungedient-favicon.jpg","contentUrl":"https:\/\/ungedient.de\/blog\/wp-content\/uploads\/2023\/03\/ungedient-favicon.jpg","width":520,"height":520,"caption":"UNgedient. Vom Ungedienten zur Bundeswehr."},"image":{"@id":"https:\/\/ungedient.de\/blog\/#\/schema\/logo\/image\/"},"sameAs":["https:\/\/www.facebook.com\/fuchs52y"]},{"@type":"Person","@id":"https:\/\/ungedient.de\/blog\/#\/schema\/person\/1648f47e5e180daeaa9f15f2dd485bf5","name":"Daniel","image":{"@type":"ImageObject","inLanguage":"de","@id":"https:\/\/secure.gravatar.com\/avatar\/ef3cfcfe1a934ab692f6ac8a025998218be6f7edf0973bf6f01a1c8634236232?s=96&d=mm&r=g","url":"https:\/\/secure.gravatar.com\/avatar\/ef3cfcfe1a934ab692f6ac8a025998218be6f7edf0973bf6f01a1c8634236232?s=96&d=mm&r=g","contentUrl":"https:\/\/secure.gravatar.com\/avatar\/ef3cfcfe1a934ab692f6ac8a025998218be6f7edf0973bf6f01a1c8634236232?s=96&d=mm&r=g","caption":"Daniel"},"description":"Daniel absolvierte die Ausbildung f\u00fcr Ungediente 2023 in Rheinland-Pfalz und ist mittlerweile in der 5.\/HSchRgt 3 beordert. Er arbeitete als Reservistendienstleistender in einer Projektgruppe des Territorialen F\u00fchrungskommandos der Bundeswehr und engagiert sich als einer von zwei Beauftragten der Landesgruppe Baden-W\u00fcrttemberg des Verbandes der Reservisten der Deutschen Bundeswehr f\u00fcr die Ausbildung Ungediente. 2025 wurde er Vorsitzender der Reservistenarbeitsgemeinschaft Drohne MO. Daniel ist verheiratet und Vater von drei T\u00f6chtern.","sameAs":["https:\/\/facebook.com\/fuchs52y"]}]}},"_links":{"self":[{"href":"https:\/\/ungedient.de\/blog\/wp-json\/wp\/v2\/posts\/1969","targetHints":{"allow":["GET"]}}],"collection":[{"href":"https:\/\/ungedient.de\/blog\/wp-json\/wp\/v2\/posts"}],"about":[{"href":"https:\/\/ungedient.de\/blog\/wp-json\/wp\/v2\/types\/post"}],"author":[{"embeddable":true,"href":"https:\/\/ungedient.de\/blog\/wp-json\/wp\/v2\/users\/1"}],"replies":[{"embeddable":true,"href":"https:\/\/ungedient.de\/blog\/wp-json\/wp\/v2\/comments?post=1969"}],"version-history":[{"count":0,"href":"https:\/\/ungedient.de\/blog\/wp-json\/wp\/v2\/posts\/1969\/revisions"}],"wp:featuredmedia":[{"embeddable":true,"href":"https:\/\/ungedient.de\/blog\/wp-json\/wp\/v2\/media\/1973"}],"wp:attachment":[{"href":"https:\/\/ungedient.de\/blog\/wp-json\/wp\/v2\/media?parent=1969"}],"wp:term":[{"taxonomy":"category","embeddable":true,"href":"https:\/\/ungedient.de\/blog\/wp-json\/wp\/v2\/categories?post=1969"},{"taxonomy":"post_tag","embeddable":true,"href":"https:\/\/ungedient.de\/blog\/wp-json\/wp\/v2\/tags?post=1969"}],"curies":[{"name":"wp","href":"https:\/\/api.w.org\/{rel}","templated":true}]}}