{"id":2501,"date":"2022-06-14T11:33:40","date_gmt":"2022-06-14T09:33:40","guid":{"rendered":"https:\/\/ungedient.de\/blog\/?p=2501"},"modified":"2024-02-10T20:56:12","modified_gmt":"2024-02-10T19:56:12","slug":"blog-patchnotes","status":"publish","type":"post","link":"https:\/\/ungedient.de\/blog\/neuigkeiten\/blog-patchnotes\/","title":{"rendered":"Blog Patchnotes"},"content":{"rendered":"<div class=\"wpb-content-wrapper\">[vc_row][vc_column][vc_column_text]\n<h3>14.06.2022: Hallo Welt!<\/h3>\n<p>Ich habe heute meinen Blog auf Reddit geteilt und die erste Resonanz ist durchweg positiv. Hinweise und neue Erkenntnisse, welche ich dort erhalte, lasse ich selbstverst\u00e4ndlich hier einflie\u00dfen!<\/p>\n<h3>28.06.2022: Reichweite<\/h3>\n<p>Es ist wahnsinnig befriedigend mal ein Webprojekt zu realisieren, bei dem es nicht darum geht Reichweite zu produzieren sondern das f\u00fcr sich selbst lebt, existiert und n\u00fctzlich ist.<\/p>\n<h3>03.07.2022: Unter der Haube<\/h3>\n<p>Die Seite wandelt sich zur Zeit noch stetig. Ich habe kein festes Konzept im Kopf und sie w\u00e4chst quasi dynamisch mit meinen Anforderungen. Das Verr\u00fcckte an dem gesamten Projekt ist, dass diese Website kein Backend hat, sondern als Basis ein Google Doc dient\u2026 Ja, ein Google Doc\u2026 Dieses wird geparst, gecached, zerhackt und dann wieder ausgespuckt. Klingt vielleicht sehr improvisiert, hat aber f\u00fcr mich einen riesigen Vorteil: ich habe kein volumin\u00f6ses, \u00fcberdimensioniertes WordPress Backend auf dem R\u00fccken, sondern kann jederzeit einfach einen Text in mein Google Doc tippen und er erscheint kurze Zeit sp\u00e4ter online. Mehrere Cronjobs synchronisieren Google mit der Website. Andere Sachen wiederum, wie beispielsweise die BMI-Anzeige funktioniert ebenfalls unkonventionell: meine smarte Waage sendet alle Messungen via IFTTT an ein Google Sheet und in eine Text-Datei (per GET). Das Google Sheet filtert die Werte (damit nur mein Gewicht angezeigt wird und nicht das der anderen Familienmitglieder) und generiert ein Diagramm. Eine via Cronjob getriggerte &#8222;Screenshot Machine&#8220; macht dann ein Bild vom Diagramm und legt es auf dem Webspace ab. (Dies ist besser als das Diagramm in einem iframe zu laden.) Die Werte welche in die Text-Datei geschrieben wurden, werden dann separat ausgelesen und zeigen in der Infokachel den Wert an.<\/p>\n<h3>07.07.2022: Update Nato-Alphabet<\/h3>\n<p>Heute kam das interaktive Nato-Alphabet dazu. Man kann hier auf unterschiedliche Weise das Alphabet \u00fcben und auch anh\u00f6ren. Es sind einige Javascript-Spielereien integriert und ich war selbst \u00fcberrascht, wie leicht mir alles von der Hand ging, da JS nicht gerade mein Steckenpferd ist. Auch das Zusammenschneiden der Audiodateien, mit dem Rauschen im Hintergrund, hat mir Freude bereitet. W\u00e4hrend der Autofahrt besch\u00e4ftige ich mich, wenn es der Verkehr zul\u00e4sst, mit dem Buchstabieren von Kennzeichen. Level 2: Die Kennzeichen des Gegenverkehrs buchstabieren, bevor er vor\u00fcber ist.<\/p>\n<h3>08.07.2022: Gedanken-Umbau &amp; Nachtmodus<\/h3>\n<p>Ich habe die Gedanken-Unterseite nun etwas umgebaut und bei jedem Thema das Datum eingef\u00fcgt. Schlie\u00dflich sind die &#8222;Gedanken&#8220; eine Art Tage- bzw. Logbuch. Auch k\u00f6nnen sich Meinungen \u00e4ndern \u2013 und so ist ein Zeitstempel sicherlich sinnvoll. Auch habe ich den &#8222;Nachtmodus&#8220; zum Standardmodus gemacht. Er gef\u00e4llt mir momentan einfach besser. Die &#8222;Light&#8220;-Ansicht l\u00e4sst sich weiterhin im Footer umschalten.<mark>UPDATE<\/mark> Nach Feedback habe ich diese Funktion zur\u00fcckgezogen und wieder auf &#8222;automatisch&#8220; gesetzt. Folglich wird die Seite nun in den Abendstunden dunkel und tags\u00fcber wieder hell angezeigt.<\/p>\n<h3>14.07.2022: Mehr Tools + DIY Projekt<\/h3>\n<p>Die &#8222;Material&#8220;-Seite wurde um weitere Tools erweitert, darunter auch ein DIY-Projekt, das ich gerade angegangen bin.<\/p>\n<h3>22.07.2022: DIY-Flopp<\/h3>\n<p>Das DIY-Projekt hat sich als Irrweg herausgestellt. Zwar funktioniert die Programmierung astrein, aber die verbauten Sensoren geben nicht zuverl\u00e4ssig das Feedback weiter. Ich werde hier bei Gelegenheit also nochmal einen neuen Ansatz verfolgen m\u00fcssen. Auch gibt es professionelle Anbieter auf dem Markt, die mich allerdings vom Preis-Leistungsverh\u00e4ltnis wenig \u00fcberzeugen konnten.<\/p>\n<h3>20.08.2022: Sportliche Aktivit\u00e4ten<\/h3>\n<p>Auf der Unterseite &#8222;\u00dcberpr\u00fcfung&#8220; gibt es nun weitere statistische Einblicke (gekoppelt mit meiner Garmin Smartwatch, Strava, IFTTT und etwas PHP). Auch habe ich die Seite etwas &#8222;motivierender&#8220; umgebaut, um den Druck auf mich zu erh\u00f6hen.<\/p>\n<h3>30.08.2022: Landeskommandos erhalten Unterseiten<\/h3>\n<p>Da ich bei meinen Recherchen und im Austausch mit Ungedienten und Offiziellen festgestellt habe, dass jedes LKdo seine eigene Vorgehensweise hat, halte ich es f\u00fcr angebracht, dass l\u00e4nderspezifische Informationen jeweils einen eigenen Ort erhalten sollten. Daher werde ich nun sukzessive alle LKdo-Unterseiten bef\u00fcllen und anschlie\u00dfend freundlich bei der Bw anfragen, ob man denn noch etwas erg\u00e4nzen oder korrigieren m\u00f6chte. Die \u00dcbersicht aller Landeskommandos ist \u00fcber den folgenden Link erreichbar: https:\/\/ungedient.de\/lkdo\/alle \u2013 bzw. mit dem jeweiligen L\u00e4nderk\u00fcrzel, z.B. f\u00fcr Rheinland-Pfalz: https:\/\/ungedient.de\/lkdo\/rp, Baden-W\u00fcrttemberg: https:\/\/ungedient.de\/lkdo\/bw oder Brandenburg: https:\/\/ungedient.de\/lkdo\/bb. (Eigentlich gibt es auch bereits passende Subdomains, z.B. rp.ungedient.de, allerdings reicht mein SSL-Zertifikat hierf\u00fcr momentan nicht aus, sodass es momentan lediglich stumpfe Weiterleitungen zur o.g. Adresse sind.)<\/p>\n<h3>19.11.2022: Wie teile ich hier alles auf und ein?<\/h3>\n<p>Ich stelle mir vermehrt die Frage, wie ich diesen Blog so gestalten kann, dass er nichts an seiner \u00dcbersichtlichkeit verliert. Viele Informationen und Notizen verschwimmen langsam und Sachen, die ich damals dachte, dass sie wichtig sind, sind dies gar nicht. Ich muss irgendwann nochmal alles durchlesen und priorisieren, dass es den Leser nicht erschl\u00e4gt, sondern einen echten Mehrwert bietet.<\/p>\n<h3>10.01.2023: Herzrasen. Crash!<\/h3>\n<p>Heute ist mir kurz das Herz in die Hose gerutscht: die Startseite hat nicht mehr funktioniert. (Ich hoffe nat\u00fcrlich, dass der Blog nicht allzu lange offline war.) Jedenfalls hat sich herausgestellt, dass meine momentane Technologie, so gewitzt sie auch sein mag (siehe oben: ich schreibe alles in ein Google Doc, das anschlie\u00dfend geparsed wird), fehleranf\u00e4llig ist. Google hat offenbar eine Kleinigkeit im Quellcode der Docs angepasst &#8211; dadurch wurde mein kompletter Mechanismus zerst\u00f6rt. Ich habe nat\u00fcrlich immer das Google Doc als Backup, trotzdem ist der Blog dann tempor\u00e4r nicht erreichbar und ich muss mich auf eine Fehlersuche begeben. Nun falls alle Stricke rei\u00dfen, dann mache ich eben doch noch eines Tages eine WordPress-Website daraus\u2026 Vorerst ist allerdings nun die Gefahr gebannt und ich habe weitere Sicherheitsmechanismen eingebaut, welche zus\u00e4tzliche Backups fahren. Sollte Google also erneut etwas zerschie\u00dfen, werde ich nun per E-Mail (nachdem der Cronjob durchgef\u00fchrt wurde) benachrichtigt und kann kurzfristig eine Datei aus dem Archiv einspielen. (Jede Woche wird zudem ab sofort ein \u201cWiederherstellungspunkt\u201d angelegt.)<\/p>\n<h3>11.01.2023: Zusammenlegung von Kategorien<\/h3>\n<p>Da es irgendwie das gleiche ist habe ich in der Rubrik Gedanken die beiden Kategorien \u201cNetzwerk\u201d und \u201cReservisten\u201d zusammengefasst. M\u00f6glicherweise macht eine Splittung oder Umbenennung k\u00fcnftig wieder Sinn. Die Gedanken sind erhalten geblieben, ich habe sie lediglich umsortiert.<\/p>\n<h3>14.01.2023: Neue Spielerei: Dienstgrade<\/h3>\n<p>Ich habe heute Abend mal wieder etwas gebastelt, weil ich mir dachte, dass es doch fein w\u00e4re, w\u00e4hrend dem Marschieren bzw. Rennen auf dem Laufband die Dienstgrade noch besser zu verinnerlichen. Dabei heraus kam dieses kleine, aber n\u00fctzliche \u201cDienstgrade-Tool\u201d. Ich \u00f6ffne die Seite auf dem Tablet und kann so beim Trainieren \u00fcben. Ansonsten habe ich den Footer nochmal leicht angepasst und dr\u00fccke hier nun zus\u00e4tzlich mit zwei Schleifen meine Solidarit\u00e4t aus.<\/p>\n<h3>11.02.2023: Alles neu&#8230;<\/h3>\n<p>Zwar hatte das alte System seinen Charme, doch ist es an seine Grenzen geraten und das wahnwitzige Experiment ein Google Doc zu parsen hat zwar geklappt, aber mich in der Darstellung zu sehr eingeschr\u00e4nkt. Daher ist dieser Blog nun eine weitere WordPress-Seite.<\/p>\n<h3>03.08.2023: Kritische Fehler<\/h3>\n<p>Heute hatte der Blog ziemlichen Schluckauf&#8230; Es wurden keine Bilder mehr angezeigt und die Seiten waren zerschossen. Ich habe einige Plugins aktualisiert und den Cache geleert &#8211; ich hoffe es funktioniert nun wieder wie gew\u00fcnscht.<\/p>\n<h3>10.02.2024: Dosenkohl<\/h3>\n<p>Ich feile immer wieder am Blog und baue neue Features ein oder schraube am CSS rum. Neuste Erweiterung ist eine auf ChatGPT basierende KI, welche die Infos des Blogs nutzt um Interessierten Antworten zu geben.[\/vc_column_text][\/vc_column][\/vc_row]\n\r\n\t\t\t<div id=\"daexthefu-container\"\r\n\t\t\t\tclass=\"daexthefu-container daexthefu-layout-stacked daexthefu-alignment-center\"\r\n\t\t\t\tdata-post-id=\"2501\">\r\n\r\n\t\t\t\t<div class=\"daexthefu-feedback\">\r\n\t\t\t\t\t<div class=\"daexthefu-text\">\r\n\t\t\t\t\t\t<h3 class=\"daexthefu-title\">War dieser Artikel f\u00fcr dich hilfreich?<\/h3>\r\n\t\t\t\t\t<\/div>\r\n\t\t\t\t\t<div class=\"daexthefu-buttons-container\">\r\n\t\t\t\t\t\t<div class=\"daexthefu-buttons\">\r\n\t\t\t\t\t\t\t\r\n\t\t\t<div class=\"daexthefu-yes daexthefu-button daexthefu-button-type-icon\" data-value=\"1\">\r\n\t\t\t\t\r\n                <svg>\r\n                    <defs>\r\n                        <style>.thumb-up-cls-1{fill:#c9c9c9;}.thumb-up-cls-2{fill:#e1e1e1;}.thumb-up-cls-3{fill:#676767;}<\/style>\r\n                    <\/defs>\r\n                    <g id=\"thumb_up\">\r\n                        <path class=\"thumb-up-cls-2 daexthefu-icon-circle\" d=\"m24,3c11.58,0,21,9.42,21,21s-9.42,21-21,21S3,35.58,3,24,12.42,3,24,3m0-1C11.85,2,2,11.85,2,24s9.85,22,22,22,22-9.85,22-22S36.15,2,24,2h0Z\" \/>\r\n                        <g>\r\n                            <rect class=\"thumb-up-cls-3 daexthefu-icon-secondary-color\" x=\"10\" y=\"20\" width=\"6\" height=\"15\" rx=\"1.5\" ry=\"1.5\" \/>\r\n                            <path class=\"thumb-up-cls-1 daexthefu-icon-primary-color\" d=\"m30.57,9.06l-.49-.1c-.81-.17-1.61.35-1.78,1.16l-5.3,11.74c-.17.81,3.16,1.61,3.97,1.78l1.96.41c.81.17,1.61-.35,1.78-1.16l2.18-10.27c.34-1.61-.7-3.21-2.31-3.56Z\" \/>\r\n                            <path class=\"thumb-up-cls-1 daexthefu-icon-primary-color\" d=\"m38.17,20h-18.67c-.83,0-1.5.67-1.5,1.5v12c0,.83.67,1.5,1.5,1.5h16.27c.71,0,1.33-.5,1.47-1.21l2.4-12c.19-.93-.53-1.8-1.47-1.8Z\" \/>\r\n                        <\/g>\r\n                    <\/g>\r\n                <\/svg>\t\t\t<\/div>\r\n\r\n\t\t\t\t\t\t\t\t\t\t\r\n\t\t\t<div class=\"daexthefu-no daexthefu-button daexthefu-button-type-icon\" data-value=\"0\">\r\n\t\t\t\t\r\n                <svg>\r\n                    <defs>\r\n                        <style>.thumb-down-cls-1{fill:#c9c9c9;}.thumb-down-cls-2{fill:#e1e1e1;}.thumb-down-cls-3{fill:#676767;}<\/style>\r\n                    <\/defs>\r\n                    <g id=\"thumb_down\">\r\n                        <path class=\"thumb-down-cls-2 daexthefu-icon-circle\" d=\"m24,3c11.58,0,21,9.42,21,21s-9.42,21-21,21S3,35.58,3,24,12.42,3,24,3m0-1C11.85,2,2,11.85,2,24s9.85,22,22,22,22-9.85,22-22S36.15,2,24,2h0Z\" \/>\r\n                        <g>\r\n                            <rect class=\"thumb-down-cls-3 daexthefu-icon-secondary-color\" x=\"10\" y=\"13\" width=\"6\" height=\"15\" rx=\"1.5\" ry=\"1.5\" \/>\r\n                            <path class=\"thumb-down-cls-1 daexthefu-icon-primary-color\" d=\"m30.57,38.94l-.49.1c-.81.17-1.61-.35-1.78-1.16l-5.3-11.74c-.17-.81,3.16-1.61,3.97-1.78l1.96-.41c.81-.17,1.61.35,1.78,1.16l2.18,10.27c.34,1.61-.7,3.21-2.31,3.56Z\" \/>\r\n                            <path class=\"thumb-down-cls-1 daexthefu-icon-primary-color\" d=\"m38.17,28h-18.67c-.83,0-1.5-.67-1.5-1.5v-12c0-.83.67-1.5,1.5-1.5h16.27c.71,0,1.33.5,1.47,1.21l2.4,12c.19.93-.53,1.8-1.47,1.8Z\" \/>\r\n                        <\/g>\r\n                    <\/g>\r\n                <\/svg>\t\t\t<\/div>\r\n\r\n\t\t\t\t\t\t\t\t\t<\/div>\r\n\t\t\t\t\t<\/div>\r\n\t\t\t\t<\/div>\r\n\r\n\t\t\t\t<div class=\"daexthefu-comment\">\r\n\t\t\t\t\t<div class=\"daexthefu-comment-top-container\">\r\n\t\t\t\t\t\t<label id=\"daexthefu-comment-label\" class=\"daexthefu-comment-label\"><\/label>\r\n\t\t\t\t\t\t\t\t\t\t\t\t\t<div class=\"daexthefu-comment-character-counter-container\">\r\n\t\t\t\t\t\t\t\t<div id=\"daexthefu-comment-character-counter-number\"\r\n\t\t\t\t\t\t\t\t\tclass=\"daexthefu-comment-character-counter-number\"><\/div>\r\n\t\t\t\t\t\t\t\t<div class=\"daexthefu-comment-character-counter-text\"><\/div>\r\n\t\t\t\t\t\t\t<\/div>\r\n\t\t\t\t\t\t\t\t\t\t\t<\/div>\r\n\t\t\t\t\t<textarea id=\"daexthefu-comment-textarea\" class=\"daexthefu-comment-textarea\"\r\n\t\t\t\t\t\t\t\tplaceholder=\"Dein Feedback\u2026\"\r\n\t\t\t\t\t\t\t\tmaxlength=\"\r\n\t\t\t\t\t\t\t\t500\t\t\t\t\t\t\t\t\t\"><\/textarea>\r\n\t\t\t\t\t<div class=\"daexthefu-comment-buttons-container\">\r\n\t\t\t\t\t\t<button class=\"daexthefu-comment-submit daexthefu-button\">senden<\/button>\r\n\t\t\t\t\t\t<button class=\"daexthefu-comment-cancel daexthefu-button\">abbrechen<\/button>\r\n\t\t\t\t\t<\/div>\r\n\t\t\t\t<\/div>\r\n\r\n\t\t\t\t<div class=\"daexthefu-successful-submission-text\">Vielen Dank!<\/div>\r\n\r\n\t\t\t<\/div>\r\n\r\n\t\t\t<\/div>","protected":false},"excerpt":{"rendered":"<p>Ein kleines Logbuch f\u00fcr Nerds \u00fcber die technische Entstehungsgeschichte des Blogs.<\/p>\n","protected":false},"author":1,"featured_media":2502,"comment_status":"open","ping_status":"open","sticky":false,"template":"","format":"status","meta":{"_helpful_status":1,"inline_featured_image":false,"footnotes":""},"categories":[21],"tags":[],"class_list":["post-2501","post","type-post","status-publish","format-status","has-post-thumbnail","hentry","category-neuigkeiten","post_format-post-format-status"],"acf":[],"yoast_head":"<!-- This site is optimized with the Yoast SEO plugin v27.5 - https:\/\/yoast.com\/product\/yoast-seo-wordpress\/ -->\n<title>Blog Patchnotes &#8226; UNgedient.<\/title>\n<meta name=\"robots\" content=\"index, follow, max-snippet:-1, max-image-preview:large, max-video-preview:-1\" \/>\n<link rel=\"canonical\" href=\"https:\/\/ungedient.de\/blog\/neuigkeiten\/blog-patchnotes\/\" \/>\n<meta property=\"og:locale\" content=\"de_DE\" \/>\n<meta property=\"og:type\" content=\"article\" \/>\n<meta property=\"og:title\" content=\"Blog Patchnotes &#8226; UNgedient.\" \/>\n<meta property=\"og:description\" content=\"Ein kleines Logbuch f\u00fcr Nerds \u00fcber die technische Entstehungsgeschichte des Blogs.\" \/>\n<meta property=\"og:url\" content=\"https:\/\/ungedient.de\/blog\/neuigkeiten\/blog-patchnotes\/\" \/>\n<meta property=\"og:site_name\" content=\"UNgedient.\" \/>\n<meta property=\"article:publisher\" content=\"https:\/\/www.facebook.com\/fuchs52y\" \/>\n<meta property=\"article:author\" content=\"https:\/\/facebook.com\/fuchs52y\" \/>\n<meta property=\"article:published_time\" content=\"2022-06-14T09:33:40+00:00\" \/>\n<meta property=\"article:modified_time\" content=\"2024-02-10T19:56:12+00:00\" \/>\n<meta property=\"og:image\" content=\"https:\/\/ungedient.de\/blog\/wp-content\/uploads\/2023\/08\/coding.jpg\" \/>\n\t<meta property=\"og:image:width\" content=\"950\" \/>\n\t<meta property=\"og:image:height\" content=\"500\" \/>\n\t<meta property=\"og:image:type\" content=\"image\/jpeg\" \/>\n<meta name=\"author\" content=\"Daniel\" \/>\n<meta name=\"twitter:card\" content=\"summary_large_image\" \/>\n<meta name=\"twitter:label1\" content=\"Verfasst von\" \/>\n\t<meta name=\"twitter:data1\" content=\"Daniel\" \/>\n\t<meta name=\"twitter:label2\" content=\"Gesch\u00e4tzte Lesezeit\" \/>\n\t<meta name=\"twitter:data2\" content=\"7\u00a0Minuten\" \/>\n<script type=\"application\/ld+json\" class=\"yoast-schema-graph\">{\"@context\":\"https:\\\/\\\/schema.org\",\"@graph\":[{\"@type\":\"Article\",\"@id\":\"https:\\\/\\\/ungedient.de\\\/blog\\\/neuigkeiten\\\/blog-patchnotes\\\/#article\",\"isPartOf\":{\"@id\":\"https:\\\/\\\/ungedient.de\\\/blog\\\/neuigkeiten\\\/blog-patchnotes\\\/\"},\"author\":{\"name\":\"Daniel\",\"@id\":\"https:\\\/\\\/ungedient.de\\\/blog\\\/#\\\/schema\\\/person\\\/1648f47e5e180daeaa9f15f2dd485bf5\"},\"headline\":\"Blog Patchnotes\",\"datePublished\":\"2022-06-14T09:33:40+00:00\",\"dateModified\":\"2024-02-10T19:56:12+00:00\",\"mainEntityOfPage\":{\"@id\":\"https:\\\/\\\/ungedient.de\\\/blog\\\/neuigkeiten\\\/blog-patchnotes\\\/\"},\"wordCount\":1224,\"commentCount\":0,\"publisher\":{\"@id\":\"https:\\\/\\\/ungedient.de\\\/blog\\\/#organization\"},\"image\":{\"@id\":\"https:\\\/\\\/ungedient.de\\\/blog\\\/neuigkeiten\\\/blog-patchnotes\\\/#primaryimage\"},\"thumbnailUrl\":\"https:\\\/\\\/ungedient.de\\\/blog\\\/wp-content\\\/uploads\\\/2023\\\/08\\\/coding.jpg\",\"articleSection\":[\"Notizen\"],\"inLanguage\":\"de\",\"potentialAction\":[{\"@type\":\"CommentAction\",\"name\":\"Comment\",\"target\":[\"https:\\\/\\\/ungedient.de\\\/blog\\\/neuigkeiten\\\/blog-patchnotes\\\/#respond\"]}]},{\"@type\":\"WebPage\",\"@id\":\"https:\\\/\\\/ungedient.de\\\/blog\\\/neuigkeiten\\\/blog-patchnotes\\\/\",\"url\":\"https:\\\/\\\/ungedient.de\\\/blog\\\/neuigkeiten\\\/blog-patchnotes\\\/\",\"name\":\"Blog Patchnotes &#8226; UNgedient.\",\"isPartOf\":{\"@id\":\"https:\\\/\\\/ungedient.de\\\/blog\\\/#website\"},\"primaryImageOfPage\":{\"@id\":\"https:\\\/\\\/ungedient.de\\\/blog\\\/neuigkeiten\\\/blog-patchnotes\\\/#primaryimage\"},\"image\":{\"@id\":\"https:\\\/\\\/ungedient.de\\\/blog\\\/neuigkeiten\\\/blog-patchnotes\\\/#primaryimage\"},\"thumbnailUrl\":\"https:\\\/\\\/ungedient.de\\\/blog\\\/wp-content\\\/uploads\\\/2023\\\/08\\\/coding.jpg\",\"datePublished\":\"2022-06-14T09:33:40+00:00\",\"dateModified\":\"2024-02-10T19:56:12+00:00\",\"breadcrumb\":{\"@id\":\"https:\\\/\\\/ungedient.de\\\/blog\\\/neuigkeiten\\\/blog-patchnotes\\\/#breadcrumb\"},\"inLanguage\":\"de\",\"potentialAction\":[{\"@type\":\"ReadAction\",\"target\":[\"https:\\\/\\\/ungedient.de\\\/blog\\\/neuigkeiten\\\/blog-patchnotes\\\/\"]}]},{\"@type\":\"ImageObject\",\"inLanguage\":\"de\",\"@id\":\"https:\\\/\\\/ungedient.de\\\/blog\\\/neuigkeiten\\\/blog-patchnotes\\\/#primaryimage\",\"url\":\"https:\\\/\\\/ungedient.de\\\/blog\\\/wp-content\\\/uploads\\\/2023\\\/08\\\/coding.jpg\",\"contentUrl\":\"https:\\\/\\\/ungedient.de\\\/blog\\\/wp-content\\\/uploads\\\/2023\\\/08\\\/coding.jpg\",\"width\":950,\"height\":500},{\"@type\":\"BreadcrumbList\",\"@id\":\"https:\\\/\\\/ungedient.de\\\/blog\\\/neuigkeiten\\\/blog-patchnotes\\\/#breadcrumb\",\"itemListElement\":[{\"@type\":\"ListItem\",\"position\":1,\"name\":\"Startseite\",\"item\":\"https:\\\/\\\/ungedient.de\\\/blog\\\/\"},{\"@type\":\"ListItem\",\"position\":2,\"name\":\"Notizen\",\"item\":\"https:\\\/\\\/ungedient.de\\\/blog\\\/thema\\\/neuigkeiten\\\/\"},{\"@type\":\"ListItem\",\"position\":3,\"name\":\"Blog Patchnotes\"}]},{\"@type\":\"WebSite\",\"@id\":\"https:\\\/\\\/ungedient.de\\\/blog\\\/#website\",\"url\":\"https:\\\/\\\/ungedient.de\\\/blog\\\/\",\"name\":\"UNgedient. Vom Ungedienten zur Bundeswehr.\",\"description\":\"Dein Weg in die Reserve der Bundeswehr\",\"publisher\":{\"@id\":\"https:\\\/\\\/ungedient.de\\\/blog\\\/#organization\"},\"alternateName\":\"Ausbildung f\u00fcr Ungediente\",\"potentialAction\":[{\"@type\":\"SearchAction\",\"target\":{\"@type\":\"EntryPoint\",\"urlTemplate\":\"https:\\\/\\\/ungedient.de\\\/blog\\\/?s={search_term_string}\"},\"query-input\":{\"@type\":\"PropertyValueSpecification\",\"valueRequired\":true,\"valueName\":\"search_term_string\"}}],\"inLanguage\":\"de\"},{\"@type\":\"Organization\",\"@id\":\"https:\\\/\\\/ungedient.de\\\/blog\\\/#organization\",\"name\":\"UNgedient. Vom Ungedienten zur Bundeswehr.\",\"alternateName\":\"Ausbildung Ungedienter zum Reservisten der Bundeswehr\",\"url\":\"https:\\\/\\\/ungedient.de\\\/blog\\\/\",\"logo\":{\"@type\":\"ImageObject\",\"inLanguage\":\"de\",\"@id\":\"https:\\\/\\\/ungedient.de\\\/blog\\\/#\\\/schema\\\/logo\\\/image\\\/\",\"url\":\"https:\\\/\\\/ungedient.de\\\/blog\\\/wp-content\\\/uploads\\\/2023\\\/03\\\/ungedient-favicon.jpg\",\"contentUrl\":\"https:\\\/\\\/ungedient.de\\\/blog\\\/wp-content\\\/uploads\\\/2023\\\/03\\\/ungedient-favicon.jpg\",\"width\":520,\"height\":520,\"caption\":\"UNgedient. Vom Ungedienten zur Bundeswehr.\"},\"image\":{\"@id\":\"https:\\\/\\\/ungedient.de\\\/blog\\\/#\\\/schema\\\/logo\\\/image\\\/\"},\"sameAs\":[\"https:\\\/\\\/www.facebook.com\\\/fuchs52y\"]},{\"@type\":\"Person\",\"@id\":\"https:\\\/\\\/ungedient.de\\\/blog\\\/#\\\/schema\\\/person\\\/1648f47e5e180daeaa9f15f2dd485bf5\",\"name\":\"Daniel\",\"image\":{\"@type\":\"ImageObject\",\"inLanguage\":\"de\",\"@id\":\"https:\\\/\\\/secure.gravatar.com\\\/avatar\\\/ef3cfcfe1a934ab692f6ac8a025998218be6f7edf0973bf6f01a1c8634236232?s=96&d=mm&r=g\",\"url\":\"https:\\\/\\\/secure.gravatar.com\\\/avatar\\\/ef3cfcfe1a934ab692f6ac8a025998218be6f7edf0973bf6f01a1c8634236232?s=96&d=mm&r=g\",\"contentUrl\":\"https:\\\/\\\/secure.gravatar.com\\\/avatar\\\/ef3cfcfe1a934ab692f6ac8a025998218be6f7edf0973bf6f01a1c8634236232?s=96&d=mm&r=g\",\"caption\":\"Daniel\"},\"description\":\"Daniel absolvierte die Ausbildung f\u00fcr Ungediente 2023 in Rheinland-Pfalz und ist mittlerweile in der 5.\\\/HSchRgt 3 beordert. Er arbeitete als Reservistendienstleistender in einer Projektgruppe des Territorialen F\u00fchrungskommandos der Bundeswehr und engagiert sich als einer von zwei Beauftragten der Landesgruppe Baden-W\u00fcrttemberg des Verbandes der Reservisten der Deutschen Bundeswehr f\u00fcr die Ausbildung Ungediente. 2025 wurde er Vorsitzender der Reservistenarbeitsgemeinschaft Drohne MO. Daniel ist verheiratet und Vater von drei T\u00f6chtern.\",\"sameAs\":[\"https:\\\/\\\/facebook.com\\\/fuchs52y\"]}]}<\/script>\n<!-- \/ Yoast SEO plugin. -->","yoast_head_json":{"title":"Blog Patchnotes &#8226; UNgedient.","robots":{"index":"index","follow":"follow","max-snippet":"max-snippet:-1","max-image-preview":"max-image-preview:large","max-video-preview":"max-video-preview:-1"},"canonical":"https:\/\/ungedient.de\/blog\/neuigkeiten\/blog-patchnotes\/","og_locale":"de_DE","og_type":"article","og_title":"Blog Patchnotes &#8226; UNgedient.","og_description":"Ein kleines Logbuch f\u00fcr Nerds \u00fcber die technische Entstehungsgeschichte des Blogs.","og_url":"https:\/\/ungedient.de\/blog\/neuigkeiten\/blog-patchnotes\/","og_site_name":"UNgedient.","article_publisher":"https:\/\/www.facebook.com\/fuchs52y","article_author":"https:\/\/facebook.com\/fuchs52y","article_published_time":"2022-06-14T09:33:40+00:00","article_modified_time":"2024-02-10T19:56:12+00:00","og_image":[{"width":950,"height":500,"url":"https:\/\/ungedient.de\/blog\/wp-content\/uploads\/2023\/08\/coding.jpg","type":"image\/jpeg"}],"author":"Daniel","twitter_card":"summary_large_image","twitter_misc":{"Verfasst von":"Daniel","Gesch\u00e4tzte Lesezeit":"7\u00a0Minuten"},"schema":{"@context":"https:\/\/schema.org","@graph":[{"@type":"Article","@id":"https:\/\/ungedient.de\/blog\/neuigkeiten\/blog-patchnotes\/#article","isPartOf":{"@id":"https:\/\/ungedient.de\/blog\/neuigkeiten\/blog-patchnotes\/"},"author":{"name":"Daniel","@id":"https:\/\/ungedient.de\/blog\/#\/schema\/person\/1648f47e5e180daeaa9f15f2dd485bf5"},"headline":"Blog Patchnotes","datePublished":"2022-06-14T09:33:40+00:00","dateModified":"2024-02-10T19:56:12+00:00","mainEntityOfPage":{"@id":"https:\/\/ungedient.de\/blog\/neuigkeiten\/blog-patchnotes\/"},"wordCount":1224,"commentCount":0,"publisher":{"@id":"https:\/\/ungedient.de\/blog\/#organization"},"image":{"@id":"https:\/\/ungedient.de\/blog\/neuigkeiten\/blog-patchnotes\/#primaryimage"},"thumbnailUrl":"https:\/\/ungedient.de\/blog\/wp-content\/uploads\/2023\/08\/coding.jpg","articleSection":["Notizen"],"inLanguage":"de","potentialAction":[{"@type":"CommentAction","name":"Comment","target":["https:\/\/ungedient.de\/blog\/neuigkeiten\/blog-patchnotes\/#respond"]}]},{"@type":"WebPage","@id":"https:\/\/ungedient.de\/blog\/neuigkeiten\/blog-patchnotes\/","url":"https:\/\/ungedient.de\/blog\/neuigkeiten\/blog-patchnotes\/","name":"Blog Patchnotes &#8226; UNgedient.","isPartOf":{"@id":"https:\/\/ungedient.de\/blog\/#website"},"primaryImageOfPage":{"@id":"https:\/\/ungedient.de\/blog\/neuigkeiten\/blog-patchnotes\/#primaryimage"},"image":{"@id":"https:\/\/ungedient.de\/blog\/neuigkeiten\/blog-patchnotes\/#primaryimage"},"thumbnailUrl":"https:\/\/ungedient.de\/blog\/wp-content\/uploads\/2023\/08\/coding.jpg","datePublished":"2022-06-14T09:33:40+00:00","dateModified":"2024-02-10T19:56:12+00:00","breadcrumb":{"@id":"https:\/\/ungedient.de\/blog\/neuigkeiten\/blog-patchnotes\/#breadcrumb"},"inLanguage":"de","potentialAction":[{"@type":"ReadAction","target":["https:\/\/ungedient.de\/blog\/neuigkeiten\/blog-patchnotes\/"]}]},{"@type":"ImageObject","inLanguage":"de","@id":"https:\/\/ungedient.de\/blog\/neuigkeiten\/blog-patchnotes\/#primaryimage","url":"https:\/\/ungedient.de\/blog\/wp-content\/uploads\/2023\/08\/coding.jpg","contentUrl":"https:\/\/ungedient.de\/blog\/wp-content\/uploads\/2023\/08\/coding.jpg","width":950,"height":500},{"@type":"BreadcrumbList","@id":"https:\/\/ungedient.de\/blog\/neuigkeiten\/blog-patchnotes\/#breadcrumb","itemListElement":[{"@type":"ListItem","position":1,"name":"Startseite","item":"https:\/\/ungedient.de\/blog\/"},{"@type":"ListItem","position":2,"name":"Notizen","item":"https:\/\/ungedient.de\/blog\/thema\/neuigkeiten\/"},{"@type":"ListItem","position":3,"name":"Blog Patchnotes"}]},{"@type":"WebSite","@id":"https:\/\/ungedient.de\/blog\/#website","url":"https:\/\/ungedient.de\/blog\/","name":"UNgedient. Vom Ungedienten zur Bundeswehr.","description":"Dein Weg in die Reserve der Bundeswehr","publisher":{"@id":"https:\/\/ungedient.de\/blog\/#organization"},"alternateName":"Ausbildung f\u00fcr Ungediente","potentialAction":[{"@type":"SearchAction","target":{"@type":"EntryPoint","urlTemplate":"https:\/\/ungedient.de\/blog\/?s={search_term_string}"},"query-input":{"@type":"PropertyValueSpecification","valueRequired":true,"valueName":"search_term_string"}}],"inLanguage":"de"},{"@type":"Organization","@id":"https:\/\/ungedient.de\/blog\/#organization","name":"UNgedient. Vom Ungedienten zur Bundeswehr.","alternateName":"Ausbildung Ungedienter zum Reservisten der Bundeswehr","url":"https:\/\/ungedient.de\/blog\/","logo":{"@type":"ImageObject","inLanguage":"de","@id":"https:\/\/ungedient.de\/blog\/#\/schema\/logo\/image\/","url":"https:\/\/ungedient.de\/blog\/wp-content\/uploads\/2023\/03\/ungedient-favicon.jpg","contentUrl":"https:\/\/ungedient.de\/blog\/wp-content\/uploads\/2023\/03\/ungedient-favicon.jpg","width":520,"height":520,"caption":"UNgedient. Vom Ungedienten zur Bundeswehr."},"image":{"@id":"https:\/\/ungedient.de\/blog\/#\/schema\/logo\/image\/"},"sameAs":["https:\/\/www.facebook.com\/fuchs52y"]},{"@type":"Person","@id":"https:\/\/ungedient.de\/blog\/#\/schema\/person\/1648f47e5e180daeaa9f15f2dd485bf5","name":"Daniel","image":{"@type":"ImageObject","inLanguage":"de","@id":"https:\/\/secure.gravatar.com\/avatar\/ef3cfcfe1a934ab692f6ac8a025998218be6f7edf0973bf6f01a1c8634236232?s=96&d=mm&r=g","url":"https:\/\/secure.gravatar.com\/avatar\/ef3cfcfe1a934ab692f6ac8a025998218be6f7edf0973bf6f01a1c8634236232?s=96&d=mm&r=g","contentUrl":"https:\/\/secure.gravatar.com\/avatar\/ef3cfcfe1a934ab692f6ac8a025998218be6f7edf0973bf6f01a1c8634236232?s=96&d=mm&r=g","caption":"Daniel"},"description":"Daniel absolvierte die Ausbildung f\u00fcr Ungediente 2023 in Rheinland-Pfalz und ist mittlerweile in der 5.\/HSchRgt 3 beordert. Er arbeitete als Reservistendienstleistender in einer Projektgruppe des Territorialen F\u00fchrungskommandos der Bundeswehr und engagiert sich als einer von zwei Beauftragten der Landesgruppe Baden-W\u00fcrttemberg des Verbandes der Reservisten der Deutschen Bundeswehr f\u00fcr die Ausbildung Ungediente. 2025 wurde er Vorsitzender der Reservistenarbeitsgemeinschaft Drohne MO. Daniel ist verheiratet und Vater von drei T\u00f6chtern.","sameAs":["https:\/\/facebook.com\/fuchs52y"]}]}},"_links":{"self":[{"href":"https:\/\/ungedient.de\/blog\/wp-json\/wp\/v2\/posts\/2501","targetHints":{"allow":["GET"]}}],"collection":[{"href":"https:\/\/ungedient.de\/blog\/wp-json\/wp\/v2\/posts"}],"about":[{"href":"https:\/\/ungedient.de\/blog\/wp-json\/wp\/v2\/types\/post"}],"author":[{"embeddable":true,"href":"https:\/\/ungedient.de\/blog\/wp-json\/wp\/v2\/users\/1"}],"replies":[{"embeddable":true,"href":"https:\/\/ungedient.de\/blog\/wp-json\/wp\/v2\/comments?post=2501"}],"version-history":[{"count":0,"href":"https:\/\/ungedient.de\/blog\/wp-json\/wp\/v2\/posts\/2501\/revisions"}],"wp:featuredmedia":[{"embeddable":true,"href":"https:\/\/ungedient.de\/blog\/wp-json\/wp\/v2\/media\/2502"}],"wp:attachment":[{"href":"https:\/\/ungedient.de\/blog\/wp-json\/wp\/v2\/media?parent=2501"}],"wp:term":[{"taxonomy":"category","embeddable":true,"href":"https:\/\/ungedient.de\/blog\/wp-json\/wp\/v2\/categories?post=2501"},{"taxonomy":"post_tag","embeddable":true,"href":"https:\/\/ungedient.de\/blog\/wp-json\/wp\/v2\/tags?post=2501"}],"curies":[{"name":"wp","href":"https:\/\/api.w.org\/{rel}","templated":true}]}}