{"id":2588,"date":"2023-08-10T19:45:48","date_gmt":"2023-08-10T17:45:48","guid":{"rendered":"https:\/\/ungedient.de\/blog\/?p=2588"},"modified":"2024-02-03T21:37:20","modified_gmt":"2024-02-03T20:37:20","slug":"vdrbw-mitgliederzahlen","status":"publish","type":"post","link":"https:\/\/ungedient.de\/blog\/reserve\/vdrbw-mitgliederzahlen\/","title":{"rendered":"VdRBw Mitgliederzahlen"},"content":{"rendered":"<div class=\"wpb-content-wrapper\">[vc_row el_id=&#8220;stats&#8220;][vc_column][vc_column_text]In einem <a href=\"https:\/\/www.facebook.com\/story.php?story_fbid=pfbid0bRfrEYYaeddPJS7Va8KH21hAQunhDtAU3iBn4egdrACt9t4rczZiUvcsJwTvvfNRl&amp;id=100064773006133&amp;sfnsn=scwspmo\" target=\"_blank\" rel=\"noopener\">Facebook-Beitrag<\/a> ver\u00f6ffentlichte die Landesgruppe Th\u00fcringen eine Statistik der Mitgliederzahlen (Stand 10.08.2023) des Verband der Reservisten der Deutschen Bundeswehr (<em>VdRBw<\/em>).\u00a0Ich habe mir angeschaut, wie sich die Mitgliederzahlen relativ zu den der Bev\u00f6lkerung der Bundesl\u00e4nder verhalten:[\/vc_column_text][vc_tta_toggle color=&#8220;#43824f&#8220; no_fill_content_area=&#8220;true&#8220; active_section=&#8220;1&#8243; css_animation=&#8220;flipInX&#8220;][vc_tta_toggle_section section_index=&#8220;1&#8243; title=&#8220;relativ&#8220; tab_id=&#8220;1691689694586-af585894-05c3&#8243;][vc_column_text]\n<table dir=\"ltr\" border=\"1\" cellspacing=\"0\" cellpadding=\"0\">\n<tbody>\n<tr>\n<td><\/td>\n<td><strong>Bundesland<\/strong><\/td>\n<td><strong>Mitglieder<\/strong><\/td>\n<td><strong>Bev\u00f6lkerung<\/strong><\/td>\n<td><strong>Anteil pro 10k*<\/strong><\/td>\n<\/tr>\n<tr>\n<td>1<\/td>\n<td>Bayern<\/td>\n<td>41.890<\/td>\n<td>13.176.989<\/td>\n<td>31,8<\/td>\n<\/tr>\n<tr>\n<td>2<\/td>\n<td>Saarland<\/td>\n<td>1.991<\/td>\n<td>982.348<\/td>\n<td>20,3<\/td>\n<\/tr>\n<tr>\n<td>3<\/td>\n<td>Bremen<\/td>\n<td>1.259<\/td>\n<td>676.463<\/td>\n<td>18,6<\/td>\n<\/tr>\n<tr>\n<td>4<\/td>\n<td>Niedersachsen<\/td>\n<td>13.936<\/td>\n<td>8.027.031<\/td>\n<td>17,4<\/td>\n<\/tr>\n<tr>\n<td>5<\/td>\n<td>Hessen<\/td>\n<td>10.589<\/td>\n<td>6.295.017<\/td>\n<td>16,8<\/td>\n<\/tr>\n<tr>\n<td>6<\/td>\n<td>Rheinland-Pfalz<\/td>\n<td>6.619<\/td>\n<td>4.106.485<\/td>\n<td>16,1<\/td>\n<\/tr>\n<tr>\n<td>7<\/td>\n<td>Hamburg<\/td>\n<td>2.299<\/td>\n<td>1.853.935<\/td>\n<td>12,4<\/td>\n<\/tr>\n<tr>\n<td>8<\/td>\n<td>Schleswig-Holstein<\/td>\n<td>2.955<\/td>\n<td>2.922.005<\/td>\n<td>10,1<\/td>\n<\/tr>\n<tr>\n<td>9<\/td>\n<td>Baden-W\u00fcrttemberg<\/td>\n<td>10.895<\/td>\n<td>11.124.642<\/td>\n<td>9,8<\/td>\n<\/tr>\n<tr>\n<td>10<\/td>\n<td>Nordrhein-Westphalen<\/td>\n<td>16.087<\/td>\n<td>17.924.591<\/td>\n<td>9,0<\/td>\n<\/tr>\n<tr>\n<td>11<\/td>\n<td>Mecklenburg-Vorpommern<\/td>\n<td>1.278<\/td>\n<td>1.611.160<\/td>\n<td>7,9<\/td>\n<\/tr>\n<tr>\n<td>12<\/td>\n<td>Sachsen-Anhalt<\/td>\n<td>1.298<\/td>\n<td>2.169.253<\/td>\n<td>6,0<\/td>\n<\/tr>\n<tr>\n<td>13<\/td>\n<td>Th\u00fcringen<\/td>\n<td>1.174<\/td>\n<td>2.108.863<\/td>\n<td>5,6<\/td>\n<\/tr>\n<tr>\n<td>14<\/td>\n<td>Brandenburg<\/td>\n<td>1.309<\/td>\n<td>2.537.868<\/td>\n<td>5,2<\/td>\n<\/tr>\n<tr>\n<td>15<\/td>\n<td>Berlin<\/td>\n<td>1.878<\/td>\n<td>3.677.472<\/td>\n<td>5,1<\/td>\n<\/tr>\n<tr>\n<td>16<\/td>\n<td>Sachsen<\/td>\n<td>1.946<\/td>\n<td>4.043.002<\/td>\n<td>4,8<\/td>\n<\/tr>\n<\/tbody>\n<\/table>\n<p><small>* Anzahl an Reservisten auf 10.000 Einwohner.<\/small>[\/vc_column_text][\/vc_tta_toggle_section][vc_tta_toggle_section section_index=&#8220;2&#8243; title=&#8220;absolut&#8220; tab_id=&#8220;1691689694598-b63f8e60-9660&#8243;][vc_column_text]\n<table dir=\"ltr\" border=\"1\" cellspacing=\"0\" cellpadding=\"0\">\n<tbody>\n<tr>\n<td data-sheets-value=\"{1:2,2:Bundesland}\"><strong>Bundesland<\/strong><\/td>\n<td data-sheets-value=\"{1:2,2:Mitglieder}\"><strong>Mitglieder<\/strong><\/td>\n<td data-sheets-value=\"{1:2,2:Bev\u00f6lkerung}\"><strong>Bev\u00f6lkerung<\/strong><\/td>\n<td data-sheets-value=\"{1:2,2:Anteil pro 10k}\"><strong>Anteil pro 10k*<\/strong><\/td>\n<\/tr>\n<tr>\n<td data-sheets-value=\"{1:2,2:Bayern}\">Bayern<\/td>\n<td data-sheets-value=\"{1:3,3:41890}\">41.890<\/td>\n<td data-sheets-value=\"{1:3,3:13176989}\">13.176.989<\/td>\n<td data-sheets-value=\"{1:3,3:31.790267108821293}\">31,8<\/td>\n<\/tr>\n<tr>\n<td data-sheets-value=\"{1:2,2:Nordrhein-Westphalen}\">Nordrhein-Westphalen<\/td>\n<td data-sheets-value=\"{1:3,3:16087}\">16.087<\/td>\n<td data-sheets-value=\"{1:3,3:17924591}\">17.924.591<\/td>\n<td data-sheets-value=\"{1:3,3:8.974821238598972}\">9,0<\/td>\n<\/tr>\n<tr>\n<td data-sheets-value=\"{1:2,2:Niedersachsen}\">Niedersachsen<\/td>\n<td data-sheets-value=\"{1:3,3:13936}\">13.936<\/td>\n<td data-sheets-value=\"{1:3,3:8027031}\">8.027.031<\/td>\n<td data-sheets-value=\"{1:3,3:17.36133820836122}\">17,4<\/td>\n<\/tr>\n<tr>\n<td data-sheets-value=\"{1:2,2:Baden-W\u00fcrttemberg}\">Baden-W\u00fcrttemberg<\/td>\n<td data-sheets-value=\"{1:3,3:10895}\">10.895<\/td>\n<td data-sheets-value=\"{1:3,3:11124642}\">11.124.642<\/td>\n<td data-sheets-value=\"{1:3,3:9.793573581963356}\">9,8<\/td>\n<\/tr>\n<tr>\n<td data-sheets-value=\"{1:2,2:Hessen}\">Hessen<\/td>\n<td data-sheets-value=\"{1:3,3:10589}\">10.589<\/td>\n<td data-sheets-value=\"{1:3,3:6295017}\">6.295.017<\/td>\n<td data-sheets-value=\"{1:3,3:16.82124130880028}\">16,8<\/td>\n<\/tr>\n<tr>\n<td data-sheets-value=\"{1:2,2:Rheinland-Pfalz}\">Rheinland-Pfalz<\/td>\n<td data-sheets-value=\"{1:3,3:6619}\">6.619<\/td>\n<td data-sheets-value=\"{1:3,3:4106485}\">4.106.485<\/td>\n<td data-sheets-value=\"{1:3,3:16.11840783541155}\">16,1<\/td>\n<\/tr>\n<tr>\n<td data-sheets-value=\"{1:2,2:Schleswig-Holstein}\">Schleswig-Holstein<\/td>\n<td data-sheets-value=\"{1:3,3:2955}\">2.955<\/td>\n<td data-sheets-value=\"{1:3,3:2922005}\">2.922.005<\/td>\n<td data-sheets-value=\"{1:3,3:10.112919040179602}\">10,1<\/td>\n<\/tr>\n<tr>\n<td data-sheets-value=\"{1:2,2:Hamburg}\">Hamburg<\/td>\n<td data-sheets-value=\"{1:3,3:2299}\">2.299<\/td>\n<td data-sheets-value=\"{1:3,3:1853935}\">1.853.935<\/td>\n<td data-sheets-value=\"{1:3,3:12.400650508243276}\">12,4<\/td>\n<\/tr>\n<tr>\n<td data-sheets-value=\"{1:2,2:Saarland}\">Saarland<\/td>\n<td data-sheets-value=\"{1:3,3:1991}\">1.991<\/td>\n<td data-sheets-value=\"{1:3,3:982348}\">982.348<\/td>\n<td data-sheets-value=\"{1:3,3:20.267766616311125}\">20,3<\/td>\n<\/tr>\n<tr>\n<td data-sheets-value=\"{1:2,2:Sachsen}\">Sachsen<\/td>\n<td data-sheets-value=\"{1:3,3:1946}\">1.946<\/td>\n<td data-sheets-value=\"{1:3,3:4043002}\">4.043.002<\/td>\n<td data-sheets-value=\"{1:3,3:4.81325510103631}\">4,8<\/td>\n<\/tr>\n<tr>\n<td data-sheets-value=\"{1:2,2:Berlin}\">Berlin<\/td>\n<td data-sheets-value=\"{1:3,3:1878}\">1.878<\/td>\n<td data-sheets-value=\"{1:3,3:3677472}\">3.677.472<\/td>\n<td data-sheets-value=\"{1:3,3:5.106768997833294}\">5,1<\/td>\n<\/tr>\n<tr>\n<td data-sheets-value=\"{1:2,2:Brandenburg}\">Brandenburg<\/td>\n<td data-sheets-value=\"{1:3,3:1309}\">1.309<\/td>\n<td data-sheets-value=\"{1:3,3:2537868}\">2.537.868<\/td>\n<td data-sheets-value=\"{1:3,3:5.157872671076668}\">5,2<\/td>\n<\/tr>\n<tr>\n<td data-sheets-value=\"{1:2,2:Sachsen-Anhalt}\">Sachsen-Anhalt<\/td>\n<td data-sheets-value=\"{1:3,3:1298}\">1.298<\/td>\n<td data-sheets-value=\"{1:3,3:2169253}\">2.169.253<\/td>\n<td data-sheets-value=\"{1:3,3:5.983626621698806}\">6,0<\/td>\n<\/tr>\n<tr>\n<td data-sheets-value=\"{1:2,2:Mecklenburg-Vorpommern}\">Mecklenburg-Vorpommern<\/td>\n<td data-sheets-value=\"{1:3,3:1278}\">1.278<\/td>\n<td data-sheets-value=\"{1:3,3:1611160}\">1.611.160<\/td>\n<td data-sheets-value=\"{1:3,3:7.932173092678567}\">7,9<\/td>\n<\/tr>\n<tr>\n<td data-sheets-value=\"{1:2,2:Bremen}\">Bremen<\/td>\n<td data-sheets-value=\"{1:3,3:1259}\">1.259<\/td>\n<td data-sheets-value=\"{1:3,3:676463}\">676.463<\/td>\n<td data-sheets-value=\"{1:3,3:18.611513120451523}\">18,6<\/td>\n<\/tr>\n<tr>\n<td data-sheets-value=\"{1:2,2:Th\u00fcringen}\">Th\u00fcringen<\/td>\n<td data-sheets-value=\"{1:3,3:1174}\">1.174<\/td>\n<td data-sheets-value=\"{1:3,3:2108863}\">2.108.863<\/td>\n<td data-sheets-value=\"{1:3,3:5.566980880218392}\">5,6<\/td>\n<\/tr>\n<\/tbody>\n<\/table>\n<p><small>* Anzahl an Reservisten auf 10.000 Einwohner.<\/small>[\/vc_column_text][\/vc_tta_toggle_section][\/vc_tta_toggle][vc_single_image image=&#8220;2593&#8243; img_size=&#8220;full&#8220; add_caption=&#8220;yes&#8220; alignment=&#8220;center&#8220; style=&#8220;vc_box_shadow_3d&#8220; onclick=&#8220;link_image&#8220; css_animation=&#8220;appear&#8220;][vc_column_text]Bezogen auf seine Bev\u00f6lkerung hat das Bundesland bzw. die Landesgruppe Bayern die meisten Mitglieder, dies gilt auch in absoluten Zahlen. Auf Platz 2 folgt dann das Saarland, mit einer Quote von rund 20 Reservisten pro 10.000 Einwohner. Den dritten Platz belegt Bremen mit 18,6:10.000 &#8211; gefolgt von Niedersachsen. Das Schlusslicht bilden Brandenburg, Berlin und Sachsen mit jeweils etwa 5 Reservisten auf 10.000 Menschen.[\/vc_column_text][vc_single_image image=&#8220;2594&#8243; img_size=&#8220;full&#8220; add_caption=&#8220;yes&#8220; alignment=&#8220;center&#8220; style=&#8220;vc_box_shadow_3d&#8220; onclick=&#8220;link_image&#8220; css_animation=&#8220;appear&#8220;][vc_row_inner][vc_column_inner][vc_column_text]Neben den gro\u00dfen Zahlen sei nat\u00fcrlich auch angemerkt, dass, wie bei Vereinen \u00fcblich, nicht jeder der &#8222;auf dem Papier steht&#8220; auch bei allen Aktivit\u00e4ten des Reservistenverbandes anwesend ist. Der VdRBw ist die Interessenvertretung der Reserve &#8211; also auch f\u00fcr (k\u00fcnftige) Heimatsch\u00fctzer aus dem Programm f\u00fcr Ungediente. Mitglied werden kann man auch <em>ohne<\/em> gedient zu haben &#8211; als so genanntes F\u00f6rdermitglied. Als &#8222;F\u00f6rderer&#8220; kann man dennoch an vielen Aktivit\u00e4ten des Verbandes teilnehmen! Also: <a href=\"https:\/\/www.reservistenverband.de\/mitglied_werden\/\" target=\"_blank\" rel=\"noopener\">Jetzt Mitglied werden!<\/a>[\/vc_column_text][\/vc_column_inner][\/vc_row_inner][\/vc_column][\/vc_row][vc_row color=&#8220;&#8220; message_box_style=&#8220;solid&#8220; style=&#8220;rounded&#8220; message_box_color=&#8220;grey&#8220; icon_type=&#8220;fontawesome&#8220; icon_fontawesome=&#8220;fas fa-image&#8220; icon_monosocial=&#8220;vc-mono vc-mono-fivehundredpx&#8220; icon_openiconic=&#8220;&#8220; icon_typicons=&#8220;&#8220; icon_entypo=&#8220;&#8220; icon_linecons=&#8220;&#8220; icon_pixelicons=&#8220;&#8220;][vc_column][vc_column_text]Quellen: <a href=\"https:\/\/oeffentlicher-dienst-news.de\/einwohner-deutschland\/\" target=\"_blank\" rel=\"noopener\">Bev\u00f6lkerungszahlen (2022)<\/a>, <a href=\"https:\/\/www.facebook.com\/reservisten.thueringen\" target=\"_blank\" rel=\"noopener\">Mitgliedschaften Landesgruppen (2023)<\/a>.<br \/>\nAlle Angaben nat\u00fcrlich ohne Gew\u00e4hr. <a href=\"#comments\" rel=\"noopener\">Fehler gefunden? Melden!<\/a><\/p>\n<hr \/>\n[\/vc_column_text][vc_message message_box_style=&#8220;solid&#8220; message_box_color=&#8220;grey&#8220; icon_fontawesome=&#8220;fas fa-image&#8220;]<strong>Titelbild<\/strong><br \/>\n\u00a9 Eigene Grafik \/ Shutterstock, Logo: Verband der Reservisten der Deutschen Bundes\u00adwehr e. V.[\/vc_message][\/vc_column][\/vc_row]\n\r\n\t\t\t<div id=\"daexthefu-container\"\r\n\t\t\t\tclass=\"daexthefu-container daexthefu-layout-stacked daexthefu-alignment-center\"\r\n\t\t\t\tdata-post-id=\"2588\">\r\n\r\n\t\t\t\t<div class=\"daexthefu-feedback\">\r\n\t\t\t\t\t<div class=\"daexthefu-text\">\r\n\t\t\t\t\t\t<h3 class=\"daexthefu-title\">War dieser Artikel f\u00fcr dich hilfreich?<\/h3>\r\n\t\t\t\t\t<\/div>\r\n\t\t\t\t\t<div class=\"daexthefu-buttons-container\">\r\n\t\t\t\t\t\t<div class=\"daexthefu-buttons\">\r\n\t\t\t\t\t\t\t\r\n\t\t\t<div class=\"daexthefu-yes daexthefu-button daexthefu-button-type-icon\" data-value=\"1\">\r\n\t\t\t\t\r\n                <svg>\r\n                    <defs>\r\n                        <style>.thumb-up-cls-1{fill:#c9c9c9;}.thumb-up-cls-2{fill:#e1e1e1;}.thumb-up-cls-3{fill:#676767;}<\/style>\r\n                    <\/defs>\r\n                    <g id=\"thumb_up\">\r\n                        <path class=\"thumb-up-cls-2 daexthefu-icon-circle\" d=\"m24,3c11.58,0,21,9.42,21,21s-9.42,21-21,21S3,35.58,3,24,12.42,3,24,3m0-1C11.85,2,2,11.85,2,24s9.85,22,22,22,22-9.85,22-22S36.15,2,24,2h0Z\" \/>\r\n                        <g>\r\n                            <rect class=\"thumb-up-cls-3 daexthefu-icon-secondary-color\" x=\"10\" y=\"20\" width=\"6\" height=\"15\" rx=\"1.5\" ry=\"1.5\" \/>\r\n                            <path class=\"thumb-up-cls-1 daexthefu-icon-primary-color\" d=\"m30.57,9.06l-.49-.1c-.81-.17-1.61.35-1.78,1.16l-5.3,11.74c-.17.81,3.16,1.61,3.97,1.78l1.96.41c.81.17,1.61-.35,1.78-1.16l2.18-10.27c.34-1.61-.7-3.21-2.31-3.56Z\" \/>\r\n                            <path class=\"thumb-up-cls-1 daexthefu-icon-primary-color\" d=\"m38.17,20h-18.67c-.83,0-1.5.67-1.5,1.5v12c0,.83.67,1.5,1.5,1.5h16.27c.71,0,1.33-.5,1.47-1.21l2.4-12c.19-.93-.53-1.8-1.47-1.8Z\" \/>\r\n                        <\/g>\r\n                    <\/g>\r\n                <\/svg>\t\t\t<\/div>\r\n\r\n\t\t\t\t\t\t\t\t\t\t\r\n\t\t\t<div class=\"daexthefu-no daexthefu-button daexthefu-button-type-icon\" data-value=\"0\">\r\n\t\t\t\t\r\n                <svg>\r\n                    <defs>\r\n                        <style>.thumb-down-cls-1{fill:#c9c9c9;}.thumb-down-cls-2{fill:#e1e1e1;}.thumb-down-cls-3{fill:#676767;}<\/style>\r\n                    <\/defs>\r\n                    <g id=\"thumb_down\">\r\n                        <path class=\"thumb-down-cls-2 daexthefu-icon-circle\" d=\"m24,3c11.58,0,21,9.42,21,21s-9.42,21-21,21S3,35.58,3,24,12.42,3,24,3m0-1C11.85,2,2,11.85,2,24s9.85,22,22,22,22-9.85,22-22S36.15,2,24,2h0Z\" \/>\r\n                        <g>\r\n                            <rect class=\"thumb-down-cls-3 daexthefu-icon-secondary-color\" x=\"10\" y=\"13\" width=\"6\" height=\"15\" rx=\"1.5\" ry=\"1.5\" \/>\r\n                            <path class=\"thumb-down-cls-1 daexthefu-icon-primary-color\" d=\"m30.57,38.94l-.49.1c-.81.17-1.61-.35-1.78-1.16l-5.3-11.74c-.17-.81,3.16-1.61,3.97-1.78l1.96-.41c.81-.17,1.61.35,1.78,1.16l2.18,10.27c.34,1.61-.7,3.21-2.31,3.56Z\" \/>\r\n                            <path class=\"thumb-down-cls-1 daexthefu-icon-primary-color\" d=\"m38.17,28h-18.67c-.83,0-1.5-.67-1.5-1.5v-12c0-.83.67-1.5,1.5-1.5h16.27c.71,0,1.33.5,1.47,1.21l2.4,12c.19.93-.53,1.8-1.47,1.8Z\" \/>\r\n                        <\/g>\r\n                    <\/g>\r\n                <\/svg>\t\t\t<\/div>\r\n\r\n\t\t\t\t\t\t\t\t\t<\/div>\r\n\t\t\t\t\t<\/div>\r\n\t\t\t\t<\/div>\r\n\r\n\t\t\t\t<div class=\"daexthefu-comment\">\r\n\t\t\t\t\t<div class=\"daexthefu-comment-top-container\">\r\n\t\t\t\t\t\t<label id=\"daexthefu-comment-label\" class=\"daexthefu-comment-label\"><\/label>\r\n\t\t\t\t\t\t\t\t\t\t\t\t\t<div class=\"daexthefu-comment-character-counter-container\">\r\n\t\t\t\t\t\t\t\t<div id=\"daexthefu-comment-character-counter-number\"\r\n\t\t\t\t\t\t\t\t\tclass=\"daexthefu-comment-character-counter-number\"><\/div>\r\n\t\t\t\t\t\t\t\t<div class=\"daexthefu-comment-character-counter-text\"><\/div>\r\n\t\t\t\t\t\t\t<\/div>\r\n\t\t\t\t\t\t\t\t\t\t\t<\/div>\r\n\t\t\t\t\t<textarea id=\"daexthefu-comment-textarea\" class=\"daexthefu-comment-textarea\"\r\n\t\t\t\t\t\t\t\tplaceholder=\"Dein Feedback\u2026\"\r\n\t\t\t\t\t\t\t\tmaxlength=\"\r\n\t\t\t\t\t\t\t\t500\t\t\t\t\t\t\t\t\t\"><\/textarea>\r\n\t\t\t\t\t<div class=\"daexthefu-comment-buttons-container\">\r\n\t\t\t\t\t\t<button class=\"daexthefu-comment-submit daexthefu-button\">senden<\/button>\r\n\t\t\t\t\t\t<button class=\"daexthefu-comment-cancel daexthefu-button\">abbrechen<\/button>\r\n\t\t\t\t\t<\/div>\r\n\t\t\t\t<\/div>\r\n\r\n\t\t\t\t<div class=\"daexthefu-successful-submission-text\">Vielen Dank!<\/div>\r\n\r\n\t\t\t<\/div>\r\n\r\n\t\t\t<\/div>","protected":false},"excerpt":{"rendered":"<p>Der Verband der VdRBw hat nach eigenen Angaben rund 115.000 Mitglieder.<\/p>\n","protected":false},"author":1,"featured_media":2547,"comment_status":"open","ping_status":"open","sticky":false,"template":"","format":"status","meta":{"_helpful_status":1,"inline_featured_image":false,"footnotes":""},"categories":[20],"tags":[17,18,219,220],"class_list":["post-2588","post","type-post","status-publish","format-status","has-post-thumbnail","hentry","category-reserve","tag-reserve","tag-reservistenkameradschaft","tag-statistik","tag-reservistenverband","post_format-post-format-status"],"acf":[],"yoast_head":"<!-- This site is optimized with the Yoast SEO plugin v27.5 - https:\/\/yoast.com\/product\/yoast-seo-wordpress\/ -->\n<title>VdRBw Mitgliederzahlen &#8226; UNgedient.<\/title>\n<meta name=\"robots\" content=\"index, follow, max-snippet:-1, max-image-preview:large, max-video-preview:-1\" \/>\n<link rel=\"canonical\" href=\"https:\/\/ungedient.de\/blog\/reserve\/vdrbw-mitgliederzahlen\/\" \/>\n<meta property=\"og:locale\" content=\"de_DE\" \/>\n<meta property=\"og:type\" content=\"article\" \/>\n<meta property=\"og:title\" content=\"VdRBw Mitgliederzahlen &#8226; UNgedient.\" \/>\n<meta property=\"og:description\" content=\"Der Verband der VdRBw hat nach eigenen Angaben rund 115.000 Mitglieder.\" \/>\n<meta property=\"og:url\" content=\"https:\/\/ungedient.de\/blog\/reserve\/vdrbw-mitgliederzahlen\/\" \/>\n<meta property=\"og:site_name\" content=\"UNgedient.\" \/>\n<meta property=\"article:publisher\" content=\"https:\/\/www.facebook.com\/fuchs52y\" \/>\n<meta property=\"article:author\" content=\"https:\/\/facebook.com\/fuchs52y\" \/>\n<meta property=\"article:published_time\" content=\"2023-08-10T17:45:48+00:00\" \/>\n<meta property=\"article:modified_time\" content=\"2024-02-03T20:37:20+00:00\" \/>\n<meta property=\"og:image\" content=\"https:\/\/ungedient.de\/blog\/wp-content\/uploads\/2023\/08\/reservistenverband-stats.jpg\" \/>\n\t<meta property=\"og:image:width\" content=\"950\" \/>\n\t<meta property=\"og:image:height\" content=\"500\" \/>\n\t<meta property=\"og:image:type\" content=\"image\/jpeg\" \/>\n<meta name=\"author\" content=\"Daniel\" \/>\n<meta name=\"twitter:card\" content=\"summary_large_image\" \/>\n<meta name=\"twitter:label1\" content=\"Verfasst von\" \/>\n\t<meta name=\"twitter:data1\" content=\"Daniel\" \/>\n\t<meta name=\"twitter:label2\" content=\"Gesch\u00e4tzte Lesezeit\" \/>\n\t<meta name=\"twitter:data2\" content=\"3\u00a0Minuten\" \/>\n<script type=\"application\/ld+json\" class=\"yoast-schema-graph\">{\"@context\":\"https:\\\/\\\/schema.org\",\"@graph\":[{\"@type\":\"Article\",\"@id\":\"https:\\\/\\\/ungedient.de\\\/blog\\\/reserve\\\/vdrbw-mitgliederzahlen\\\/#article\",\"isPartOf\":{\"@id\":\"https:\\\/\\\/ungedient.de\\\/blog\\\/reserve\\\/vdrbw-mitgliederzahlen\\\/\"},\"author\":{\"name\":\"Daniel\",\"@id\":\"https:\\\/\\\/ungedient.de\\\/blog\\\/#\\\/schema\\\/person\\\/1648f47e5e180daeaa9f15f2dd485bf5\"},\"headline\":\"VdRBw Mitgliederzahlen\",\"datePublished\":\"2023-08-10T17:45:48+00:00\",\"dateModified\":\"2024-02-03T20:37:20+00:00\",\"mainEntityOfPage\":{\"@id\":\"https:\\\/\\\/ungedient.de\\\/blog\\\/reserve\\\/vdrbw-mitgliederzahlen\\\/\"},\"wordCount\":488,\"commentCount\":0,\"publisher\":{\"@id\":\"https:\\\/\\\/ungedient.de\\\/blog\\\/#organization\"},\"image\":{\"@id\":\"https:\\\/\\\/ungedient.de\\\/blog\\\/reserve\\\/vdrbw-mitgliederzahlen\\\/#primaryimage\"},\"thumbnailUrl\":\"https:\\\/\\\/ungedient.de\\\/blog\\\/wp-content\\\/uploads\\\/2023\\\/08\\\/reservistenverband-stats.jpg\",\"keywords\":[\"reserve\",\"reservistenkameradschaft\",\"statistik\",\"reservistenverband\"],\"articleSection\":[\"Reserve\"],\"inLanguage\":\"de\",\"potentialAction\":[{\"@type\":\"CommentAction\",\"name\":\"Comment\",\"target\":[\"https:\\\/\\\/ungedient.de\\\/blog\\\/reserve\\\/vdrbw-mitgliederzahlen\\\/#respond\"]}]},{\"@type\":\"WebPage\",\"@id\":\"https:\\\/\\\/ungedient.de\\\/blog\\\/reserve\\\/vdrbw-mitgliederzahlen\\\/\",\"url\":\"https:\\\/\\\/ungedient.de\\\/blog\\\/reserve\\\/vdrbw-mitgliederzahlen\\\/\",\"name\":\"VdRBw Mitgliederzahlen &#8226; UNgedient.\",\"isPartOf\":{\"@id\":\"https:\\\/\\\/ungedient.de\\\/blog\\\/#website\"},\"primaryImageOfPage\":{\"@id\":\"https:\\\/\\\/ungedient.de\\\/blog\\\/reserve\\\/vdrbw-mitgliederzahlen\\\/#primaryimage\"},\"image\":{\"@id\":\"https:\\\/\\\/ungedient.de\\\/blog\\\/reserve\\\/vdrbw-mitgliederzahlen\\\/#primaryimage\"},\"thumbnailUrl\":\"https:\\\/\\\/ungedient.de\\\/blog\\\/wp-content\\\/uploads\\\/2023\\\/08\\\/reservistenverband-stats.jpg\",\"datePublished\":\"2023-08-10T17:45:48+00:00\",\"dateModified\":\"2024-02-03T20:37:20+00:00\",\"breadcrumb\":{\"@id\":\"https:\\\/\\\/ungedient.de\\\/blog\\\/reserve\\\/vdrbw-mitgliederzahlen\\\/#breadcrumb\"},\"inLanguage\":\"de\",\"potentialAction\":[{\"@type\":\"ReadAction\",\"target\":[\"https:\\\/\\\/ungedient.de\\\/blog\\\/reserve\\\/vdrbw-mitgliederzahlen\\\/\"]}]},{\"@type\":\"ImageObject\",\"inLanguage\":\"de\",\"@id\":\"https:\\\/\\\/ungedient.de\\\/blog\\\/reserve\\\/vdrbw-mitgliederzahlen\\\/#primaryimage\",\"url\":\"https:\\\/\\\/ungedient.de\\\/blog\\\/wp-content\\\/uploads\\\/2023\\\/08\\\/reservistenverband-stats.jpg\",\"contentUrl\":\"https:\\\/\\\/ungedient.de\\\/blog\\\/wp-content\\\/uploads\\\/2023\\\/08\\\/reservistenverband-stats.jpg\",\"width\":950,\"height\":500},{\"@type\":\"BreadcrumbList\",\"@id\":\"https:\\\/\\\/ungedient.de\\\/blog\\\/reserve\\\/vdrbw-mitgliederzahlen\\\/#breadcrumb\",\"itemListElement\":[{\"@type\":\"ListItem\",\"position\":1,\"name\":\"Startseite\",\"item\":\"https:\\\/\\\/ungedient.de\\\/blog\\\/\"},{\"@type\":\"ListItem\",\"position\":2,\"name\":\"Reserve\",\"item\":\"https:\\\/\\\/ungedient.de\\\/blog\\\/thema\\\/reserve\\\/\"},{\"@type\":\"ListItem\",\"position\":3,\"name\":\"VdRBw Mitgliederzahlen\"}]},{\"@type\":\"WebSite\",\"@id\":\"https:\\\/\\\/ungedient.de\\\/blog\\\/#website\",\"url\":\"https:\\\/\\\/ungedient.de\\\/blog\\\/\",\"name\":\"UNgedient. Vom Ungedienten zur Bundeswehr.\",\"description\":\"Dein Weg in die Reserve der Bundeswehr\",\"publisher\":{\"@id\":\"https:\\\/\\\/ungedient.de\\\/blog\\\/#organization\"},\"alternateName\":\"Ausbildung f\u00fcr Ungediente\",\"potentialAction\":[{\"@type\":\"SearchAction\",\"target\":{\"@type\":\"EntryPoint\",\"urlTemplate\":\"https:\\\/\\\/ungedient.de\\\/blog\\\/?s={search_term_string}\"},\"query-input\":{\"@type\":\"PropertyValueSpecification\",\"valueRequired\":true,\"valueName\":\"search_term_string\"}}],\"inLanguage\":\"de\"},{\"@type\":\"Organization\",\"@id\":\"https:\\\/\\\/ungedient.de\\\/blog\\\/#organization\",\"name\":\"UNgedient. Vom Ungedienten zur Bundeswehr.\",\"alternateName\":\"Ausbildung Ungedienter zum Reservisten der Bundeswehr\",\"url\":\"https:\\\/\\\/ungedient.de\\\/blog\\\/\",\"logo\":{\"@type\":\"ImageObject\",\"inLanguage\":\"de\",\"@id\":\"https:\\\/\\\/ungedient.de\\\/blog\\\/#\\\/schema\\\/logo\\\/image\\\/\",\"url\":\"https:\\\/\\\/ungedient.de\\\/blog\\\/wp-content\\\/uploads\\\/2023\\\/03\\\/ungedient-favicon.jpg\",\"contentUrl\":\"https:\\\/\\\/ungedient.de\\\/blog\\\/wp-content\\\/uploads\\\/2023\\\/03\\\/ungedient-favicon.jpg\",\"width\":520,\"height\":520,\"caption\":\"UNgedient. Vom Ungedienten zur Bundeswehr.\"},\"image\":{\"@id\":\"https:\\\/\\\/ungedient.de\\\/blog\\\/#\\\/schema\\\/logo\\\/image\\\/\"},\"sameAs\":[\"https:\\\/\\\/www.facebook.com\\\/fuchs52y\"]},{\"@type\":\"Person\",\"@id\":\"https:\\\/\\\/ungedient.de\\\/blog\\\/#\\\/schema\\\/person\\\/1648f47e5e180daeaa9f15f2dd485bf5\",\"name\":\"Daniel\",\"image\":{\"@type\":\"ImageObject\",\"inLanguage\":\"de\",\"@id\":\"https:\\\/\\\/secure.gravatar.com\\\/avatar\\\/ef3cfcfe1a934ab692f6ac8a025998218be6f7edf0973bf6f01a1c8634236232?s=96&d=mm&r=g\",\"url\":\"https:\\\/\\\/secure.gravatar.com\\\/avatar\\\/ef3cfcfe1a934ab692f6ac8a025998218be6f7edf0973bf6f01a1c8634236232?s=96&d=mm&r=g\",\"contentUrl\":\"https:\\\/\\\/secure.gravatar.com\\\/avatar\\\/ef3cfcfe1a934ab692f6ac8a025998218be6f7edf0973bf6f01a1c8634236232?s=96&d=mm&r=g\",\"caption\":\"Daniel\"},\"description\":\"Daniel absolvierte die Ausbildung f\u00fcr Ungediente 2023 in Rheinland-Pfalz und ist mittlerweile in der 5.\\\/HSchRgt 3 beordert. Er arbeitete als Reservistendienstleistender in einer Projektgruppe des Territorialen F\u00fchrungskommandos der Bundeswehr und engagiert sich als einer von zwei Beauftragten der Landesgruppe Baden-W\u00fcrttemberg des Verbandes der Reservisten der Deutschen Bundeswehr f\u00fcr die Ausbildung Ungediente. 2025 wurde er Vorsitzender der Reservistenarbeitsgemeinschaft Drohne MO. Daniel ist verheiratet und Vater von drei T\u00f6chtern.\",\"sameAs\":[\"https:\\\/\\\/facebook.com\\\/fuchs52y\"]}]}<\/script>\n<!-- \/ Yoast SEO plugin. -->","yoast_head_json":{"title":"VdRBw Mitgliederzahlen &#8226; UNgedient.","robots":{"index":"index","follow":"follow","max-snippet":"max-snippet:-1","max-image-preview":"max-image-preview:large","max-video-preview":"max-video-preview:-1"},"canonical":"https:\/\/ungedient.de\/blog\/reserve\/vdrbw-mitgliederzahlen\/","og_locale":"de_DE","og_type":"article","og_title":"VdRBw Mitgliederzahlen &#8226; UNgedient.","og_description":"Der Verband der VdRBw hat nach eigenen Angaben rund 115.000 Mitglieder.","og_url":"https:\/\/ungedient.de\/blog\/reserve\/vdrbw-mitgliederzahlen\/","og_site_name":"UNgedient.","article_publisher":"https:\/\/www.facebook.com\/fuchs52y","article_author":"https:\/\/facebook.com\/fuchs52y","article_published_time":"2023-08-10T17:45:48+00:00","article_modified_time":"2024-02-03T20:37:20+00:00","og_image":[{"width":950,"height":500,"url":"https:\/\/ungedient.de\/blog\/wp-content\/uploads\/2023\/08\/reservistenverband-stats.jpg","type":"image\/jpeg"}],"author":"Daniel","twitter_card":"summary_large_image","twitter_misc":{"Verfasst von":"Daniel","Gesch\u00e4tzte Lesezeit":"3\u00a0Minuten"},"schema":{"@context":"https:\/\/schema.org","@graph":[{"@type":"Article","@id":"https:\/\/ungedient.de\/blog\/reserve\/vdrbw-mitgliederzahlen\/#article","isPartOf":{"@id":"https:\/\/ungedient.de\/blog\/reserve\/vdrbw-mitgliederzahlen\/"},"author":{"name":"Daniel","@id":"https:\/\/ungedient.de\/blog\/#\/schema\/person\/1648f47e5e180daeaa9f15f2dd485bf5"},"headline":"VdRBw Mitgliederzahlen","datePublished":"2023-08-10T17:45:48+00:00","dateModified":"2024-02-03T20:37:20+00:00","mainEntityOfPage":{"@id":"https:\/\/ungedient.de\/blog\/reserve\/vdrbw-mitgliederzahlen\/"},"wordCount":488,"commentCount":0,"publisher":{"@id":"https:\/\/ungedient.de\/blog\/#organization"},"image":{"@id":"https:\/\/ungedient.de\/blog\/reserve\/vdrbw-mitgliederzahlen\/#primaryimage"},"thumbnailUrl":"https:\/\/ungedient.de\/blog\/wp-content\/uploads\/2023\/08\/reservistenverband-stats.jpg","keywords":["reserve","reservistenkameradschaft","statistik","reservistenverband"],"articleSection":["Reserve"],"inLanguage":"de","potentialAction":[{"@type":"CommentAction","name":"Comment","target":["https:\/\/ungedient.de\/blog\/reserve\/vdrbw-mitgliederzahlen\/#respond"]}]},{"@type":"WebPage","@id":"https:\/\/ungedient.de\/blog\/reserve\/vdrbw-mitgliederzahlen\/","url":"https:\/\/ungedient.de\/blog\/reserve\/vdrbw-mitgliederzahlen\/","name":"VdRBw Mitgliederzahlen &#8226; UNgedient.","isPartOf":{"@id":"https:\/\/ungedient.de\/blog\/#website"},"primaryImageOfPage":{"@id":"https:\/\/ungedient.de\/blog\/reserve\/vdrbw-mitgliederzahlen\/#primaryimage"},"image":{"@id":"https:\/\/ungedient.de\/blog\/reserve\/vdrbw-mitgliederzahlen\/#primaryimage"},"thumbnailUrl":"https:\/\/ungedient.de\/blog\/wp-content\/uploads\/2023\/08\/reservistenverband-stats.jpg","datePublished":"2023-08-10T17:45:48+00:00","dateModified":"2024-02-03T20:37:20+00:00","breadcrumb":{"@id":"https:\/\/ungedient.de\/blog\/reserve\/vdrbw-mitgliederzahlen\/#breadcrumb"},"inLanguage":"de","potentialAction":[{"@type":"ReadAction","target":["https:\/\/ungedient.de\/blog\/reserve\/vdrbw-mitgliederzahlen\/"]}]},{"@type":"ImageObject","inLanguage":"de","@id":"https:\/\/ungedient.de\/blog\/reserve\/vdrbw-mitgliederzahlen\/#primaryimage","url":"https:\/\/ungedient.de\/blog\/wp-content\/uploads\/2023\/08\/reservistenverband-stats.jpg","contentUrl":"https:\/\/ungedient.de\/blog\/wp-content\/uploads\/2023\/08\/reservistenverband-stats.jpg","width":950,"height":500},{"@type":"BreadcrumbList","@id":"https:\/\/ungedient.de\/blog\/reserve\/vdrbw-mitgliederzahlen\/#breadcrumb","itemListElement":[{"@type":"ListItem","position":1,"name":"Startseite","item":"https:\/\/ungedient.de\/blog\/"},{"@type":"ListItem","position":2,"name":"Reserve","item":"https:\/\/ungedient.de\/blog\/thema\/reserve\/"},{"@type":"ListItem","position":3,"name":"VdRBw Mitgliederzahlen"}]},{"@type":"WebSite","@id":"https:\/\/ungedient.de\/blog\/#website","url":"https:\/\/ungedient.de\/blog\/","name":"UNgedient. Vom Ungedienten zur Bundeswehr.","description":"Dein Weg in die Reserve der Bundeswehr","publisher":{"@id":"https:\/\/ungedient.de\/blog\/#organization"},"alternateName":"Ausbildung f\u00fcr Ungediente","potentialAction":[{"@type":"SearchAction","target":{"@type":"EntryPoint","urlTemplate":"https:\/\/ungedient.de\/blog\/?s={search_term_string}"},"query-input":{"@type":"PropertyValueSpecification","valueRequired":true,"valueName":"search_term_string"}}],"inLanguage":"de"},{"@type":"Organization","@id":"https:\/\/ungedient.de\/blog\/#organization","name":"UNgedient. Vom Ungedienten zur Bundeswehr.","alternateName":"Ausbildung Ungedienter zum Reservisten der Bundeswehr","url":"https:\/\/ungedient.de\/blog\/","logo":{"@type":"ImageObject","inLanguage":"de","@id":"https:\/\/ungedient.de\/blog\/#\/schema\/logo\/image\/","url":"https:\/\/ungedient.de\/blog\/wp-content\/uploads\/2023\/03\/ungedient-favicon.jpg","contentUrl":"https:\/\/ungedient.de\/blog\/wp-content\/uploads\/2023\/03\/ungedient-favicon.jpg","width":520,"height":520,"caption":"UNgedient. Vom Ungedienten zur Bundeswehr."},"image":{"@id":"https:\/\/ungedient.de\/blog\/#\/schema\/logo\/image\/"},"sameAs":["https:\/\/www.facebook.com\/fuchs52y"]},{"@type":"Person","@id":"https:\/\/ungedient.de\/blog\/#\/schema\/person\/1648f47e5e180daeaa9f15f2dd485bf5","name":"Daniel","image":{"@type":"ImageObject","inLanguage":"de","@id":"https:\/\/secure.gravatar.com\/avatar\/ef3cfcfe1a934ab692f6ac8a025998218be6f7edf0973bf6f01a1c8634236232?s=96&d=mm&r=g","url":"https:\/\/secure.gravatar.com\/avatar\/ef3cfcfe1a934ab692f6ac8a025998218be6f7edf0973bf6f01a1c8634236232?s=96&d=mm&r=g","contentUrl":"https:\/\/secure.gravatar.com\/avatar\/ef3cfcfe1a934ab692f6ac8a025998218be6f7edf0973bf6f01a1c8634236232?s=96&d=mm&r=g","caption":"Daniel"},"description":"Daniel absolvierte die Ausbildung f\u00fcr Ungediente 2023 in Rheinland-Pfalz und ist mittlerweile in der 5.\/HSchRgt 3 beordert. Er arbeitete als Reservistendienstleistender in einer Projektgruppe des Territorialen F\u00fchrungskommandos der Bundeswehr und engagiert sich als einer von zwei Beauftragten der Landesgruppe Baden-W\u00fcrttemberg des Verbandes der Reservisten der Deutschen Bundeswehr f\u00fcr die Ausbildung Ungediente. 2025 wurde er Vorsitzender der Reservistenarbeitsgemeinschaft Drohne MO. Daniel ist verheiratet und Vater von drei T\u00f6chtern.","sameAs":["https:\/\/facebook.com\/fuchs52y"]}]}},"_links":{"self":[{"href":"https:\/\/ungedient.de\/blog\/wp-json\/wp\/v2\/posts\/2588","targetHints":{"allow":["GET"]}}],"collection":[{"href":"https:\/\/ungedient.de\/blog\/wp-json\/wp\/v2\/posts"}],"about":[{"href":"https:\/\/ungedient.de\/blog\/wp-json\/wp\/v2\/types\/post"}],"author":[{"embeddable":true,"href":"https:\/\/ungedient.de\/blog\/wp-json\/wp\/v2\/users\/1"}],"replies":[{"embeddable":true,"href":"https:\/\/ungedient.de\/blog\/wp-json\/wp\/v2\/comments?post=2588"}],"version-history":[{"count":0,"href":"https:\/\/ungedient.de\/blog\/wp-json\/wp\/v2\/posts\/2588\/revisions"}],"wp:featuredmedia":[{"embeddable":true,"href":"https:\/\/ungedient.de\/blog\/wp-json\/wp\/v2\/media\/2547"}],"wp:attachment":[{"href":"https:\/\/ungedient.de\/blog\/wp-json\/wp\/v2\/media?parent=2588"}],"wp:term":[{"taxonomy":"category","embeddable":true,"href":"https:\/\/ungedient.de\/blog\/wp-json\/wp\/v2\/categories?post=2588"},{"taxonomy":"post_tag","embeddable":true,"href":"https:\/\/ungedient.de\/blog\/wp-json\/wp\/v2\/tags?post=2588"}],"curies":[{"name":"wp","href":"https:\/\/api.w.org\/{rel}","templated":true}]}}