{"id":2798,"date":"2024-01-12T23:02:35","date_gmt":"2024-01-12T22:02:35","guid":{"rendered":"https:\/\/ungedient.de\/blog\/?p=2798"},"modified":"2026-08-24T12:08:52","modified_gmt":"2026-08-24T10:08:52","slug":"bundeswehr-begriffe","status":"publish","type":"post","link":"https:\/\/ungedient.de\/blog\/reserve\/bundeswehr-begriffe\/","title":{"rendered":"Kuriose Bundeswehr-Begriffe"},"content":{"rendered":"<div class=\"wpb-content-wrapper\">[vc_row][vc_column width=&#8220;2\/3&#8243;][vc_column_text]Wer auf der Suche nach &#8222;Teekessel-Begriffen&#8220; ist, der wird bei der Bundeswehr schnell f\u00fcndig. Von Boxer, \u00fcber diverse Tiernamen, wie Wiesel, Leguan oder Leopard, bis hin zum Zugf\u00fchrer findet man alle m\u00f6glichen Begriffe &#8211; die nichts, aber rein gar nichts mit ihren Namensvettern zu tun haben.<\/p>\n<p>Die Bundeswehr legt einen hohen Wert darauf sich &#8211; in den Bereichen in denen es m\u00f6glich ist &#8211; der interessierten \u00d6ffentlichkeit zu \u00f6ffnen. Doch nicht selten gibt es aufgrund der vielen Abk\u00fcrzungen oder dem milit\u00e4rischen Sprachjargon eine gewisse Sprachbarriere. Erschwerend kommt hinzu, dass diese Informationen, wie Filetst\u00fcckchen (zu denen auch die beiden unten genannten Links geh\u00f6ren) so gut in den unendlichen Weiten der Bundeswehr-Website versteckt sind, dass man sie schnell \u00fcbersieht.<\/p>\n<p>Ich habe euch die, wie ich finde, spannendsten Begriffe rausgesucht und erkl\u00e4re sie kurz &#8211; empfehle euch aber dennoch einen Blick auf die genannten Querverweise f\u00fcrs Weiterst\u00f6bern! Insbesondere das <a href=\"https:\/\/www.bundeswehr.de\/de\/organisation\/heer\/uebungen-im-heer\/lagerberg-abc\" target=\"_blank\" rel=\"noopener\">Lagerberg-ABC<\/a> ist klasse \u2013 aber auch <a href=\"https:\/\/www.bundeswehr.de\/de\/ueber-die-bundeswehr\/begriffe-bundeswehr-glossar\" target=\"_blank\" rel=\"noopener\">das Glossar<\/a> trumpft mit einer Vielzahl an Fachbegriffen auf![\/vc_column_text][vc_row_inner css=&#8220;.vc_custom_1705093163673{margin-bottom: 5px !important;background-color: #f4f4f4 !important;border-radius: 4px !important;}&#8220;][vc_column_inner][vc_single_image image=&#8220;2802&#8243; img_size=&#8220;full&#8220;][vc_column_text]\n<h3>Waffenfarbe Rosa<\/h3>\n<p>Ja, es gibt bei der Bundeswehr tats\u00e4chlich die Waffenfarbe Rosa &#8211; allerdings handelt es sich hierbei nicht um einen ausgefallenen Skin f\u00fcr G36 oder P8 sondern um eine Akzentfarbe am Dienstanzug bzw. den Litzen (der Laie w\u00fcrde sagen: &#8222;diese Schn\u00fcrchen an den Schulterklappen&#8220;). Rosa ist \u00fcbrigens die Waffenfarbe der Panzertruppe&#8230; Und die J\u00e4ger tragen, wie alle anderen Infanteristen, nat\u00fcrlich J\u00e4gergr\u00fcn. Achtung: die Farbe des Baretts ist unabh\u00e4ngig von der Waffenfarbe und hat nochmal einen eigenen Farbcode.[\/vc_column_text][\/vc_column_inner][\/vc_row_inner][\/vc_column][vc_column width=&#8220;1\/3&#8243;][vc_column_text]<code>A<\/code>\u2022Ab-, Aufsitzen<br \/>\n<code>B<\/code>\u2022Boxer<br \/>\n<code>C<\/code>\u2022cABCDE-Schema<br \/>\n<code>D<\/code>\u2022Drei Alpha<br \/>\n<code>E<\/code>\u2022Einbruchstelle<br \/>\n<code>F<\/code>\u2022Feldlager<br \/>\n<code>G<\/code>\u2022Gel\u00e4ndebesprechung<br \/>\n<code>H<\/code>\u2022Hinterhalt<br \/>\n<code>I<\/code>\u2022Infanterie<br \/>\n<code>J<\/code>\u2022Jagdkommando<br \/>\n<code>K<\/code>\u2022Kommandosoldat*in<br \/>\n<code>L<\/code>\u2022Luftlandung<br \/>\n<code>M<\/code>\u2022Marsch<br \/>\n<code>N<\/code>\u2022Nahkampf<br \/>\n<code>O<\/code>\u2022Ordonnanz<br \/>\n<code>P<\/code>\u2022Portepee<br \/>\n<code>Q<\/code>\u2022QuickClot<br \/>\n<code>R<\/code>\u2022Rohr<br \/>\n<code>S<\/code>\u2022Scharfsch\u00fctzen<br \/>\n<code>T<\/code>\u2022Tourniquet<br \/>\n<code>U<\/code>\u2022Urbane Operationen<br \/>\n<code>V<\/code>\u2022Versorgung<br \/>\n<code>W<\/code>\u2022Wiesel<br \/>\n<code>X<\/code>\u2022X-Ray<br \/>\n<code>Y<\/code>\u2022Y-Kennzeichen<br \/>\n<code>Z<\/code>\u2022Zugf\u00fchrer[\/vc_column_text][vc_separator][vc_column_text]Interessante Begriffe gut und einfach erkl\u00e4rt &#8211; mit Video (!) &#8211; findet ihr im Lagerberg-ABC&#8230; ich w\u00fcnschte, ich w\u00e4re schon fr\u00fcher dar\u00fcber gestolpert![\/vc_column_text][vc_btn title=&#8220;&#8222;Lagerberg ABC&#8222;&#8220; align=&#8220;center&#8220; button_block=&#8220;true&#8220; link=&#8220;url:https%3A%2F%2Fwww.bundeswehr.de%2Fde%2Forganisation%2Fheer%2Fuebungen-im-heer%2Flagerberg-abc|target:_blank|rel:nofollow&#8220;][vc_column_text]Ihr wollt wissen, was &#8222;Beschuffeln&#8220; ist oder was ein &#8222;Kaleu&#8220; ist? Dann seid ihr im &#8222;Glossar&#8220; genau richtig. Hier geht&#8217;s zum umfangreichen &#8211; wenn auch bei weitem nicht vollst\u00e4ndigen &#8211; Nachschlagewerk der Bundeswehr:[\/vc_column_text][vc_btn title=&#8220;Glossar&#8220; align=&#8220;center&#8220; button_block=&#8220;true&#8220; link=&#8220;url:https%3A%2F%2Fwww.bundeswehr.de%2Fde%2Fueber-die-bundeswehr%2Fbegriffe-bundeswehr-glossar|target:_blank|rel:nofollow&#8220;][\/vc_column][\/vc_row][vc_row][vc_column][vc_row_inner css=&#8220;.vc_custom_1705093152763{margin-top: 10px !important;margin-bottom: 5px !important;background-color: #f4f4f4 !important;border-radius: 4px !important;}&#8220;][vc_column_inner width=&#8220;2\/3&#8243;][vc_column_text]\n<h3>Gebirgsj\u00e4ger<\/h3>\n<p>Okay&#8230; die meisten haben vermutlich schon einmal von den <em>Gebirgsj\u00e4gern<\/em> geh\u00f6rt &#8211; und nat\u00fcrlich jagen diese keine Berge sondern, wenn \u00fcberhaupt dann jagen sie auf die Berge rauf. Die Experten f\u00fcrs schwierige Gel\u00e4nde sind die <em>Harten im Garten<\/em> und lernen im Gebirge klar zu kommen und auch dort zu k\u00e4mpfen.[\/vc_column_text][\/vc_column_inner][vc_column_inner width=&#8220;1\/3&#8243;][vc_single_image image=&#8220;2810&#8243; img_size=&#8220;full&#8220;][\/vc_column_inner][\/vc_row_inner][vc_row_inner css=&#8220;.vc_custom_1705093173968{margin-top: 10px !important;margin-bottom: 5px !important;background-color: #f4f4f4 !important;border-radius: 4px !important;}&#8220;][vc_column_inner width=&#8220;2\/3&#8243;][vc_column_text]\n<h3>Gel\u00e4ndesandkasten<\/h3>\n<p>Die Lieblingsbesch\u00e4ftigung viele Feldwebel und Offiziere ist das Spielen im Gel\u00e4ndesandkasten&#8230; allerdings versteht man darunter etwas anderes als in Kindertagen, auch wenn die Detailverliebtheit oftmals genauso wenig Grenzen kennt. Der Gel\u00e4ndesandkasten ist eine abstrakte Nachbildung des Gel\u00e4ndes in dem der geplante Auftrag durchgef\u00fchrt werden soll und wird aus Rinde, Moos, Steinen und anderen verf\u00fcgbaren Baumaterialien gebastelt. Zwei lange \u00c4ste sind eine Stra\u00dfe, hier der runde Kiesel ist ein Geb\u00e4ude und da das Blatt ein See&#8230; Idealerweise wird der phantasievolle und zugleich funktionale Sandkasten nach der Besprechung zerst\u00f6rt und so zur\u00fcckgelassen als w\u00e4re niemand je hier gewesen&#8230;[\/vc_column_text][\/vc_column_inner][vc_column_inner width=&#8220;1\/3&#8243;][vc_single_image image=&#8220;2811&#8243; img_size=&#8220;full&#8220;][\/vc_column_inner][\/vc_row_inner][vc_row_inner css=&#8220;.vc_custom_1705093152763{margin-top: 10px !important;margin-bottom: 5px !important;background-color: #f4f4f4 !important;border-radius: 4px !important;}&#8220;][vc_column_inner width=&#8220;2\/3&#8243;][vc_column_text]\n<h3>Spie\u00df<\/h3>\n<p>Der Spie\u00df ist, als &#8222;Mutter der Kompanie&#8220;, zwar auch f\u00fcrs Gem\u00fcse und Obst da &#8211; allerdings versteht man bei der Bundeswehr darunter etwas anderes! Der Kompaniefeldwebel &#8211; zu erkennen an der goldenen Kordel &#8211; hat seinen Namen weil er fr\u00fcher einen langen Spie\u00df trug mit dem er die Soldaten antrieb&#8230; das ist lange her &#8211; heute versucht er es zumeist mit motivierenden Worten oder (mehr oder minder) schmackhafter Nahrungsversorgung.[\/vc_column_text][\/vc_column_inner][vc_column_inner width=&#8220;1\/3&#8243;][vc_single_image image=&#8220;2813&#8243; img_size=&#8220;full&#8220;][\/vc_column_inner][\/vc_row_inner][vc_row_inner css=&#8220;.vc_custom_1705093173968{margin-top: 10px !important;margin-bottom: 5px !important;background-color: #f4f4f4 !important;border-radius: 4px !important;}&#8220;][vc_column_inner width=&#8220;2\/3&#8243;][vc_column_text]\n<h3>Verbundene Waffen<\/h3>\n<p>Beim <em>&#8222;Gefecht der verbundene Waffen&#8220;<\/em> handelt es sich nicht, wie man annehmen k\u00f6nnte, um eingewickelte Waffen sondern es geht darum, dass die Waffen im &#8222;Verbund&#8220;, miteinander verbunden, eingesetzt werden. Jedes Waffensystem hat seine St\u00e4rken und Schw\u00e4chen. Nur zusammen sind sie stark und k\u00f6nnen ihr Potential am besten gemeinsam entfalten. Dass es hierbei nicht nur auf den richtigen Mix sondern auch auf eine gute Planung der verf\u00fcgbaren Ressourcen und eine reibungslose Kommunikation ankommt kann man leicht erahnen.[\/vc_column_text][\/vc_column_inner][vc_column_inner width=&#8220;1\/3&#8243;][vc_single_image image=&#8220;2803&#8243; img_size=&#8220;full&#8220;][\/vc_column_inner][\/vc_row_inner][vc_row_inner css=&#8220;.vc_custom_1705093152763{margin-top: 10px !important;margin-bottom: 5px !important;background-color: #f4f4f4 !important;border-radius: 4px !important;}&#8220;][vc_column_inner width=&#8220;2\/3&#8243;][vc_column_text]\n<h3>Zapfenstreich<\/h3>\n<p>Zapfenstreich bedeutet so viel wie &#8222;Nachtruhe&#8220;. <em>Da werden weder Zapfen gestrichen noch &#8222;Tannenz\u00e4pfle&#8220; gezischt&#8230;<\/em> &#8211; Der Name soll daher r\u00fchren, dass urspr\u00fcnglich zu einer bestimmten Uhrzeit ein Kreidestrich \u00fcber den Zapfen der F\u00e4sser gezogen wurde, um das Verbot des weiteren Ausschanks zu kontrollieren. Nicht verwechseln sollte man das allabendliche Ausrufen des &#8222;Zapfenstreichs&#8220; mit dem &#8222;Gro\u00dfen Zapfenstreich&#8220;, dieser ist eine Zeremonie zu Ehren besonderer Pers\u00f6nlichkeiten.[\/vc_column_text][\/vc_column_inner][vc_column_inner width=&#8220;1\/3&#8243;][vc_single_image image=&#8220;2814&#8243; img_size=&#8220;full&#8220;][\/vc_column_inner][\/vc_row_inner][vc_row_inner css=&#8220;.vc_custom_1705093173968{margin-top: 10px !important;margin-bottom: 5px !important;background-color: #f4f4f4 !important;border-radius: 4px !important;}&#8220;][vc_column_inner width=&#8220;2\/3&#8243;][vc_column_text]\n<h3>Zugf\u00fchrer<\/h3>\n<p>Ein Zugf\u00fchrer ist selbstverst\u00e4ndlich kein Bahnfahrer sondern er &#8222;lenkt&#8220; eine milit\u00e4rische Einheit in Zuggr\u00f6\u00dfe, das entspricht zw\u00f6lf bis sechzig Soldaten. Als Teileinheit einer Ausbildungskompanie kann die Personalst\u00e4rke auch \u00fcber 100 Personen betragen. Gerade in der Grundausbildung lenkt der Zugf\u00fchrer seinen Zug beispielsweise vor die Kantine und dann hei\u00dft es: &#8222;rottenweise ins Geb\u00e4ude einr\u00fccken!&#8220; Parallelen zum Bahnfahrer sollte man dennoch tunlichst vermeiden.[\/vc_column_text][\/vc_column_inner][vc_column_inner width=&#8220;1\/3&#8243;][vc_single_image image=&#8220;2812&#8243; img_size=&#8220;full&#8220;][\/vc_column_inner][vc_column_inner width=&#8220;2\/3&#8243;][vc_column_text css=&#8220;&#8220;]\n<h3>Aufr\u00f6deln<strong><br \/>\n<\/strong><\/h3>\n<p>Hierbei handelt es sich nicht um das beliebte Winterrodeln mit dem Schlitten, sondern es ist eine milit\u00e4rische Gepflogenheit zu sagen: &#8222;Zwo Mike f\u00fcr das Aufr\u00f6deln.&#8220;<br \/>\nHierunter versteht das Soldaten 2min f\u00fcr das vollst\u00e4ndige Anlegen und Festzurren der Kampf- und Marschausr\u00fcstung hat, bis der Soldat sofort Einsatz bzw. Marschbereit ist.<\/p>\n<p><strong>Der Kern:<\/strong> Alles wird so fixiert, dass beim Laufen nichts klappert, verrutscht oder scheuert.<br \/>\n<strong>Die Herkunft:<\/strong> Benannt nach den &#8220; R\u00f6delriemen&#8220; mit denen fr\u00fcher die Ausr\u00fcstung am Rucksack festgebunden wurde.<\/p>\n<p>&nbsp;<\/p>\n<div class=\"yhAwj\" data-sfc-cp=\"\" data-sfc-root=\"ep\" data-complete=\"true\" data-processed=\"true\" data-sfc-inited=\"2\" data-copy-service-computed-style=\"font-family: &quot;Google Sans&quot;, Arial, sans-serif; font-size: 14px; font-weight: 400; margin: 0px; text-decoration: none; border-bottom: 0px rgb(230, 232, 240);\"><!--TgQPHd|||[]--><\/div>\n<div class=\"AHmQrc\" data-sfc-cp=\"\" data-sfc-root=\"ep\" data-hveid=\"CAAIBxAA\" data-processed=\"true\" data-complete=\"true\" data-copy-service-computed-style=\"font-family: &quot;Google Sans&quot;, Arial, sans-serif; font-size: 14px; font-weight: 400; margin: 0px; text-decoration: none; border-bottom: 0px rgb(230, 232, 240);\">\n<div class=\"n6owBd awi2gc\" data-sfc-cp=\"\" data-sfc-root=\"ep\" data-hveid=\"CAAIBxAB\" data-processed=\"true\" data-complete=\"true\" aria-owns=\"action-menu-parent-container\" data-copy-service-computed-style=\"font-family: &quot;Google Sans&quot;, Arial, sans-serif; font-size: 16px; font-weight: 400; margin: 12px 0px 16px; text-decoration: none; border-bottom: 0px rgb(230, 232, 240);\"><\/div>\n<\/div>\n[\/vc_column_text][\/vc_column_inner][vc_column_inner width=&#8220;1\/3&#8243;][vc_single_image image=&#8220;5356&#8243; alignment=&#8220;center&#8220; css=&#8220;&#8220;][\/vc_column_inner][\/vc_row_inner][\/vc_column][\/vc_row][vc_row color=&#8220;&#8220; message_box_style=&#8220;solid&#8220; style=&#8220;rounded&#8220; message_box_color=&#8220;grey&#8220; icon_type=&#8220;fontawesome&#8220; icon_fontawesome=&#8220;fas fa-image&#8220; icon_monosocial=&#8220;vc-mono vc-mono-fivehundredpx&#8220; icon_openiconic=&#8220;&#8220; icon_typicons=&#8220;&#8220; icon_entypo=&#8220;&#8220; icon_linecons=&#8220;&#8220; icon_pixelicons=&#8220;&#8220;][vc_column][vc_column_text css=&#8220;&#8220;]\n<h2 style=\"text-align: center;\">Anekdoten der Bundeswehr<\/h2>\n<h3 style=\"text-align: center;\"><span data-copy-service-computed-style=\"font-family: &quot;Google Sans&quot;, Arial, sans-serif; font-size: 16px; font-weight: 400; margin: 0px; text-decoration: none; border-bottom: 0px rgb(230, 232, 240);\"><!--TgQPHd|||[]--><\/span><\/h3>\n<div class=\"yhAwj\" style=\"text-align: center;\" data-sfc-cp=\"\" data-sfc-root=\"ep\" data-complete=\"true\" data-processed=\"true\" data-sfc-inited=\"2\" data-copy-service-computed-style=\"font-family: &quot;Google Sans&quot;, Arial, sans-serif; font-size: 14px; font-weight: 400; margin: 0px; text-decoration: none; border-bottom: 0px rgb(230, 232, 240);\"><!--TgQPHd|||[]--><\/div>\n<div class=\"otQkpb\" role=\"heading\" aria-level=\"3\" data-animation-nesting=\"\" data-sfc-cp=\"\" data-wiz-attrbind=\"aria-level=moqXce_1c\/fLk2Md\" data-sfc-root=\"ep\" data-complete=\"true\" data-processed=\"true\" data-sae=\"\" aria-owns=\"action-menu-parent-container\" data-copy-service-computed-style=\"font-family: &quot;Google Sans&quot;, Arial, sans-serif; font-size: 20px; font-weight: 600; margin: 24px 0px 12px; text-decoration: none; border-bottom: 0px rgb(230, 232, 240);\">\n<p style=\"text-align: center;\">Wer jemals einen Fu\u00df in eine Kaserne gesetzt hat, wei\u00df: Der Dienst f\u00fcrs Vaterland ist hart\u00a0 aber der Humor ist h\u00e4rter. Zwischen strengem Befehl und Gehorsam entsteht ein ganz eigener, oft skurriler Alltag. Diese Seite sammelt die besten, lustigsten und legend\u00e4rsten Anekdoten der Bundeswehr.<br \/>\nGeschichten von Rekruten, die in der Kaserne den \u201eVerf\u00fcgungsraum-Schl\u00fcssel\u201c suchen, und von Ausbildern, deren Spr\u00fcche Kultstatus besitzen. Schnallt das Koppel fest, r\u00f6delt auf und taucht ein in den unzensierten Kasernen Humor!<\/p>\n<div class=\"n6owBd fVtNVe\" data-sfc-cp=\"\" data-sfc-root=\"ep\" data-hveid=\"CAAICBAE\" data-complete=\"true\" data-processed=\"true\">\n<div data-ved=\"2ahUKEwjMjpvL57iWAxVAQPEDHX6aGR0QlZkRegYIAAgIEAY\"><\/div>\n<\/div>\n<\/div>\n<ul>\n<li role=\"heading\" aria-level=\"3\" data-wiz-attrbind=\"aria-level=moqXce_1c\/fLk2Md\" data-sfc-root=\"ep\" data-complete=\"true\" data-processed=\"true\" aria-owns=\"action-menu-parent-container\" data-copy-service-computed-style=\"font-family: &quot;Google Sans&quot;, Arial, sans-serif; font-size: 20px; font-weight: 600; margin: 24px 0px 12px; text-decoration: none; border-bottom: 0px rgb(230, 232, 240);\"><strong>Der Kartendruckraum<\/strong><br \/>\nDer Gruppenf\u00fchrer will einen Rekruten in der ersten Ausbildungswoche mal so richtig testen. Er gibt ihm einen strengen Marschbefehl: \u201eRekrut, Sie rennen jetzt sofort r\u00fcber ins Stabsgeb\u00e4ude. Da ist eine T\u00fcr, da steht gro\u00df \u201aKDR\u2018 drauf. Da gehen Sie rein und sagen dem alten Mann da drin der den Kartendrucker bedient, dass Sie die neuen \u00dcbungskarten abholen wollen!\u201c Der Rekrut sprintet los, findet die T\u00fcr worauf KDR steht. Er rei\u00dft die T\u00fcr auf, und spricht den \u00e4lteren Mann dort an: \u201eIch soll hier die Karten abholen!\u201c Ein \u00e4lterer, sichtlich genervter Oberst blickt von einer riesigen Walze auf, sch\u00fcttelt den Kopf und sagt trocken: \u201e Ich stelle Sie gleich so lange ins Achtung, bis Ihre Uniform aus der Mode kommt und Sie Flecktarn gegen Denkmalschutz eintauschen k\u00f6nnen! Sagen Sie Ihrem Gruppenf\u00fchrer, wenn er noch einmal einen Rekruten schickt, um Karten vom KDR holen zu lassen, lasse ich ihn die n\u00e4chste Woche alle Karten mit dem Buntstift zeichnen!\u201c<br \/>\nKDR steht f\u00fcr Kasernenkommandeur.<\/li>\n<li role=\"heading\" aria-level=\"3\" data-wiz-attrbind=\"aria-level=moqXce_1c\/fLk2Md\" data-sfc-root=\"ep\" data-complete=\"true\" data-processed=\"true\" aria-owns=\"action-menu-parent-container\" data-copy-service-computed-style=\"font-family: &quot;Google Sans&quot;, Arial, sans-serif; font-size: 20px; font-weight: 600; margin: 24px 0px 12px; text-decoration: none; border-bottom: 0px rgb(230, 232, 240);\"><strong>Die Gru\u00dfpflicht<\/strong><br \/>\nDie \u201eDienstvorschrift f\u00fcr das Durchschreiten von Gew\u00e4ssern \u201cEine der bekanntesten Anekdoten dreht sich um die \u00fcbertriebene B\u00fcrokratie. In einer \u00e4lteren, inoffiziellen Dienstvorschrift hie\u00df es scherzhaft:<br \/>\n\u201eAb einer Wassertiefe von 1,20 m hat der Soldat selbstst\u00e4ndig mit Schwimmbewegungen zu beginnen. Die Gru\u00dfpflicht entf\u00e4llt hierbei. \u201cDieser Satz wird bis heute gerne zitiert, um Rekruten zu necken, die vor einer Gew\u00e4sser\u00fcberquerung stehen.<\/li>\n<li role=\"heading\" aria-level=\"3\" data-wiz-attrbind=\"aria-level=moqXce_1c\/fLk2Md\" data-sfc-root=\"ep\" data-complete=\"true\" data-processed=\"true\" aria-owns=\"action-menu-parent-container\" data-copy-service-computed-style=\"font-family: &quot;Google Sans&quot;, Arial, sans-serif; font-size: 20px; font-weight: 600; margin: 24px 0px 12px; text-decoration: none; border-bottom: 0px rgb(230, 232, 240);\"><strong>Der Verf\u00fcgungsraum<\/strong><br \/>\n\u201eM\u00fcller, holen Sie sofort zwei Meter Kabel ohne Ende und den Schl\u00fcssel f\u00fcr den Verf\u00fcgungsraum!\u201c Rekrut M\u00fcller rennt los. Der Lagerist schickt ihn weiter zur Nachbarbrigade. Erst nach Stunden merkt der schwei\u00dfgebadete Rekrut: Ein Verf\u00fcgungsraum ist einfach nur ein St\u00fcck Wald \u2013 und einen Schl\u00fcssel gibt es daf\u00fcr genauso wenig wie das unendliche Kabel.<\/li>\n<\/ul>\n<div role=\"heading\" aria-level=\"3\" data-animation-nesting=\"\" data-sfc-cp=\"\" data-wiz-attrbind=\"aria-level=moqXce_1c\/fLk2Md\" data-sfc-root=\"ep\" data-complete=\"true\" data-processed=\"true\" data-sae=\"\" aria-owns=\"action-menu-parent-container\" data-copy-service-computed-style=\"font-family: &quot;Google Sans&quot;, Arial, sans-serif; font-size: 20px; font-weight: 600; margin: 24px 0px 12px; text-decoration: none; border-bottom: 0px rgb(230, 232, 240);\">Das sind die Klassiker, es gibt nat\u00fcrlich unz\u00e4hlig mehr solcher Geschichten. Wir wollen euch nat\u00fcrlich den spa\u00df nicht vorab nehmen, selbst erleben bringt ja schlie\u00dflich die meiste Freude.<\/div>\n[\/vc_column_text][\/vc_column][vc_column][vc_message message_box_style=&#8220;solid&#8220; message_box_color=&#8220;grey&#8220; icon_fontawesome=&#8220;fas fa-image&#8220;]<strong>Titelbild<\/strong><br \/>\n\u00a9 eigene \/ KI-generiert (Midjourney)[\/vc_message][\/vc_column][\/vc_row]\n\r\n\t\t\t<div id=\"daexthefu-container\"\r\n\t\t\t\tclass=\"daexthefu-container daexthefu-layout-stacked daexthefu-alignment-center\"\r\n\t\t\t\tdata-post-id=\"2798\">\r\n\r\n\t\t\t\t<div class=\"daexthefu-feedback\">\r\n\t\t\t\t\t<div class=\"daexthefu-text\">\r\n\t\t\t\t\t\t<h3 class=\"daexthefu-title\">War dieser Artikel f\u00fcr dich hilfreich?<\/h3>\r\n\t\t\t\t\t<\/div>\r\n\t\t\t\t\t<div class=\"daexthefu-buttons-container\">\r\n\t\t\t\t\t\t<div class=\"daexthefu-buttons\">\r\n\t\t\t\t\t\t\t\r\n\t\t\t<div class=\"daexthefu-yes daexthefu-button daexthefu-button-type-icon\" data-value=\"1\">\r\n\t\t\t\t\r\n                <svg>\r\n                    <defs>\r\n                        <style>.thumb-up-cls-1{fill:#c9c9c9;}.thumb-up-cls-2{fill:#e1e1e1;}.thumb-up-cls-3{fill:#676767;}<\/style>\r\n                    <\/defs>\r\n                    <g id=\"thumb_up\">\r\n                        <path class=\"thumb-up-cls-2 daexthefu-icon-circle\" d=\"m24,3c11.58,0,21,9.42,21,21s-9.42,21-21,21S3,35.58,3,24,12.42,3,24,3m0-1C11.85,2,2,11.85,2,24s9.85,22,22,22,22-9.85,22-22S36.15,2,24,2h0Z\" \/>\r\n                        <g>\r\n                            <rect class=\"thumb-up-cls-3 daexthefu-icon-secondary-color\" x=\"10\" y=\"20\" width=\"6\" height=\"15\" rx=\"1.5\" ry=\"1.5\" \/>\r\n                            <path class=\"thumb-up-cls-1 daexthefu-icon-primary-color\" d=\"m30.57,9.06l-.49-.1c-.81-.17-1.61.35-1.78,1.16l-5.3,11.74c-.17.81,3.16,1.61,3.97,1.78l1.96.41c.81.17,1.61-.35,1.78-1.16l2.18-10.27c.34-1.61-.7-3.21-2.31-3.56Z\" \/>\r\n                            <path class=\"thumb-up-cls-1 daexthefu-icon-primary-color\" d=\"m38.17,20h-18.67c-.83,0-1.5.67-1.5,1.5v12c0,.83.67,1.5,1.5,1.5h16.27c.71,0,1.33-.5,1.47-1.21l2.4-12c.19-.93-.53-1.8-1.47-1.8Z\" \/>\r\n                        <\/g>\r\n                    <\/g>\r\n                <\/svg>\t\t\t<\/div>\r\n\r\n\t\t\t\t\t\t\t\t\t\t\r\n\t\t\t<div class=\"daexthefu-no daexthefu-button daexthefu-button-type-icon\" data-value=\"0\">\r\n\t\t\t\t\r\n                <svg>\r\n                    <defs>\r\n                        <style>.thumb-down-cls-1{fill:#c9c9c9;}.thumb-down-cls-2{fill:#e1e1e1;}.thumb-down-cls-3{fill:#676767;}<\/style>\r\n                    <\/defs>\r\n                    <g id=\"thumb_down\">\r\n                        <path class=\"thumb-down-cls-2 daexthefu-icon-circle\" d=\"m24,3c11.58,0,21,9.42,21,21s-9.42,21-21,21S3,35.58,3,24,12.42,3,24,3m0-1C11.85,2,2,11.85,2,24s9.85,22,22,22,22-9.85,22-22S36.15,2,24,2h0Z\" \/>\r\n                        <g>\r\n                            <rect class=\"thumb-down-cls-3 daexthefu-icon-secondary-color\" x=\"10\" y=\"13\" width=\"6\" height=\"15\" rx=\"1.5\" ry=\"1.5\" \/>\r\n                            <path class=\"thumb-down-cls-1 daexthefu-icon-primary-color\" d=\"m30.57,38.94l-.49.1c-.81.17-1.61-.35-1.78-1.16l-5.3-11.74c-.17-.81,3.16-1.61,3.97-1.78l1.96-.41c.81-.17,1.61.35,1.78,1.16l2.18,10.27c.34,1.61-.7,3.21-2.31,3.56Z\" \/>\r\n                            <path class=\"thumb-down-cls-1 daexthefu-icon-primary-color\" d=\"m38.17,28h-18.67c-.83,0-1.5-.67-1.5-1.5v-12c0-.83.67-1.5,1.5-1.5h16.27c.71,0,1.33.5,1.47,1.21l2.4,12c.19.93-.53,1.8-1.47,1.8Z\" \/>\r\n                        <\/g>\r\n                    <\/g>\r\n                <\/svg>\t\t\t<\/div>\r\n\r\n\t\t\t\t\t\t\t\t\t<\/div>\r\n\t\t\t\t\t<\/div>\r\n\t\t\t\t<\/div>\r\n\r\n\t\t\t\t<div class=\"daexthefu-comment\">\r\n\t\t\t\t\t<div class=\"daexthefu-comment-top-container\">\r\n\t\t\t\t\t\t<label id=\"daexthefu-comment-label\" class=\"daexthefu-comment-label\"><\/label>\r\n\t\t\t\t\t\t\t\t\t\t\t\t\t<div class=\"daexthefu-comment-character-counter-container\">\r\n\t\t\t\t\t\t\t\t<div id=\"daexthefu-comment-character-counter-number\"\r\n\t\t\t\t\t\t\t\t\tclass=\"daexthefu-comment-character-counter-number\"><\/div>\r\n\t\t\t\t\t\t\t\t<div class=\"daexthefu-comment-character-counter-text\"><\/div>\r\n\t\t\t\t\t\t\t<\/div>\r\n\t\t\t\t\t\t\t\t\t\t\t<\/div>\r\n\t\t\t\t\t<textarea id=\"daexthefu-comment-textarea\" class=\"daexthefu-comment-textarea\"\r\n\t\t\t\t\t\t\t\tplaceholder=\"Dein Feedback\u2026\"\r\n\t\t\t\t\t\t\t\tmaxlength=\"\r\n\t\t\t\t\t\t\t\t500\t\t\t\t\t\t\t\t\t\"><\/textarea>\r\n\t\t\t\t\t<div class=\"daexthefu-comment-buttons-container\">\r\n\t\t\t\t\t\t<button class=\"daexthefu-comment-submit daexthefu-button\">senden<\/button>\r\n\t\t\t\t\t\t<button class=\"daexthefu-comment-cancel daexthefu-button\">abbrechen<\/button>\r\n\t\t\t\t\t<\/div>\r\n\t\t\t\t<\/div>\r\n\r\n\t\t\t\t<div class=\"daexthefu-successful-submission-text\">Vielen Dank!<\/div>\r\n\r\n\t\t\t<\/div>\r\n\r\n\t\t\t<\/div>","protected":false},"excerpt":{"rendered":"<p>Ein Sprach-Scharm\u00fctzel: doppeldeutige und interessante Begrifflichkeiten der Bundeswehr. <\/p>\n","protected":false},"author":1,"featured_media":2816,"comment_status":"open","ping_status":"open","sticky":false,"template":"","format":"status","meta":{"_helpful_status":1,"inline_featured_image":false,"footnotes":""},"categories":[20],"tags":[40,41,174,224],"class_list":["post-2798","post","type-post","status-publish","format-status","has-post-thumbnail","hentry","category-reserve","tag-abkuerzungen","tag-begriffe","tag-abc","tag-woerter","post_format-post-format-status"],"acf":[],"yoast_head":"<!-- This site is optimized with the Yoast SEO plugin v28.2 - https:\/\/yoast.com\/product\/yoast-seo-wordpress\/ -->\n<title>Kuriose Bundeswehr-Begriffe &#8226; UNgedient.<\/title>\n<meta name=\"robots\" content=\"index, follow, max-snippet:-1, max-image-preview:large, max-video-preview:-1\" \/>\n<link rel=\"canonical\" href=\"https:\/\/ungedient.de\/blog\/reserve\/bundeswehr-begriffe\/\" \/>\n<meta property=\"og:locale\" content=\"de_DE\" \/>\n<meta property=\"og:type\" content=\"article\" \/>\n<meta property=\"og:title\" content=\"Kuriose Bundeswehr-Begriffe &#8226; UNgedient.\" \/>\n<meta property=\"og:description\" content=\"Ein Sprach-Scharm\u00fctzel: doppeldeutige und interessante Begrifflichkeiten der Bundeswehr.\" \/>\n<meta property=\"og:url\" content=\"https:\/\/ungedient.de\/blog\/reserve\/bundeswehr-begriffe\/\" \/>\n<meta property=\"og:site_name\" content=\"UNgedient.\" \/>\n<meta property=\"article:publisher\" content=\"https:\/\/www.facebook.com\/fuchs52y\" \/>\n<meta property=\"article:author\" content=\"https:\/\/facebook.com\/fuchs52y\" \/>\n<meta property=\"article:published_time\" content=\"2024-01-12T22:02:35+00:00\" \/>\n<meta property=\"article:modified_time\" content=\"2026-08-24T10:08:52+00:00\" \/>\n<meta property=\"og:image\" content=\"https:\/\/ungedient.de\/blog\/wp-content\/uploads\/2024\/01\/collage-teekessel-bundeswehr.jpg\" \/>\n\t<meta property=\"og:image:width\" content=\"950\" \/>\n\t<meta property=\"og:image:height\" content=\"500\" \/>\n\t<meta property=\"og:image:type\" content=\"image\/jpeg\" \/>\n<meta name=\"author\" content=\"Daniel\" \/>\n<meta name=\"twitter:card\" content=\"summary_large_image\" \/>\n<meta name=\"twitter:label1\" content=\"Verfasst von\" \/>\n\t<meta name=\"twitter:data1\" content=\"Daniel\" \/>\n\t<meta name=\"twitter:label2\" content=\"Gesch\u00e4tzte Lesezeit\" \/>\n\t<meta name=\"twitter:data2\" content=\"8\u00a0Minuten\" \/>\n<script type=\"application\/ld+json\" class=\"yoast-schema-graph\">{\"@context\":\"https:\\\/\\\/schema.org\",\"@graph\":[{\"@type\":\"Article\",\"@id\":\"https:\\\/\\\/ungedient.de\\\/blog\\\/reserve\\\/bundeswehr-begriffe\\\/#article\",\"isPartOf\":{\"@id\":\"https:\\\/\\\/ungedient.de\\\/blog\\\/reserve\\\/bundeswehr-begriffe\\\/\"},\"author\":{\"name\":\"Daniel\",\"@id\":\"https:\\\/\\\/ungedient.de\\\/blog\\\/#\\\/schema\\\/person\\\/1648f47e5e180daeaa9f15f2dd485bf5\"},\"headline\":\"Kuriose Bundeswehr-Begriffe\",\"datePublished\":\"2024-01-12T22:02:35+00:00\",\"dateModified\":\"2026-08-24T10:08:52+00:00\",\"mainEntityOfPage\":{\"@id\":\"https:\\\/\\\/ungedient.de\\\/blog\\\/reserve\\\/bundeswehr-begriffe\\\/\"},\"wordCount\":1873,\"commentCount\":0,\"publisher\":{\"@id\":\"https:\\\/\\\/ungedient.de\\\/blog\\\/#organization\"},\"image\":{\"@id\":\"https:\\\/\\\/ungedient.de\\\/blog\\\/reserve\\\/bundeswehr-begriffe\\\/#primaryimage\"},\"thumbnailUrl\":\"https:\\\/\\\/ungedient.de\\\/blog\\\/wp-content\\\/uploads\\\/2024\\\/01\\\/collage-teekessel-bundeswehr.jpg\",\"keywords\":[\"abk\u00fcrzungen\",\"begriffe\",\"abc\",\"w\u00f6rter\"],\"articleSection\":[\"Reserve\"],\"inLanguage\":\"de\",\"potentialAction\":[{\"@type\":\"CommentAction\",\"name\":\"Comment\",\"target\":[\"https:\\\/\\\/ungedient.de\\\/blog\\\/reserve\\\/bundeswehr-begriffe\\\/#respond\"]}]},{\"@type\":\"WebPage\",\"@id\":\"https:\\\/\\\/ungedient.de\\\/blog\\\/reserve\\\/bundeswehr-begriffe\\\/\",\"url\":\"https:\\\/\\\/ungedient.de\\\/blog\\\/reserve\\\/bundeswehr-begriffe\\\/\",\"name\":\"Kuriose Bundeswehr-Begriffe &#8226; UNgedient.\",\"isPartOf\":{\"@id\":\"https:\\\/\\\/ungedient.de\\\/blog\\\/#website\"},\"primaryImageOfPage\":{\"@id\":\"https:\\\/\\\/ungedient.de\\\/blog\\\/reserve\\\/bundeswehr-begriffe\\\/#primaryimage\"},\"image\":{\"@id\":\"https:\\\/\\\/ungedient.de\\\/blog\\\/reserve\\\/bundeswehr-begriffe\\\/#primaryimage\"},\"thumbnailUrl\":\"https:\\\/\\\/ungedient.de\\\/blog\\\/wp-content\\\/uploads\\\/2024\\\/01\\\/collage-teekessel-bundeswehr.jpg\",\"datePublished\":\"2024-01-12T22:02:35+00:00\",\"dateModified\":\"2026-08-24T10:08:52+00:00\",\"breadcrumb\":{\"@id\":\"https:\\\/\\\/ungedient.de\\\/blog\\\/reserve\\\/bundeswehr-begriffe\\\/#breadcrumb\"},\"inLanguage\":\"de\",\"potentialAction\":[{\"@type\":\"ReadAction\",\"target\":[\"https:\\\/\\\/ungedient.de\\\/blog\\\/reserve\\\/bundeswehr-begriffe\\\/\"]}]},{\"@type\":\"ImageObject\",\"inLanguage\":\"de\",\"@id\":\"https:\\\/\\\/ungedient.de\\\/blog\\\/reserve\\\/bundeswehr-begriffe\\\/#primaryimage\",\"url\":\"https:\\\/\\\/ungedient.de\\\/blog\\\/wp-content\\\/uploads\\\/2024\\\/01\\\/collage-teekessel-bundeswehr.jpg\",\"contentUrl\":\"https:\\\/\\\/ungedient.de\\\/blog\\\/wp-content\\\/uploads\\\/2024\\\/01\\\/collage-teekessel-bundeswehr.jpg\",\"width\":950,\"height\":500},{\"@type\":\"BreadcrumbList\",\"@id\":\"https:\\\/\\\/ungedient.de\\\/blog\\\/reserve\\\/bundeswehr-begriffe\\\/#breadcrumb\",\"itemListElement\":[{\"@type\":\"ListItem\",\"position\":1,\"name\":\"Startseite\",\"item\":\"https:\\\/\\\/ungedient.de\\\/blog\\\/\"},{\"@type\":\"ListItem\",\"position\":2,\"name\":\"Reserve\",\"item\":\"https:\\\/\\\/ungedient.de\\\/blog\\\/thema\\\/reserve\\\/\"},{\"@type\":\"ListItem\",\"position\":3,\"name\":\"Kuriose Bundeswehr-Begriffe\"}]},{\"@type\":\"WebSite\",\"@id\":\"https:\\\/\\\/ungedient.de\\\/blog\\\/#website\",\"url\":\"https:\\\/\\\/ungedient.de\\\/blog\\\/\",\"name\":\"UNgedient. Vom Ungedienten zur Bundeswehr.\",\"description\":\"Dein Weg in die Reserve der Bundeswehr\",\"publisher\":{\"@id\":\"https:\\\/\\\/ungedient.de\\\/blog\\\/#organization\"},\"alternateName\":\"Ausbildung f\u00fcr Ungediente\",\"potentialAction\":[{\"@type\":\"SearchAction\",\"target\":{\"@type\":\"EntryPoint\",\"urlTemplate\":\"https:\\\/\\\/ungedient.de\\\/blog\\\/?s={search_term_string}\"},\"query-input\":{\"@type\":\"PropertyValueSpecification\",\"valueRequired\":true,\"valueName\":\"search_term_string\"}}],\"inLanguage\":\"de\"},{\"@type\":\"Organization\",\"@id\":\"https:\\\/\\\/ungedient.de\\\/blog\\\/#organization\",\"name\":\"UNgedient. Vom Ungedienten zur Bundeswehr.\",\"alternateName\":\"Ausbildung Ungedienter zum Reservisten der Bundeswehr\",\"url\":\"https:\\\/\\\/ungedient.de\\\/blog\\\/\",\"logo\":{\"@type\":\"ImageObject\",\"inLanguage\":\"de\",\"@id\":\"https:\\\/\\\/ungedient.de\\\/blog\\\/#\\\/schema\\\/logo\\\/image\\\/\",\"url\":\"https:\\\/\\\/ungedient.de\\\/blog\\\/wp-content\\\/uploads\\\/2023\\\/03\\\/ungedient-favicon.jpg\",\"contentUrl\":\"https:\\\/\\\/ungedient.de\\\/blog\\\/wp-content\\\/uploads\\\/2023\\\/03\\\/ungedient-favicon.jpg\",\"width\":520,\"height\":520,\"caption\":\"UNgedient. Vom Ungedienten zur Bundeswehr.\"},\"image\":{\"@id\":\"https:\\\/\\\/ungedient.de\\\/blog\\\/#\\\/schema\\\/logo\\\/image\\\/\"},\"sameAs\":[\"https:\\\/\\\/www.facebook.com\\\/fuchs52y\"]},{\"@type\":\"Person\",\"@id\":\"https:\\\/\\\/ungedient.de\\\/blog\\\/#\\\/schema\\\/person\\\/1648f47e5e180daeaa9f15f2dd485bf5\",\"name\":\"Daniel\",\"image\":{\"@type\":\"ImageObject\",\"inLanguage\":\"de\",\"@id\":\"https:\\\/\\\/secure.gravatar.com\\\/avatar\\\/ef3cfcfe1a934ab692f6ac8a025998218be6f7edf0973bf6f01a1c8634236232?s=96&d=mm&r=g\",\"url\":\"https:\\\/\\\/secure.gravatar.com\\\/avatar\\\/ef3cfcfe1a934ab692f6ac8a025998218be6f7edf0973bf6f01a1c8634236232?s=96&d=mm&r=g\",\"contentUrl\":\"https:\\\/\\\/secure.gravatar.com\\\/avatar\\\/ef3cfcfe1a934ab692f6ac8a025998218be6f7edf0973bf6f01a1c8634236232?s=96&d=mm&r=g\",\"caption\":\"Daniel\"},\"description\":\"Daniel absolvierte die Ausbildung f\u00fcr Ungediente 2023 in Rheinland-Pfalz und ist mittlerweile in der 5.\\\/HSchRgt 3 beordert. Er arbeitete als Reservistendienstleistender in einer Projektgruppe des Territorialen F\u00fchrungskommandos der Bundeswehr und engagiert sich als einer von zwei Beauftragten der Landesgruppe Baden-W\u00fcrttemberg des Verbandes der Reservisten der Deutschen Bundeswehr f\u00fcr die Ausbildung Ungediente. 2025 wurde er Vorsitzender der Reservistenarbeitsgemeinschaft Drohne MO. Daniel ist verheiratet und Vater von drei T\u00f6chtern.\",\"sameAs\":[\"https:\\\/\\\/facebook.com\\\/fuchs52y\"]}]}<\/script>\n<!-- \/ Yoast SEO plugin. -->","yoast_head_json":{"title":"Kuriose Bundeswehr-Begriffe &#8226; UNgedient.","robots":{"index":"index","follow":"follow","max-snippet":"max-snippet:-1","max-image-preview":"max-image-preview:large","max-video-preview":"max-video-preview:-1"},"canonical":"https:\/\/ungedient.de\/blog\/reserve\/bundeswehr-begriffe\/","og_locale":"de_DE","og_type":"article","og_title":"Kuriose Bundeswehr-Begriffe &#8226; UNgedient.","og_description":"Ein Sprach-Scharm\u00fctzel: doppeldeutige und interessante Begrifflichkeiten der Bundeswehr.","og_url":"https:\/\/ungedient.de\/blog\/reserve\/bundeswehr-begriffe\/","og_site_name":"UNgedient.","article_publisher":"https:\/\/www.facebook.com\/fuchs52y","article_author":"https:\/\/facebook.com\/fuchs52y","article_published_time":"2024-01-12T22:02:35+00:00","article_modified_time":"2026-08-24T10:08:52+00:00","og_image":[{"width":950,"height":500,"url":"https:\/\/ungedient.de\/blog\/wp-content\/uploads\/2024\/01\/collage-teekessel-bundeswehr.jpg","type":"image\/jpeg"}],"author":"Daniel","twitter_card":"summary_large_image","twitter_misc":{"Verfasst von":"Daniel","Gesch\u00e4tzte Lesezeit":"8\u00a0Minuten"},"schema":{"@context":"https:\/\/schema.org","@graph":[{"@type":"Article","@id":"https:\/\/ungedient.de\/blog\/reserve\/bundeswehr-begriffe\/#article","isPartOf":{"@id":"https:\/\/ungedient.de\/blog\/reserve\/bundeswehr-begriffe\/"},"author":{"name":"Daniel","@id":"https:\/\/ungedient.de\/blog\/#\/schema\/person\/1648f47e5e180daeaa9f15f2dd485bf5"},"headline":"Kuriose Bundeswehr-Begriffe","datePublished":"2024-01-12T22:02:35+00:00","dateModified":"2026-08-24T10:08:52+00:00","mainEntityOfPage":{"@id":"https:\/\/ungedient.de\/blog\/reserve\/bundeswehr-begriffe\/"},"wordCount":1873,"commentCount":0,"publisher":{"@id":"https:\/\/ungedient.de\/blog\/#organization"},"image":{"@id":"https:\/\/ungedient.de\/blog\/reserve\/bundeswehr-begriffe\/#primaryimage"},"thumbnailUrl":"https:\/\/ungedient.de\/blog\/wp-content\/uploads\/2024\/01\/collage-teekessel-bundeswehr.jpg","keywords":["abk\u00fcrzungen","begriffe","abc","w\u00f6rter"],"articleSection":["Reserve"],"inLanguage":"de","potentialAction":[{"@type":"CommentAction","name":"Comment","target":["https:\/\/ungedient.de\/blog\/reserve\/bundeswehr-begriffe\/#respond"]}]},{"@type":"WebPage","@id":"https:\/\/ungedient.de\/blog\/reserve\/bundeswehr-begriffe\/","url":"https:\/\/ungedient.de\/blog\/reserve\/bundeswehr-begriffe\/","name":"Kuriose Bundeswehr-Begriffe &#8226; UNgedient.","isPartOf":{"@id":"https:\/\/ungedient.de\/blog\/#website"},"primaryImageOfPage":{"@id":"https:\/\/ungedient.de\/blog\/reserve\/bundeswehr-begriffe\/#primaryimage"},"image":{"@id":"https:\/\/ungedient.de\/blog\/reserve\/bundeswehr-begriffe\/#primaryimage"},"thumbnailUrl":"https:\/\/ungedient.de\/blog\/wp-content\/uploads\/2024\/01\/collage-teekessel-bundeswehr.jpg","datePublished":"2024-01-12T22:02:35+00:00","dateModified":"2026-08-24T10:08:52+00:00","breadcrumb":{"@id":"https:\/\/ungedient.de\/blog\/reserve\/bundeswehr-begriffe\/#breadcrumb"},"inLanguage":"de","potentialAction":[{"@type":"ReadAction","target":["https:\/\/ungedient.de\/blog\/reserve\/bundeswehr-begriffe\/"]}]},{"@type":"ImageObject","inLanguage":"de","@id":"https:\/\/ungedient.de\/blog\/reserve\/bundeswehr-begriffe\/#primaryimage","url":"https:\/\/ungedient.de\/blog\/wp-content\/uploads\/2024\/01\/collage-teekessel-bundeswehr.jpg","contentUrl":"https:\/\/ungedient.de\/blog\/wp-content\/uploads\/2024\/01\/collage-teekessel-bundeswehr.jpg","width":950,"height":500},{"@type":"BreadcrumbList","@id":"https:\/\/ungedient.de\/blog\/reserve\/bundeswehr-begriffe\/#breadcrumb","itemListElement":[{"@type":"ListItem","position":1,"name":"Startseite","item":"https:\/\/ungedient.de\/blog\/"},{"@type":"ListItem","position":2,"name":"Reserve","item":"https:\/\/ungedient.de\/blog\/thema\/reserve\/"},{"@type":"ListItem","position":3,"name":"Kuriose Bundeswehr-Begriffe"}]},{"@type":"WebSite","@id":"https:\/\/ungedient.de\/blog\/#website","url":"https:\/\/ungedient.de\/blog\/","name":"UNgedient. Vom Ungedienten zur Bundeswehr.","description":"Dein Weg in die Reserve der Bundeswehr","publisher":{"@id":"https:\/\/ungedient.de\/blog\/#organization"},"alternateName":"Ausbildung f\u00fcr Ungediente","potentialAction":[{"@type":"SearchAction","target":{"@type":"EntryPoint","urlTemplate":"https:\/\/ungedient.de\/blog\/?s={search_term_string}"},"query-input":{"@type":"PropertyValueSpecification","valueRequired":true,"valueName":"search_term_string"}}],"inLanguage":"de"},{"@type":"Organization","@id":"https:\/\/ungedient.de\/blog\/#organization","name":"UNgedient. Vom Ungedienten zur Bundeswehr.","alternateName":"Ausbildung Ungedienter zum Reservisten der Bundeswehr","url":"https:\/\/ungedient.de\/blog\/","logo":{"@type":"ImageObject","inLanguage":"de","@id":"https:\/\/ungedient.de\/blog\/#\/schema\/logo\/image\/","url":"https:\/\/ungedient.de\/blog\/wp-content\/uploads\/2023\/03\/ungedient-favicon.jpg","contentUrl":"https:\/\/ungedient.de\/blog\/wp-content\/uploads\/2023\/03\/ungedient-favicon.jpg","width":520,"height":520,"caption":"UNgedient. Vom Ungedienten zur Bundeswehr."},"image":{"@id":"https:\/\/ungedient.de\/blog\/#\/schema\/logo\/image\/"},"sameAs":["https:\/\/www.facebook.com\/fuchs52y"]},{"@type":"Person","@id":"https:\/\/ungedient.de\/blog\/#\/schema\/person\/1648f47e5e180daeaa9f15f2dd485bf5","name":"Daniel","image":{"@type":"ImageObject","inLanguage":"de","@id":"https:\/\/secure.gravatar.com\/avatar\/ef3cfcfe1a934ab692f6ac8a025998218be6f7edf0973bf6f01a1c8634236232?s=96&d=mm&r=g","url":"https:\/\/secure.gravatar.com\/avatar\/ef3cfcfe1a934ab692f6ac8a025998218be6f7edf0973bf6f01a1c8634236232?s=96&d=mm&r=g","contentUrl":"https:\/\/secure.gravatar.com\/avatar\/ef3cfcfe1a934ab692f6ac8a025998218be6f7edf0973bf6f01a1c8634236232?s=96&d=mm&r=g","caption":"Daniel"},"description":"Daniel absolvierte die Ausbildung f\u00fcr Ungediente 2023 in Rheinland-Pfalz und ist mittlerweile in der 5.\/HSchRgt 3 beordert. Er arbeitete als Reservistendienstleistender in einer Projektgruppe des Territorialen F\u00fchrungskommandos der Bundeswehr und engagiert sich als einer von zwei Beauftragten der Landesgruppe Baden-W\u00fcrttemberg des Verbandes der Reservisten der Deutschen Bundeswehr f\u00fcr die Ausbildung Ungediente. 2025 wurde er Vorsitzender der Reservistenarbeitsgemeinschaft Drohne MO. Daniel ist verheiratet und Vater von drei T\u00f6chtern.","sameAs":["https:\/\/facebook.com\/fuchs52y"]}]}},"_links":{"self":[{"href":"https:\/\/ungedient.de\/blog\/wp-json\/wp\/v2\/posts\/2798","targetHints":{"allow":["GET"]}}],"collection":[{"href":"https:\/\/ungedient.de\/blog\/wp-json\/wp\/v2\/posts"}],"about":[{"href":"https:\/\/ungedient.de\/blog\/wp-json\/wp\/v2\/types\/post"}],"author":[{"embeddable":true,"href":"https:\/\/ungedient.de\/blog\/wp-json\/wp\/v2\/users\/1"}],"replies":[{"embeddable":true,"href":"https:\/\/ungedient.de\/blog\/wp-json\/wp\/v2\/comments?post=2798"}],"version-history":[{"count":0,"href":"https:\/\/ungedient.de\/blog\/wp-json\/wp\/v2\/posts\/2798\/revisions"}],"wp:featuredmedia":[{"embeddable":true,"href":"https:\/\/ungedient.de\/blog\/wp-json\/wp\/v2\/media\/2816"}],"wp:attachment":[{"href":"https:\/\/ungedient.de\/blog\/wp-json\/wp\/v2\/media?parent=2798"}],"wp:term":[{"taxonomy":"category","embeddable":true,"href":"https:\/\/ungedient.de\/blog\/wp-json\/wp\/v2\/categories?post=2798"},{"taxonomy":"post_tag","embeddable":true,"href":"https:\/\/ungedient.de\/blog\/wp-json\/wp\/v2\/tags?post=2798"}],"curies":[{"name":"wp","href":"https:\/\/api.w.org\/{rel}","templated":true}]}}