{"id":2827,"date":"2024-01-16T17:56:29","date_gmt":"2024-01-16T16:56:29","guid":{"rendered":"https:\/\/ungedient.de\/blog\/?p=2827"},"modified":"2024-01-16T18:54:39","modified_gmt":"2024-01-16T17:54:39","slug":"laubenthal-chancen-herausforderungen","status":"publish","type":"post","link":"https:\/\/ungedient.de\/blog\/reserve\/laubenthal-chancen-herausforderungen\/","title":{"rendered":"Laubenthal: Chancen &#038; Herausforderungen"},"content":{"rendered":"<div class=\"wpb-content-wrapper\">[vc_row][vc_column width=&#8220;2\/3&#8243;][vc_column_text]Leonie und Valentin, den<em> (Noch-)<\/em>Vorsitzenden der RAG 4.0, ist es gelungen, einen echten Hochkar\u00e4ter zu gewinnen: Am 16.01.2024 stellte sich Generalleutnant Markus Laubenthal, Stellvertreter des Generalinspekteurs der Bundeswehr, den Fragen der rund 100 Teilnehmer. Das Format der RAG 4.0 ist nicht neu. Bereits in den vergangenen Jahren gab es immer wieder virtuelle Expertenvortr\u00e4ge. W\u00e4hrend bei <a href=\"https:\/\/ungedient.de\/blog\/wissen\/dares-digitale-ausbildung\/\">DARes<\/a>, einem weiteren Angebot des VdRBw, eher das Thema Ausbildung im Vordergrund steht, zeichnet sich die RAG 4.0 durch spannende Fachvortr\u00e4ge und Talk-Runden aus.[\/vc_column_text][\/vc_column][vc_column width=&#8220;1\/3&#8243;][vc_message message_box_style=&#8220;solid&#8220; message_box_color=&#8220;green&#8220; icon_fontawesome=&#8220;far fa-lightbulb&#8220;]<strong>Mein Tipp<\/strong><br \/>\nDie Reservistenarbeitsgemeinschaft 4.0 veranstaltet regelm\u00e4\u00dfig virtuelle Vortr\u00e4ge mit Experten.<br \/>\n<a href=\"https:\/\/www.reservistenverband.de\/baden-wuerttemberg\/rag-4-0\/\" target=\"_blank\" rel=\"noopener\">Mehr\u00a0erfahren\u2026<\/a>[\/vc_message][\/vc_column][\/vc_row][vc_row][vc_column][vc_column_text]Der Vortrag und die anschlie\u00dfende Fragerunde mit GenLt. Laubenthal fand in einem angenehmen Rahmen statt und es bestand die M\u00f6glichkeit Fragen zu stellen. F\u00fcr diejenigen, die diese digitale Veranstaltung <strong>&#8222;Aktuelle und k\u00fcnftige Chancen &amp; Herausforderungen in der Reserve&#8220;<\/strong> verpasst haben, fasse ich im Folgenden das (f\u00fcr mich) Wichtigste zusammen:[\/vc_column_text][vc_separator][vc_column_text css=&#8220;.vc_custom_1705425369428{padding-top: 10px !important;padding-right: 15px !important;padding-bottom: 10px !important;padding-left: 15px !important;background-color: #f9f8e1 !important;border-radius: 5px !important;}&#8220;]\n<h2>Vortrag des Generals<\/h2>\n<p>GenLt. Laubenthal gibt einen \u00dcberblick \u00fcber die aktuelle sicherheitspolitische, weltweite Lage und den Schwerpunkt, den Kernauftrag, <strong>Landes- und B\u00fcndnisverteidigung<\/strong>. Hierauf werden wir unsere F\u00e4higkeiten ausrichten &#8211; bis weit in die n\u00e4chste Dekade. GenLt. Laubenthal stellt klar:<\/p>\n<blockquote><p>Ohne Reservisten ist die Bundeswehr nicht einsatzbereit.<br \/>\nWir brauchen Ihr Engagement in der Reserve.<\/p><\/blockquote>\n<p>Die russische Invasion in der Ukraine ist eine Mischung aus Verdun (Mann gegen Mann) und technischer Neuheiten (Drohnen, Pr\u00e4zisionswaffen). Am Frontverlauf tut sich aktuell recht wenig &#8211; auf beiden Seiten. Wir erwarten, dass sich, fr\u00fchstens mit Beginn der Tauperiode, M\u00f6glichkeiten f\u00fcr die Ukraine mit schweren Kr\u00e4ften man\u00f6vrieren zu k\u00f6nnen, ergeben. [&#8230;] Es gibt auch einiges f\u00fcr uns zu lernen, darunter:<\/p>\n<ul>\n<li>Bedeutung der Abwehr von Drohnen<\/li>\n<li>Notwendigkeit hoher Interoperabilit\u00e4t<\/li>\n<li>Munitions-, Material- und Ersatzteilbevorratung<\/li>\n<li>Bedeutung (weitreichender) Aufkl\u00e4rung und eines netzwerkbasierten Lagebildaustauschs<\/li>\n<li>Essentielle Bedeutung einer ausgebildeten und voll ausgestatteten Reserve<\/li>\n<li>Vorhalten der F\u00e4higkeit, Personalersatz schnell und zielgerichtet auszustatten und auszubilden<\/li>\n<\/ul>\n<p>Es ist wichtig, dass wir uns eng mit unseren Partnern abstimmen und ausreichende Kr\u00e4fte in erforderlicher Verf\u00fcgbarkeit vorhalten k\u00f6nnen. (Strategische Pl\u00e4ne wurden und werden gemeinsam mit der Nato ausgearbeitet.) Wir m\u00fcssen die &#8222;Readiness&#8220; (Kaltstartf\u00e4higkeit, Einsatzbereitschaft, Robustheit) in allen Bereichen innerhalb von 96 Stunden erreichen.<\/p>\n<blockquote><p>Von der Kontingentarmee zu Pr\u00e4senzstreitkr\u00e4ften &#8211; Grundaufstellung ist nun die F\u00e4higkeit Landes- und B\u00fcndnisverteidigung.<\/p><\/blockquote>\n<ul>\n<li>Strukturelle Einsatzbereitschaft<\/li>\n<li>Materielle Einsatzbereitschaft<\/li>\n<li>Digitale Einsatzbereitschaft<\/li>\n<li>Personelle Einsatzbereitschaft<\/li>\n<li>Ausbildung und \u00dcbung<\/li>\n<\/ul>\n<p>GenLt. Laubenthal betont, was die Grundlagen f\u00fcr eine leistungsf\u00e4hige Bundeswehr der Zukunft sind. In welchen Handlungsfeldern wird den Herausforderungen in der Zeitenwende der Bundeswehr begegnet.<\/p>\n<blockquote><p>All in &amp; mit Vollgas! Die Bundeswehr liefert.<\/p><\/blockquote>\n<p>GenLt. Laubenthal geht auf laufende Vorhaben und Projekte des Sonderverm\u00f6gens ein. Darunter beispielsweise PUMA 2. Los, IRIS-T SLM, F35 A usw. &#8211; Es wir darauf in den n\u00e4chsten Jahren ankommen &#8211; auch nach einer Bundestagswahl.<\/p>\n<blockquote><p>Ich setze politisch darauf, dass wir diese Notwendigkeiten erkennen \u2013 auch \u00fcber Legislaturperioden hinweg.<\/p><\/blockquote>\n<p>Anschlie\u00dfend geht GenLt. Laubenthal auf aktuelle Umfragen ein, welche das Vertrauen in die Bundeswehr widerspiegeln. Aktuell liegt die Einstellung gegen\u00fcber der Bundeswehr bei rund 85% &#8211; einem Peak.<\/p>\n<p>Laubenthal spricht \u00fcber die Ausbildung Ungedienter: 2024 rechnet man mit rund 700 neuen Kameraden und sieht hier gro\u00dfes Potential.<\/p>\n<p>Ziel laut GenLt. Laubenthal ist es mindestens 30% des Personals und Materials binnen 48 Stunden und betont, wie wichtig es ist, dass Reservisten mindestens 14 Tage im Jahr in \u00dcbung gehalten werden. (Auch: Kommunikation mit Arbeitgebern.)<\/p>\n<p>GenLt. Laubenthal geht auf Quadriga (National Guardian) ein und die Planungsabsichten mit den HSchKp. In diesem Zusammenhang nennt er auch die neue Reservisten-App&#8230;[\/vc_column_text][vc_column_text css=&#8220;.vc_custom_1705425352542{padding-top: 10px !important;padding-right: 15px !important;padding-bottom: 10px !important;padding-left: 15px !important;background-color: #e5fcff !important;border-radius: 5px !important;}&#8220;]\n<h2>Fragen an den General<\/h2>\n<p><em>Frage: Wie wirkt sich eine Wiederwahl von Trump aus?<\/em> &#8211; Laubenthal erwartet nicht, dass die USA aus der NATO aussteigen, aber wir m\u00fcssen uns als Europ\u00e4er st\u00e4rker bem\u00fchen. (2% Sonderverm\u00f6gen) Er erwartet keine &#8222;Hartruderlage&#8220;.<\/p>\n<p><em>Frage: Ist der Regierung und der Gesellschaft die Bedrohungslage bewusst?<\/em> &#8211; Laubenthal geht auf die Bundeswehr als Arbeitgeber (&#8222;purpose driven&#8220;) ein. Wir sind was die Einstellungsverfahren angeht kein guter Arbeitgeber, wir machen es den Leuten viel zu schwer&#8230; wir k\u00f6nnen hier viel von der freien Wirtschaft lernen. Eine vorl\u00e4ufige Arbeitsplatzzusage kann man schon geben&#8230; Auch hier betont Laubenthal nochmal die Ausbildung f\u00fcr Ungediente und den hohen Motivationsgrad. Das stimmt ihn sehr sehr positiv. Wir m\u00fcssen das noch st\u00e4rker f\u00fcr uns nutzen. Er erlebt die gro\u00dfe Unterst\u00fctzung der politischen Mitte, beispielsweise beim Sonderverm\u00f6gen, Sitzungswochen im Verteidigunsausschuss &#8211; da herrscht gro\u00dfe Einigkeit.<\/p>\n<blockquote><p>Wir m\u00fcssen der Bev\u00f6lkerung erkl\u00e4ren was &#8222;Kriegst\u00fcchtigkeit&#8220; bedeutet.<\/p><\/blockquote>\n<p><em>Frage: Wir m\u00f6chten alle viel machen und sind motiviert, aber es scheitert oft&#8230;<\/em> Es wird immer da sperrig, wo es Gesetzes\u00e4nderungen bedarf.<\/p>\n<blockquote><p>Ich will Ungediente innerhalb von 7 Tagen eingestellt (Zusage) wissen.<\/p><\/blockquote>\n<p>Diese Realisierbarkeit pr\u00fcft GenLt. Laubenthal gerade und l\u00e4sst sich die Zahlen melden (bis Februar). Au\u00dferdem wird gepr\u00fcft, wie etwaige Lehrg\u00e4nge z.B. aus der Ferne gemacht werden k\u00f6nnen.<\/p>\n<blockquote><p>Wir haben die Reserve die letzten 20 Jahre liegen lassen. Dies wird sich sukzessive \u00e4ndern.<\/p><\/blockquote>\n<p style=\"text-align: center;\">(Es folgen weitere Fragen der \u00fcber 100 Teilnehmer, welche ich nicht notiert habe.)<\/p>\n<p><em>Frage: Auf welcher Plattform k\u00f6nnen sich Reservisten mit guten Ideen einbringen?<\/em> In der App wird es Chat-Rooms etc. geben. Die zentrale Ansprechstelle ist das Kompetenzzentrum f\u00fcr Reservistenangelegenheiten. (Er z\u00e4hlt die Kontaktm\u00f6glichkeiten auf.) <em>[Anm.d.Red: GenLt. Laubenthal scheint viel auf die neue App zu setzen! Ich bin gespannt!]<\/em><\/p>\n<p><em>Frage: Wie k\u00f6nnen wir von anderen L\u00e4ndern lernen?<\/em> Finnland und Schweden. Von Finnland kann man eine Menge lernen. Die haben sich seit des Kalten Krieges nicht ver\u00e4ndert: sie setzen zu 80% auf Reserve. Wir unterscheiden uns nicht von der Zielsetzung.<\/p>\n<blockquote><p>Jetzt brauchen wir die Reserve um den Krieg zu gewinnen.<\/p><\/blockquote>\n[\/vc_column_text][\/vc_column][\/vc_row][vc_row color=&#8220;&#8220; message_box_style=&#8220;solid&#8220; style=&#8220;rounded&#8220; message_box_color=&#8220;grey&#8220; icon_type=&#8220;fontawesome&#8220; icon_fontawesome=&#8220;fas fa-image&#8220; icon_monosocial=&#8220;vc-mono vc-mono-fivehundredpx&#8220; icon_openiconic=&#8220;&#8220; icon_typicons=&#8220;&#8220; icon_entypo=&#8220;&#8220; icon_linecons=&#8220;&#8220; icon_pixelicons=&#8220;&#8220;][vc_column][vc_separator][vc_column_text]<em><strong>Ich w\u00fcnsche Leonie und Valentin alles Gute weiterhin, vielen Dank f\u00fcr Eure Arbeit!<br \/>\n<\/strong><strong>Viel Erfolg und Geschick dem neuen Vorstand Lukas S. und Moritz W.!<\/strong><\/em><br \/>\nHattet ihr Gelegenheit dem Vortrag zuzuh\u00f6ren? Wie war euer Eindruck? Schreibt es in die <a href=\"#comments\">Kommentare<\/a> ;-)[\/vc_column_text][vc_message message_box_style=&#8220;solid&#8220; message_box_color=&#8220;grey&#8220; icon_fontawesome=&#8220;fas fa-assistive-listening-systems&#8220;]<strong>Hinweis<\/strong><br \/>\n<em>Alle Aussagen entsprechen meiner Interpretation des Geh\u00f6rten. Alle Angaben ohne Gew\u00e4hr.<\/em>[\/vc_message][vc_message message_box_style=&#8220;solid&#8220; message_box_color=&#8220;grey&#8220; icon_fontawesome=&#8220;fas fa-image&#8220;]<strong>Titelbild<\/strong><br \/>\n\u00a9 Bundeswehr\/Sebastian Wilke, eigene Montage[\/vc_message][\/vc_column][\/vc_row]\n\r\n\t\t\t<div id=\"daexthefu-container\"\r\n\t\t\t\tclass=\"daexthefu-container daexthefu-layout-stacked daexthefu-alignment-center\"\r\n\t\t\t\tdata-post-id=\"2827\">\r\n\r\n\t\t\t\t<div class=\"daexthefu-feedback\">\r\n\t\t\t\t\t<div class=\"daexthefu-text\">\r\n\t\t\t\t\t\t<h3 class=\"daexthefu-title\">War dieser Artikel f\u00fcr dich hilfreich?<\/h3>\r\n\t\t\t\t\t<\/div>\r\n\t\t\t\t\t<div class=\"daexthefu-buttons-container\">\r\n\t\t\t\t\t\t<div class=\"daexthefu-buttons\">\r\n\t\t\t\t\t\t\t\r\n\t\t\t<div class=\"daexthefu-yes daexthefu-button daexthefu-button-type-icon\" data-value=\"1\">\r\n\t\t\t\t\r\n                <svg>\r\n                    <defs>\r\n                        <style>.thumb-up-cls-1{fill:#c9c9c9;}.thumb-up-cls-2{fill:#e1e1e1;}.thumb-up-cls-3{fill:#676767;}<\/style>\r\n                    <\/defs>\r\n                    <g id=\"thumb_up\">\r\n                        <path class=\"thumb-up-cls-2 daexthefu-icon-circle\" d=\"m24,3c11.58,0,21,9.42,21,21s-9.42,21-21,21S3,35.58,3,24,12.42,3,24,3m0-1C11.85,2,2,11.85,2,24s9.85,22,22,22,22-9.85,22-22S36.15,2,24,2h0Z\" \/>\r\n                        <g>\r\n                            <rect class=\"thumb-up-cls-3 daexthefu-icon-secondary-color\" x=\"10\" y=\"20\" width=\"6\" height=\"15\" rx=\"1.5\" ry=\"1.5\" \/>\r\n                            <path class=\"thumb-up-cls-1 daexthefu-icon-primary-color\" d=\"m30.57,9.06l-.49-.1c-.81-.17-1.61.35-1.78,1.16l-5.3,11.74c-.17.81,3.16,1.61,3.97,1.78l1.96.41c.81.17,1.61-.35,1.78-1.16l2.18-10.27c.34-1.61-.7-3.21-2.31-3.56Z\" \/>\r\n                            <path class=\"thumb-up-cls-1 daexthefu-icon-primary-color\" d=\"m38.17,20h-18.67c-.83,0-1.5.67-1.5,1.5v12c0,.83.67,1.5,1.5,1.5h16.27c.71,0,1.33-.5,1.47-1.21l2.4-12c.19-.93-.53-1.8-1.47-1.8Z\" \/>\r\n                        <\/g>\r\n                    <\/g>\r\n                <\/svg>\t\t\t<\/div>\r\n\r\n\t\t\t\t\t\t\t\t\t\t\r\n\t\t\t<div class=\"daexthefu-no daexthefu-button daexthefu-button-type-icon\" data-value=\"0\">\r\n\t\t\t\t\r\n                <svg>\r\n                    <defs>\r\n                        <style>.thumb-down-cls-1{fill:#c9c9c9;}.thumb-down-cls-2{fill:#e1e1e1;}.thumb-down-cls-3{fill:#676767;}<\/style>\r\n                    <\/defs>\r\n                    <g id=\"thumb_down\">\r\n                        <path class=\"thumb-down-cls-2 daexthefu-icon-circle\" d=\"m24,3c11.58,0,21,9.42,21,21s-9.42,21-21,21S3,35.58,3,24,12.42,3,24,3m0-1C11.85,2,2,11.85,2,24s9.85,22,22,22,22-9.85,22-22S36.15,2,24,2h0Z\" \/>\r\n                        <g>\r\n                            <rect class=\"thumb-down-cls-3 daexthefu-icon-secondary-color\" x=\"10\" y=\"13\" width=\"6\" height=\"15\" rx=\"1.5\" ry=\"1.5\" \/>\r\n                            <path class=\"thumb-down-cls-1 daexthefu-icon-primary-color\" d=\"m30.57,38.94l-.49.1c-.81.17-1.61-.35-1.78-1.16l-5.3-11.74c-.17-.81,3.16-1.61,3.97-1.78l1.96-.41c.81-.17,1.61.35,1.78,1.16l2.18,10.27c.34,1.61-.7,3.21-2.31,3.56Z\" \/>\r\n                            <path class=\"thumb-down-cls-1 daexthefu-icon-primary-color\" d=\"m38.17,28h-18.67c-.83,0-1.5-.67-1.5-1.5v-12c0-.83.67-1.5,1.5-1.5h16.27c.71,0,1.33.5,1.47,1.21l2.4,12c.19.93-.53,1.8-1.47,1.8Z\" \/>\r\n                        <\/g>\r\n                    <\/g>\r\n                <\/svg>\t\t\t<\/div>\r\n\r\n\t\t\t\t\t\t\t\t\t<\/div>\r\n\t\t\t\t\t<\/div>\r\n\t\t\t\t<\/div>\r\n\r\n\t\t\t\t<div class=\"daexthefu-comment\">\r\n\t\t\t\t\t<div class=\"daexthefu-comment-top-container\">\r\n\t\t\t\t\t\t<label id=\"daexthefu-comment-label\" class=\"daexthefu-comment-label\"><\/label>\r\n\t\t\t\t\t\t\t\t\t\t\t\t\t<div class=\"daexthefu-comment-character-counter-container\">\r\n\t\t\t\t\t\t\t\t<div id=\"daexthefu-comment-character-counter-number\"\r\n\t\t\t\t\t\t\t\t\tclass=\"daexthefu-comment-character-counter-number\"><\/div>\r\n\t\t\t\t\t\t\t\t<div class=\"daexthefu-comment-character-counter-text\"><\/div>\r\n\t\t\t\t\t\t\t<\/div>\r\n\t\t\t\t\t\t\t\t\t\t\t<\/div>\r\n\t\t\t\t\t<textarea id=\"daexthefu-comment-textarea\" class=\"daexthefu-comment-textarea\"\r\n\t\t\t\t\t\t\t\tplaceholder=\"Dein Feedback\u2026\"\r\n\t\t\t\t\t\t\t\tmaxlength=\"\r\n\t\t\t\t\t\t\t\t500\t\t\t\t\t\t\t\t\t\"><\/textarea>\r\n\t\t\t\t\t<div class=\"daexthefu-comment-buttons-container\">\r\n\t\t\t\t\t\t<button class=\"daexthefu-comment-submit daexthefu-button\">senden<\/button>\r\n\t\t\t\t\t\t<button class=\"daexthefu-comment-cancel daexthefu-button\">abbrechen<\/button>\r\n\t\t\t\t\t<\/div>\r\n\t\t\t\t<\/div>\r\n\r\n\t\t\t\t<div class=\"daexthefu-successful-submission-text\">Vielen Dank!<\/div>\r\n\r\n\t\t\t<\/div>\r\n\r\n\t\t\t<\/div>","protected":false},"excerpt":{"rendered":"<p>Generalleutnant Markus Laubenthal, Stellvertreter des Generalinspekteurs der Bundeswehr, zu Gast bei RAG 4.0<\/p>\n","protected":false},"author":1,"featured_media":2843,"comment_status":"open","ping_status":"open","sticky":false,"template":"","format":"status","meta":{"_helpful_status":1,"inline_featured_image":false,"footnotes":""},"categories":[20],"tags":[17,135,220,225],"class_list":["post-2827","post","type-post","status-publish","format-status","has-post-thumbnail","hentry","category-reserve","tag-reserve","tag-rag","tag-reservistenverband","tag-laubenthal","post_format-post-format-status"],"acf":[],"yoast_head":"<!-- This site is optimized with the Yoast SEO plugin v27.5 - https:\/\/yoast.com\/product\/yoast-seo-wordpress\/ -->\n<title>Laubenthal: Chancen &amp; Herausforderungen &#8226; UNgedient.<\/title>\n<meta name=\"robots\" content=\"index, follow, max-snippet:-1, max-image-preview:large, max-video-preview:-1\" \/>\n<link rel=\"canonical\" href=\"https:\/\/ungedient.de\/blog\/reserve\/laubenthal-chancen-herausforderungen\/\" \/>\n<meta property=\"og:locale\" content=\"de_DE\" \/>\n<meta property=\"og:type\" content=\"article\" \/>\n<meta property=\"og:title\" content=\"Laubenthal: Chancen &amp; Herausforderungen &#8226; UNgedient.\" \/>\n<meta property=\"og:description\" content=\"Generalleutnant Markus Laubenthal, Stellvertreter des Generalinspekteurs der Bundeswehr, zu Gast bei RAG 4.0\" \/>\n<meta property=\"og:url\" content=\"https:\/\/ungedient.de\/blog\/reserve\/laubenthal-chancen-herausforderungen\/\" \/>\n<meta property=\"og:site_name\" content=\"UNgedient.\" \/>\n<meta property=\"article:publisher\" content=\"https:\/\/www.facebook.com\/fuchs52y\" \/>\n<meta property=\"article:author\" content=\"https:\/\/facebook.com\/fuchs52y\" \/>\n<meta property=\"article:published_time\" content=\"2024-01-16T16:56:29+00:00\" \/>\n<meta property=\"article:modified_time\" content=\"2024-01-16T17:54:39+00:00\" \/>\n<meta property=\"og:image\" content=\"https:\/\/ungedient.de\/blog\/wp-content\/uploads\/2024\/01\/laubenthal-rag40.png\" \/>\n\t<meta property=\"og:image:width\" content=\"950\" \/>\n\t<meta property=\"og:image:height\" content=\"500\" \/>\n\t<meta property=\"og:image:type\" content=\"image\/png\" \/>\n<meta name=\"author\" content=\"Daniel\" \/>\n<meta name=\"twitter:card\" content=\"summary_large_image\" \/>\n<meta name=\"twitter:label1\" content=\"Verfasst von\" \/>\n\t<meta name=\"twitter:data1\" content=\"Daniel\" \/>\n\t<meta name=\"twitter:label2\" content=\"Gesch\u00e4tzte Lesezeit\" \/>\n\t<meta name=\"twitter:data2\" content=\"5\u00a0Minuten\" \/>\n<script type=\"application\/ld+json\" class=\"yoast-schema-graph\">{\"@context\":\"https:\\\/\\\/schema.org\",\"@graph\":[{\"@type\":\"Article\",\"@id\":\"https:\\\/\\\/ungedient.de\\\/blog\\\/reserve\\\/laubenthal-chancen-herausforderungen\\\/#article\",\"isPartOf\":{\"@id\":\"https:\\\/\\\/ungedient.de\\\/blog\\\/reserve\\\/laubenthal-chancen-herausforderungen\\\/\"},\"author\":{\"name\":\"Daniel\",\"@id\":\"https:\\\/\\\/ungedient.de\\\/blog\\\/#\\\/schema\\\/person\\\/1648f47e5e180daeaa9f15f2dd485bf5\"},\"headline\":\"Laubenthal: Chancen &#038; Herausforderungen\",\"datePublished\":\"2024-01-16T16:56:29+00:00\",\"dateModified\":\"2024-01-16T17:54:39+00:00\",\"mainEntityOfPage\":{\"@id\":\"https:\\\/\\\/ungedient.de\\\/blog\\\/reserve\\\/laubenthal-chancen-herausforderungen\\\/\"},\"wordCount\":1192,\"commentCount\":0,\"publisher\":{\"@id\":\"https:\\\/\\\/ungedient.de\\\/blog\\\/#organization\"},\"image\":{\"@id\":\"https:\\\/\\\/ungedient.de\\\/blog\\\/reserve\\\/laubenthal-chancen-herausforderungen\\\/#primaryimage\"},\"thumbnailUrl\":\"https:\\\/\\\/ungedient.de\\\/blog\\\/wp-content\\\/uploads\\\/2024\\\/01\\\/laubenthal-rag40.png\",\"keywords\":[\"reserve\",\"rag\",\"reservistenverband\",\"laubenthal\"],\"articleSection\":[\"Reserve\"],\"inLanguage\":\"de\",\"potentialAction\":[{\"@type\":\"CommentAction\",\"name\":\"Comment\",\"target\":[\"https:\\\/\\\/ungedient.de\\\/blog\\\/reserve\\\/laubenthal-chancen-herausforderungen\\\/#respond\"]}]},{\"@type\":\"WebPage\",\"@id\":\"https:\\\/\\\/ungedient.de\\\/blog\\\/reserve\\\/laubenthal-chancen-herausforderungen\\\/\",\"url\":\"https:\\\/\\\/ungedient.de\\\/blog\\\/reserve\\\/laubenthal-chancen-herausforderungen\\\/\",\"name\":\"Laubenthal: Chancen & Herausforderungen &#8226; UNgedient.\",\"isPartOf\":{\"@id\":\"https:\\\/\\\/ungedient.de\\\/blog\\\/#website\"},\"primaryImageOfPage\":{\"@id\":\"https:\\\/\\\/ungedient.de\\\/blog\\\/reserve\\\/laubenthal-chancen-herausforderungen\\\/#primaryimage\"},\"image\":{\"@id\":\"https:\\\/\\\/ungedient.de\\\/blog\\\/reserve\\\/laubenthal-chancen-herausforderungen\\\/#primaryimage\"},\"thumbnailUrl\":\"https:\\\/\\\/ungedient.de\\\/blog\\\/wp-content\\\/uploads\\\/2024\\\/01\\\/laubenthal-rag40.png\",\"datePublished\":\"2024-01-16T16:56:29+00:00\",\"dateModified\":\"2024-01-16T17:54:39+00:00\",\"breadcrumb\":{\"@id\":\"https:\\\/\\\/ungedient.de\\\/blog\\\/reserve\\\/laubenthal-chancen-herausforderungen\\\/#breadcrumb\"},\"inLanguage\":\"de\",\"potentialAction\":[{\"@type\":\"ReadAction\",\"target\":[\"https:\\\/\\\/ungedient.de\\\/blog\\\/reserve\\\/laubenthal-chancen-herausforderungen\\\/\"]}]},{\"@type\":\"ImageObject\",\"inLanguage\":\"de\",\"@id\":\"https:\\\/\\\/ungedient.de\\\/blog\\\/reserve\\\/laubenthal-chancen-herausforderungen\\\/#primaryimage\",\"url\":\"https:\\\/\\\/ungedient.de\\\/blog\\\/wp-content\\\/uploads\\\/2024\\\/01\\\/laubenthal-rag40.png\",\"contentUrl\":\"https:\\\/\\\/ungedient.de\\\/blog\\\/wp-content\\\/uploads\\\/2024\\\/01\\\/laubenthal-rag40.png\",\"width\":950,\"height\":500},{\"@type\":\"BreadcrumbList\",\"@id\":\"https:\\\/\\\/ungedient.de\\\/blog\\\/reserve\\\/laubenthal-chancen-herausforderungen\\\/#breadcrumb\",\"itemListElement\":[{\"@type\":\"ListItem\",\"position\":1,\"name\":\"Startseite\",\"item\":\"https:\\\/\\\/ungedient.de\\\/blog\\\/\"},{\"@type\":\"ListItem\",\"position\":2,\"name\":\"Reserve\",\"item\":\"https:\\\/\\\/ungedient.de\\\/blog\\\/thema\\\/reserve\\\/\"},{\"@type\":\"ListItem\",\"position\":3,\"name\":\"Laubenthal: Chancen &#038; Herausforderungen\"}]},{\"@type\":\"WebSite\",\"@id\":\"https:\\\/\\\/ungedient.de\\\/blog\\\/#website\",\"url\":\"https:\\\/\\\/ungedient.de\\\/blog\\\/\",\"name\":\"UNgedient. Vom Ungedienten zur Bundeswehr.\",\"description\":\"Dein Weg in die Reserve der Bundeswehr\",\"publisher\":{\"@id\":\"https:\\\/\\\/ungedient.de\\\/blog\\\/#organization\"},\"alternateName\":\"Ausbildung f\u00fcr Ungediente\",\"potentialAction\":[{\"@type\":\"SearchAction\",\"target\":{\"@type\":\"EntryPoint\",\"urlTemplate\":\"https:\\\/\\\/ungedient.de\\\/blog\\\/?s={search_term_string}\"},\"query-input\":{\"@type\":\"PropertyValueSpecification\",\"valueRequired\":true,\"valueName\":\"search_term_string\"}}],\"inLanguage\":\"de\"},{\"@type\":\"Organization\",\"@id\":\"https:\\\/\\\/ungedient.de\\\/blog\\\/#organization\",\"name\":\"UNgedient. Vom Ungedienten zur Bundeswehr.\",\"alternateName\":\"Ausbildung Ungedienter zum Reservisten der Bundeswehr\",\"url\":\"https:\\\/\\\/ungedient.de\\\/blog\\\/\",\"logo\":{\"@type\":\"ImageObject\",\"inLanguage\":\"de\",\"@id\":\"https:\\\/\\\/ungedient.de\\\/blog\\\/#\\\/schema\\\/logo\\\/image\\\/\",\"url\":\"https:\\\/\\\/ungedient.de\\\/blog\\\/wp-content\\\/uploads\\\/2023\\\/03\\\/ungedient-favicon.jpg\",\"contentUrl\":\"https:\\\/\\\/ungedient.de\\\/blog\\\/wp-content\\\/uploads\\\/2023\\\/03\\\/ungedient-favicon.jpg\",\"width\":520,\"height\":520,\"caption\":\"UNgedient. Vom Ungedienten zur Bundeswehr.\"},\"image\":{\"@id\":\"https:\\\/\\\/ungedient.de\\\/blog\\\/#\\\/schema\\\/logo\\\/image\\\/\"},\"sameAs\":[\"https:\\\/\\\/www.facebook.com\\\/fuchs52y\"]},{\"@type\":\"Person\",\"@id\":\"https:\\\/\\\/ungedient.de\\\/blog\\\/#\\\/schema\\\/person\\\/1648f47e5e180daeaa9f15f2dd485bf5\",\"name\":\"Daniel\",\"image\":{\"@type\":\"ImageObject\",\"inLanguage\":\"de\",\"@id\":\"https:\\\/\\\/secure.gravatar.com\\\/avatar\\\/ef3cfcfe1a934ab692f6ac8a025998218be6f7edf0973bf6f01a1c8634236232?s=96&d=mm&r=g\",\"url\":\"https:\\\/\\\/secure.gravatar.com\\\/avatar\\\/ef3cfcfe1a934ab692f6ac8a025998218be6f7edf0973bf6f01a1c8634236232?s=96&d=mm&r=g\",\"contentUrl\":\"https:\\\/\\\/secure.gravatar.com\\\/avatar\\\/ef3cfcfe1a934ab692f6ac8a025998218be6f7edf0973bf6f01a1c8634236232?s=96&d=mm&r=g\",\"caption\":\"Daniel\"},\"description\":\"Daniel absolvierte die Ausbildung f\u00fcr Ungediente 2023 in Rheinland-Pfalz und ist mittlerweile in der 5.\\\/HSchRgt 3 beordert. Er arbeitete als Reservistendienstleistender in einer Projektgruppe des Territorialen F\u00fchrungskommandos der Bundeswehr und engagiert sich als einer von zwei Beauftragten der Landesgruppe Baden-W\u00fcrttemberg des Verbandes der Reservisten der Deutschen Bundeswehr f\u00fcr die Ausbildung Ungediente. 2025 wurde er Vorsitzender der Reservistenarbeitsgemeinschaft Drohne MO. Daniel ist verheiratet und Vater von drei T\u00f6chtern.\",\"sameAs\":[\"https:\\\/\\\/facebook.com\\\/fuchs52y\"]}]}<\/script>\n<!-- \/ Yoast SEO plugin. -->","yoast_head_json":{"title":"Laubenthal: Chancen & Herausforderungen &#8226; UNgedient.","robots":{"index":"index","follow":"follow","max-snippet":"max-snippet:-1","max-image-preview":"max-image-preview:large","max-video-preview":"max-video-preview:-1"},"canonical":"https:\/\/ungedient.de\/blog\/reserve\/laubenthal-chancen-herausforderungen\/","og_locale":"de_DE","og_type":"article","og_title":"Laubenthal: Chancen & Herausforderungen &#8226; UNgedient.","og_description":"Generalleutnant Markus Laubenthal, Stellvertreter des Generalinspekteurs der Bundeswehr, zu Gast bei RAG 4.0","og_url":"https:\/\/ungedient.de\/blog\/reserve\/laubenthal-chancen-herausforderungen\/","og_site_name":"UNgedient.","article_publisher":"https:\/\/www.facebook.com\/fuchs52y","article_author":"https:\/\/facebook.com\/fuchs52y","article_published_time":"2024-01-16T16:56:29+00:00","article_modified_time":"2024-01-16T17:54:39+00:00","og_image":[{"width":950,"height":500,"url":"https:\/\/ungedient.de\/blog\/wp-content\/uploads\/2024\/01\/laubenthal-rag40.png","type":"image\/png"}],"author":"Daniel","twitter_card":"summary_large_image","twitter_misc":{"Verfasst von":"Daniel","Gesch\u00e4tzte Lesezeit":"5\u00a0Minuten"},"schema":{"@context":"https:\/\/schema.org","@graph":[{"@type":"Article","@id":"https:\/\/ungedient.de\/blog\/reserve\/laubenthal-chancen-herausforderungen\/#article","isPartOf":{"@id":"https:\/\/ungedient.de\/blog\/reserve\/laubenthal-chancen-herausforderungen\/"},"author":{"name":"Daniel","@id":"https:\/\/ungedient.de\/blog\/#\/schema\/person\/1648f47e5e180daeaa9f15f2dd485bf5"},"headline":"Laubenthal: Chancen &#038; Herausforderungen","datePublished":"2024-01-16T16:56:29+00:00","dateModified":"2024-01-16T17:54:39+00:00","mainEntityOfPage":{"@id":"https:\/\/ungedient.de\/blog\/reserve\/laubenthal-chancen-herausforderungen\/"},"wordCount":1192,"commentCount":0,"publisher":{"@id":"https:\/\/ungedient.de\/blog\/#organization"},"image":{"@id":"https:\/\/ungedient.de\/blog\/reserve\/laubenthal-chancen-herausforderungen\/#primaryimage"},"thumbnailUrl":"https:\/\/ungedient.de\/blog\/wp-content\/uploads\/2024\/01\/laubenthal-rag40.png","keywords":["reserve","rag","reservistenverband","laubenthal"],"articleSection":["Reserve"],"inLanguage":"de","potentialAction":[{"@type":"CommentAction","name":"Comment","target":["https:\/\/ungedient.de\/blog\/reserve\/laubenthal-chancen-herausforderungen\/#respond"]}]},{"@type":"WebPage","@id":"https:\/\/ungedient.de\/blog\/reserve\/laubenthal-chancen-herausforderungen\/","url":"https:\/\/ungedient.de\/blog\/reserve\/laubenthal-chancen-herausforderungen\/","name":"Laubenthal: Chancen & Herausforderungen &#8226; UNgedient.","isPartOf":{"@id":"https:\/\/ungedient.de\/blog\/#website"},"primaryImageOfPage":{"@id":"https:\/\/ungedient.de\/blog\/reserve\/laubenthal-chancen-herausforderungen\/#primaryimage"},"image":{"@id":"https:\/\/ungedient.de\/blog\/reserve\/laubenthal-chancen-herausforderungen\/#primaryimage"},"thumbnailUrl":"https:\/\/ungedient.de\/blog\/wp-content\/uploads\/2024\/01\/laubenthal-rag40.png","datePublished":"2024-01-16T16:56:29+00:00","dateModified":"2024-01-16T17:54:39+00:00","breadcrumb":{"@id":"https:\/\/ungedient.de\/blog\/reserve\/laubenthal-chancen-herausforderungen\/#breadcrumb"},"inLanguage":"de","potentialAction":[{"@type":"ReadAction","target":["https:\/\/ungedient.de\/blog\/reserve\/laubenthal-chancen-herausforderungen\/"]}]},{"@type":"ImageObject","inLanguage":"de","@id":"https:\/\/ungedient.de\/blog\/reserve\/laubenthal-chancen-herausforderungen\/#primaryimage","url":"https:\/\/ungedient.de\/blog\/wp-content\/uploads\/2024\/01\/laubenthal-rag40.png","contentUrl":"https:\/\/ungedient.de\/blog\/wp-content\/uploads\/2024\/01\/laubenthal-rag40.png","width":950,"height":500},{"@type":"BreadcrumbList","@id":"https:\/\/ungedient.de\/blog\/reserve\/laubenthal-chancen-herausforderungen\/#breadcrumb","itemListElement":[{"@type":"ListItem","position":1,"name":"Startseite","item":"https:\/\/ungedient.de\/blog\/"},{"@type":"ListItem","position":2,"name":"Reserve","item":"https:\/\/ungedient.de\/blog\/thema\/reserve\/"},{"@type":"ListItem","position":3,"name":"Laubenthal: Chancen &#038; Herausforderungen"}]},{"@type":"WebSite","@id":"https:\/\/ungedient.de\/blog\/#website","url":"https:\/\/ungedient.de\/blog\/","name":"UNgedient. Vom Ungedienten zur Bundeswehr.","description":"Dein Weg in die Reserve der Bundeswehr","publisher":{"@id":"https:\/\/ungedient.de\/blog\/#organization"},"alternateName":"Ausbildung f\u00fcr Ungediente","potentialAction":[{"@type":"SearchAction","target":{"@type":"EntryPoint","urlTemplate":"https:\/\/ungedient.de\/blog\/?s={search_term_string}"},"query-input":{"@type":"PropertyValueSpecification","valueRequired":true,"valueName":"search_term_string"}}],"inLanguage":"de"},{"@type":"Organization","@id":"https:\/\/ungedient.de\/blog\/#organization","name":"UNgedient. Vom Ungedienten zur Bundeswehr.","alternateName":"Ausbildung Ungedienter zum Reservisten der Bundeswehr","url":"https:\/\/ungedient.de\/blog\/","logo":{"@type":"ImageObject","inLanguage":"de","@id":"https:\/\/ungedient.de\/blog\/#\/schema\/logo\/image\/","url":"https:\/\/ungedient.de\/blog\/wp-content\/uploads\/2023\/03\/ungedient-favicon.jpg","contentUrl":"https:\/\/ungedient.de\/blog\/wp-content\/uploads\/2023\/03\/ungedient-favicon.jpg","width":520,"height":520,"caption":"UNgedient. Vom Ungedienten zur Bundeswehr."},"image":{"@id":"https:\/\/ungedient.de\/blog\/#\/schema\/logo\/image\/"},"sameAs":["https:\/\/www.facebook.com\/fuchs52y"]},{"@type":"Person","@id":"https:\/\/ungedient.de\/blog\/#\/schema\/person\/1648f47e5e180daeaa9f15f2dd485bf5","name":"Daniel","image":{"@type":"ImageObject","inLanguage":"de","@id":"https:\/\/secure.gravatar.com\/avatar\/ef3cfcfe1a934ab692f6ac8a025998218be6f7edf0973bf6f01a1c8634236232?s=96&d=mm&r=g","url":"https:\/\/secure.gravatar.com\/avatar\/ef3cfcfe1a934ab692f6ac8a025998218be6f7edf0973bf6f01a1c8634236232?s=96&d=mm&r=g","contentUrl":"https:\/\/secure.gravatar.com\/avatar\/ef3cfcfe1a934ab692f6ac8a025998218be6f7edf0973bf6f01a1c8634236232?s=96&d=mm&r=g","caption":"Daniel"},"description":"Daniel absolvierte die Ausbildung f\u00fcr Ungediente 2023 in Rheinland-Pfalz und ist mittlerweile in der 5.\/HSchRgt 3 beordert. Er arbeitete als Reservistendienstleistender in einer Projektgruppe des Territorialen F\u00fchrungskommandos der Bundeswehr und engagiert sich als einer von zwei Beauftragten der Landesgruppe Baden-W\u00fcrttemberg des Verbandes der Reservisten der Deutschen Bundeswehr f\u00fcr die Ausbildung Ungediente. 2025 wurde er Vorsitzender der Reservistenarbeitsgemeinschaft Drohne MO. Daniel ist verheiratet und Vater von drei T\u00f6chtern.","sameAs":["https:\/\/facebook.com\/fuchs52y"]}]}},"_links":{"self":[{"href":"https:\/\/ungedient.de\/blog\/wp-json\/wp\/v2\/posts\/2827","targetHints":{"allow":["GET"]}}],"collection":[{"href":"https:\/\/ungedient.de\/blog\/wp-json\/wp\/v2\/posts"}],"about":[{"href":"https:\/\/ungedient.de\/blog\/wp-json\/wp\/v2\/types\/post"}],"author":[{"embeddable":true,"href":"https:\/\/ungedient.de\/blog\/wp-json\/wp\/v2\/users\/1"}],"replies":[{"embeddable":true,"href":"https:\/\/ungedient.de\/blog\/wp-json\/wp\/v2\/comments?post=2827"}],"version-history":[{"count":0,"href":"https:\/\/ungedient.de\/blog\/wp-json\/wp\/v2\/posts\/2827\/revisions"}],"wp:featuredmedia":[{"embeddable":true,"href":"https:\/\/ungedient.de\/blog\/wp-json\/wp\/v2\/media\/2843"}],"wp:attachment":[{"href":"https:\/\/ungedient.de\/blog\/wp-json\/wp\/v2\/media?parent=2827"}],"wp:term":[{"taxonomy":"category","embeddable":true,"href":"https:\/\/ungedient.de\/blog\/wp-json\/wp\/v2\/categories?post=2827"},{"taxonomy":"post_tag","embeddable":true,"href":"https:\/\/ungedient.de\/blog\/wp-json\/wp\/v2\/tags?post=2827"}],"curies":[{"name":"wp","href":"https:\/\/api.w.org\/{rel}","templated":true}]}}