{"id":2934,"date":"2024-01-28T20:58:03","date_gmt":"2024-01-28T19:58:03","guid":{"rendered":"https:\/\/ungedient.de\/blog\/?p=2934"},"modified":"2024-03-05T21:56:27","modified_gmt":"2024-03-05T20:56:27","slug":"vormerken-vortrag-talkrunde","status":"publish","type":"post","link":"https:\/\/ungedient.de\/blog\/neuigkeiten\/vormerken-vortrag-talkrunde\/","title":{"rendered":"Vortrag &#038; Talkrunde"},"content":{"rendered":"<div class=\"wpb-content-wrapper\">[vc_row][vc_column][vc_message message_box_style=&#8220;solid&#8220; message_box_color=&#8220;green&#8220; icon_fontawesome=&#8220;far fa-lightbulb&#8220;]<strong>Diese Veranstaltung hat am 05.03.2023 stattgefunden.<\/strong><br \/>\nIm Namen der Vortragenden bedanke ich mich f\u00fcr Ihre aufmerksame Teilnahme, die interessanten Redebeitr\u00e4ge und grunds\u00e4tzlich f\u00fcr die Aufgeschlossenheit zu diesem Thema &#8211; ganz gleich, ob Sie \u00fcber einen Vordienstgrad verf\u00fcgen oder nicht. Wir hoffen, dass wir Ihnen in der K\u00fcrze des Abends einen kleinen Einblick geben konnten. <a href=\"https:\/\/ungedient.de\/blog\/wp-content\/uploads\/2024\/01\/Ausbildung_fuer_Ungediente.pdf\">Das Handout zum Vortrag &#8222;Ausbildung f\u00fcr Ungediente&#8220; finden Sie hier.<\/a>[\/vc_message][vc_empty_space][vc_single_image image=&#8220;3364&#8243; img_size=&#8220;full&#8220; alignment=&#8220;center&#8220; style=&#8220;vc_box_shadow_3d&#8220; onclick=&#8220;custom_link&#8220; img_link_target=&#8220;_blank&#8220; css_animation=&#8220;fadeInUp&#8220; link=&#8220;https:\/\/ungedient.de\/blog\/wp-content\/uploads\/2024\/01\/Ausbildung_fuer_Ungediente.pdf&#8220;][vc_empty_space height=&#8220;132px&#8220;][vc_column_text]Wie ihr wisst bin ich seit geraumer Zeit ein gro\u00dfer Fan der <a href=\"https:\/\/ungedient.de\/blog\/wissen\/dares-digitale-ausbildung\/\">virtuellen Vortr\u00e4ge und digitalen Ausbildungen des Reservistenverbandes<\/a>. Die Veranstaltungen sind ideal um sich die Wartezeit bis zum Ausbildungsbeginn zu verk\u00fcrzen &#8211; aber selbstverst\u00e4ndlich auch danach ein toller Mehrwert, denn jeder kann daran teilnehmen &#8211; v\u00f6llig kostenlos, ganz gleich ob VdRBw-Mitglied oder nicht!<\/p>\n<p><img decoding=\"async\" class=\"alignleft wp-image-2940 \" src=\"https:\/\/ungedient.de\/blog\/wp-content\/themes\/breek\/assets\/images\/transparent.gif\" data-lazy=\"true\" data-src=\"https:\/\/ungedient.de\/blog\/wp-content\/uploads\/2024\/01\/Fallert_pass5o.gif\" alt=\"O d.R. Joachim Fallert\" width=\"153\" height=\"230\" \/><\/p>\n<p>Ich freue mich heute bekannt geben zu k\u00f6nnen, dass es bald auch einen Vortrag (mit anschlie\u00dfender Talkrunde) zum Thema &#8222;Ungediente&#8220; geben wird. Noch mehr freue ich mich allerdings, dass<strong> Oberst d. R. Joachim Fallert<\/strong>, Landesvorsitzender des Reservistenverbandes Baden-W\u00fcrttemberg, einer der Initiatoren der Ausbildung f\u00fcr Ungediente sich bereit erkl\u00e4rt die Veranstaltung mit mir gemeinsam durchzuf\u00fchren![\/vc_column_text][vc_separator][vc_column_text]\n<h2 style=\"text-align: center;\">Vom Kriegsdienstverweigerer zum Heimatverteidiger<\/h2>\n<h2 style=\"text-align: center;\">Di, 5. M\u00e4rz, 19:00 \u2013 20:00 Uhr<\/h2>\n<p>Es wird ein spannender virtueller Abend und auch f\u00fcr die gutinformierten Leser dieses Blogs gibt es sicherlich noch das ein oder andere zu erfahren. Der Reservistenverband k\u00fcndigt die virtuelle Veranstaltung mit folgenden Worten an:<\/p>\n<blockquote><p>Die Ausbildung f\u00fcr Ungediente vermittelt in einem Crashkurs die Heimatschutz-Basics und versteht sich somit als T\u00fcr\u00f6ffner.<br \/>\nDieses Jahr rechnet die Bundeswehr mit der Ausbildung von 700 neuen Reservistinnen und Reservisten. Was bewegt die k\u00fcnftigen Kameradinnen und Kameraden \u2013 und warum sind es nicht noch mehr?<\/p>\n<p>Diesen und weiteren Fragen sp\u00fcren Oberst d. R. Joachim Fallert, Landesvorsitzender des Reservistenverbandes Baden-W\u00fcrttemberg, einer der V\u00e4ter des Ausbildungsprogramms, und Gefreiter d. R. Daniel Gay, Autor des privaten Blogs Ungedient.de und derzeit in einer Reservedienstleistung im Territorialen F\u00fchrungskommando, nach.<\/p>\n<p>Gemeinsam werfen die Kameraden Fallert und Gay einen Blick in die Vergangenheit &#8211; hin zu den Anf\u00e4ngen der &#8222;Ausbildung f\u00fcr Ungediente&#8220;, befassen sich mit dem Ist-Zustand und wagen schlie\u00dflich einen Blick in die Kristallkugel.<\/p>\n<p>Dozent Daniel Gay hat sich in Rheinland-Pfalz im Jahr 2023 zum Heimatsch\u00fctzer ausbilden lassen. Dar\u00fcber berichtete der SWR. Zur Einstimmung aufs Thema geht es hier zu einem Mediathek-Beitrag vom: 01.08.2023:<br \/>\n<a href=\"https:\/\/www.swrfernsehen.de\/landesschau-rp\/reportage-bundeswehr-reservist-als-ungedienter-100.html\" target=\"_blank\" rel=\"noopener\">https:\/\/www.swrfernsehen.de\/landesschau-rp\/reportage-bundeswehr-reservist-als-ungedienter-100.html<\/a><\/p><\/blockquote>\n<p>Eingeladen sind alle interessierte Staatsb\u00fcrger, Ungediente und Reservisten.[\/vc_column_text][vc_message message_box_style=&#8220;solid&#8220; message_box_color=&#8220;grey&#8220; icon_fontawesome=&#8220;fas fa-microphone&#8220;]<strong>Info<\/strong><br \/>\n<em>Dozenten: Daniel Gay und Joachim Fallert<\/em><br \/>\n<em>Betreuender SB: Detlef Struckhof<\/em>[\/vc_message][vc_message message_box_style=&#8220;solid&#8220; message_box_color=&#8220;grey&#8220; icon_fontawesome=&#8220;fas fa-image&#8220;]<strong>Titelbild<\/strong><br \/>\n\u00a9 Midjourney &amp; eigene Montage<br \/>\n<strong>Slideshow v. O d.R. Fallert<\/strong><br \/>\n\u00a9 VdRBw \/ Privat <a href=\"https:\/\/www.reservistenverband.de\/baden-wuerttemberg\/profil\/\" target=\"_blank\" rel=\"noopener\">(Quelle)<\/a>[\/vc_message][\/vc_column][\/vc_row]\n\r\n\t\t\t<div id=\"daexthefu-container\"\r\n\t\t\t\tclass=\"daexthefu-container daexthefu-layout-stacked daexthefu-alignment-center\"\r\n\t\t\t\tdata-post-id=\"2934\">\r\n\r\n\t\t\t\t<div class=\"daexthefu-feedback\">\r\n\t\t\t\t\t<div class=\"daexthefu-text\">\r\n\t\t\t\t\t\t<h3 class=\"daexthefu-title\">War dieser Artikel f\u00fcr dich hilfreich?<\/h3>\r\n\t\t\t\t\t<\/div>\r\n\t\t\t\t\t<div class=\"daexthefu-buttons-container\">\r\n\t\t\t\t\t\t<div class=\"daexthefu-buttons\">\r\n\t\t\t\t\t\t\t\r\n\t\t\t<div class=\"daexthefu-yes daexthefu-button daexthefu-button-type-icon\" data-value=\"1\">\r\n\t\t\t\t\r\n                <svg>\r\n                    <defs>\r\n                        <style>.thumb-up-cls-1{fill:#c9c9c9;}.thumb-up-cls-2{fill:#e1e1e1;}.thumb-up-cls-3{fill:#676767;}<\/style>\r\n                    <\/defs>\r\n                    <g id=\"thumb_up\">\r\n                        <path class=\"thumb-up-cls-2 daexthefu-icon-circle\" d=\"m24,3c11.58,0,21,9.42,21,21s-9.42,21-21,21S3,35.58,3,24,12.42,3,24,3m0-1C11.85,2,2,11.85,2,24s9.85,22,22,22,22-9.85,22-22S36.15,2,24,2h0Z\" \/>\r\n                        <g>\r\n                            <rect class=\"thumb-up-cls-3 daexthefu-icon-secondary-color\" x=\"10\" y=\"20\" width=\"6\" height=\"15\" rx=\"1.5\" ry=\"1.5\" \/>\r\n                            <path class=\"thumb-up-cls-1 daexthefu-icon-primary-color\" d=\"m30.57,9.06l-.49-.1c-.81-.17-1.61.35-1.78,1.16l-5.3,11.74c-.17.81,3.16,1.61,3.97,1.78l1.96.41c.81.17,1.61-.35,1.78-1.16l2.18-10.27c.34-1.61-.7-3.21-2.31-3.56Z\" \/>\r\n                            <path class=\"thumb-up-cls-1 daexthefu-icon-primary-color\" d=\"m38.17,20h-18.67c-.83,0-1.5.67-1.5,1.5v12c0,.83.67,1.5,1.5,1.5h16.27c.71,0,1.33-.5,1.47-1.21l2.4-12c.19-.93-.53-1.8-1.47-1.8Z\" \/>\r\n                        <\/g>\r\n                    <\/g>\r\n                <\/svg>\t\t\t<\/div>\r\n\r\n\t\t\t\t\t\t\t\t\t\t\r\n\t\t\t<div class=\"daexthefu-no daexthefu-button daexthefu-button-type-icon\" data-value=\"0\">\r\n\t\t\t\t\r\n                <svg>\r\n                    <defs>\r\n                        <style>.thumb-down-cls-1{fill:#c9c9c9;}.thumb-down-cls-2{fill:#e1e1e1;}.thumb-down-cls-3{fill:#676767;}<\/style>\r\n                    <\/defs>\r\n                    <g id=\"thumb_down\">\r\n                        <path class=\"thumb-down-cls-2 daexthefu-icon-circle\" d=\"m24,3c11.58,0,21,9.42,21,21s-9.42,21-21,21S3,35.58,3,24,12.42,3,24,3m0-1C11.85,2,2,11.85,2,24s9.85,22,22,22,22-9.85,22-22S36.15,2,24,2h0Z\" \/>\r\n                        <g>\r\n                            <rect class=\"thumb-down-cls-3 daexthefu-icon-secondary-color\" x=\"10\" y=\"13\" width=\"6\" height=\"15\" rx=\"1.5\" ry=\"1.5\" \/>\r\n                            <path class=\"thumb-down-cls-1 daexthefu-icon-primary-color\" d=\"m30.57,38.94l-.49.1c-.81.17-1.61-.35-1.78-1.16l-5.3-11.74c-.17-.81,3.16-1.61,3.97-1.78l1.96-.41c.81-.17,1.61.35,1.78,1.16l2.18,10.27c.34,1.61-.7,3.21-2.31,3.56Z\" \/>\r\n                            <path class=\"thumb-down-cls-1 daexthefu-icon-primary-color\" d=\"m38.17,28h-18.67c-.83,0-1.5-.67-1.5-1.5v-12c0-.83.67-1.5,1.5-1.5h16.27c.71,0,1.33.5,1.47,1.21l2.4,12c.19.93-.53,1.8-1.47,1.8Z\" \/>\r\n                        <\/g>\r\n                    <\/g>\r\n                <\/svg>\t\t\t<\/div>\r\n\r\n\t\t\t\t\t\t\t\t\t<\/div>\r\n\t\t\t\t\t<\/div>\r\n\t\t\t\t<\/div>\r\n\r\n\t\t\t\t<div class=\"daexthefu-comment\">\r\n\t\t\t\t\t<div class=\"daexthefu-comment-top-container\">\r\n\t\t\t\t\t\t<label id=\"daexthefu-comment-label\" class=\"daexthefu-comment-label\"><\/label>\r\n\t\t\t\t\t\t\t\t\t\t\t\t\t<div class=\"daexthefu-comment-character-counter-container\">\r\n\t\t\t\t\t\t\t\t<div id=\"daexthefu-comment-character-counter-number\"\r\n\t\t\t\t\t\t\t\t\tclass=\"daexthefu-comment-character-counter-number\"><\/div>\r\n\t\t\t\t\t\t\t\t<div class=\"daexthefu-comment-character-counter-text\"><\/div>\r\n\t\t\t\t\t\t\t<\/div>\r\n\t\t\t\t\t\t\t\t\t\t\t<\/div>\r\n\t\t\t\t\t<textarea id=\"daexthefu-comment-textarea\" class=\"daexthefu-comment-textarea\"\r\n\t\t\t\t\t\t\t\tplaceholder=\"Dein Feedback\u2026\"\r\n\t\t\t\t\t\t\t\tmaxlength=\"\r\n\t\t\t\t\t\t\t\t500\t\t\t\t\t\t\t\t\t\"><\/textarea>\r\n\t\t\t\t\t<div class=\"daexthefu-comment-buttons-container\">\r\n\t\t\t\t\t\t<button class=\"daexthefu-comment-submit daexthefu-button\">senden<\/button>\r\n\t\t\t\t\t\t<button class=\"daexthefu-comment-cancel daexthefu-button\">abbrechen<\/button>\r\n\t\t\t\t\t<\/div>\r\n\t\t\t\t<\/div>\r\n\r\n\t\t\t\t<div class=\"daexthefu-successful-submission-text\">Vielen Dank!<\/div>\r\n\r\n\t\t\t<\/div>\r\n\r\n\t\t\t<\/div>","protected":false},"excerpt":{"rendered":"<p>5. M\u00e4rz 2024, 19 Uhr: virtuelle Veranstaltung mit Oberst d.R. Fallert und mir.<\/p>\n","protected":false},"author":1,"featured_media":2950,"comment_status":"open","ping_status":"open","sticky":false,"template":"","format":"status","meta":{"_helpful_status":1,"inline_featured_image":false,"footnotes":""},"categories":[21],"tags":[17,137,227,228],"class_list":["post-2934","post","type-post","status-publish","format-status","has-post-thumbnail","hentry","category-neuigkeiten","tag-reserve","tag-dares","tag-faq","tag-fallert","post_format-post-format-status"],"acf":[],"yoast_head":"<!-- This site is optimized with the Yoast SEO plugin v27.5 - https:\/\/yoast.com\/product\/yoast-seo-wordpress\/ -->\n<title>Vortrag &amp; Talkrunde &#8226; UNgedient.<\/title>\n<meta name=\"robots\" content=\"index, follow, max-snippet:-1, max-image-preview:large, max-video-preview:-1\" \/>\n<link rel=\"canonical\" href=\"https:\/\/ungedient.de\/blog\/neuigkeiten\/vormerken-vortrag-talkrunde\/\" \/>\n<meta property=\"og:locale\" content=\"de_DE\" \/>\n<meta property=\"og:type\" content=\"article\" \/>\n<meta property=\"og:title\" content=\"Vortrag &amp; Talkrunde &#8226; UNgedient.\" \/>\n<meta property=\"og:description\" content=\"5. M\u00e4rz 2024, 19 Uhr: virtuelle Veranstaltung mit Oberst d.R. Fallert und mir.\" \/>\n<meta property=\"og:url\" content=\"https:\/\/ungedient.de\/blog\/neuigkeiten\/vormerken-vortrag-talkrunde\/\" \/>\n<meta property=\"og:site_name\" content=\"UNgedient.\" \/>\n<meta property=\"article:publisher\" content=\"https:\/\/www.facebook.com\/fuchs52y\" \/>\n<meta property=\"article:author\" content=\"https:\/\/facebook.com\/fuchs52y\" \/>\n<meta property=\"article:published_time\" content=\"2024-01-28T19:58:03+00:00\" \/>\n<meta property=\"article:modified_time\" content=\"2024-03-05T20:56:27+00:00\" \/>\n<meta property=\"og:image\" content=\"https:\/\/ungedient.de\/blog\/wp-content\/uploads\/2024\/01\/vortrag.jpg\" \/>\n\t<meta property=\"og:image:width\" content=\"950\" \/>\n\t<meta property=\"og:image:height\" content=\"500\" \/>\n\t<meta property=\"og:image:type\" content=\"image\/jpeg\" \/>\n<meta name=\"author\" content=\"Daniel\" \/>\n<meta name=\"twitter:card\" content=\"summary_large_image\" \/>\n<meta name=\"twitter:label1\" content=\"Verfasst von\" \/>\n\t<meta name=\"twitter:data1\" content=\"Daniel\" \/>\n\t<meta name=\"twitter:label2\" content=\"Gesch\u00e4tzte Lesezeit\" \/>\n\t<meta name=\"twitter:data2\" content=\"2\u00a0Minuten\" \/>\n<script type=\"application\/ld+json\" class=\"yoast-schema-graph\">{\"@context\":\"https:\\\/\\\/schema.org\",\"@graph\":[{\"@type\":\"Article\",\"@id\":\"https:\\\/\\\/ungedient.de\\\/blog\\\/neuigkeiten\\\/vormerken-vortrag-talkrunde\\\/#article\",\"isPartOf\":{\"@id\":\"https:\\\/\\\/ungedient.de\\\/blog\\\/neuigkeiten\\\/vormerken-vortrag-talkrunde\\\/\"},\"author\":{\"name\":\"Daniel\",\"@id\":\"https:\\\/\\\/ungedient.de\\\/blog\\\/#\\\/schema\\\/person\\\/1648f47e5e180daeaa9f15f2dd485bf5\"},\"headline\":\"Vortrag &#038; Talkrunde\",\"datePublished\":\"2024-01-28T19:58:03+00:00\",\"dateModified\":\"2024-03-05T20:56:27+00:00\",\"mainEntityOfPage\":{\"@id\":\"https:\\\/\\\/ungedient.de\\\/blog\\\/neuigkeiten\\\/vormerken-vortrag-talkrunde\\\/\"},\"wordCount\":547,\"commentCount\":0,\"publisher\":{\"@id\":\"https:\\\/\\\/ungedient.de\\\/blog\\\/#organization\"},\"image\":{\"@id\":\"https:\\\/\\\/ungedient.de\\\/blog\\\/neuigkeiten\\\/vormerken-vortrag-talkrunde\\\/#primaryimage\"},\"thumbnailUrl\":\"https:\\\/\\\/ungedient.de\\\/blog\\\/wp-content\\\/uploads\\\/2024\\\/01\\\/vortrag.jpg\",\"keywords\":[\"reserve\",\"dares\",\"faq\",\"fallert\"],\"articleSection\":[\"Notizen\"],\"inLanguage\":\"de\",\"potentialAction\":[{\"@type\":\"CommentAction\",\"name\":\"Comment\",\"target\":[\"https:\\\/\\\/ungedient.de\\\/blog\\\/neuigkeiten\\\/vormerken-vortrag-talkrunde\\\/#respond\"]}]},{\"@type\":\"WebPage\",\"@id\":\"https:\\\/\\\/ungedient.de\\\/blog\\\/neuigkeiten\\\/vormerken-vortrag-talkrunde\\\/\",\"url\":\"https:\\\/\\\/ungedient.de\\\/blog\\\/neuigkeiten\\\/vormerken-vortrag-talkrunde\\\/\",\"name\":\"Vortrag & Talkrunde &#8226; UNgedient.\",\"isPartOf\":{\"@id\":\"https:\\\/\\\/ungedient.de\\\/blog\\\/#website\"},\"primaryImageOfPage\":{\"@id\":\"https:\\\/\\\/ungedient.de\\\/blog\\\/neuigkeiten\\\/vormerken-vortrag-talkrunde\\\/#primaryimage\"},\"image\":{\"@id\":\"https:\\\/\\\/ungedient.de\\\/blog\\\/neuigkeiten\\\/vormerken-vortrag-talkrunde\\\/#primaryimage\"},\"thumbnailUrl\":\"https:\\\/\\\/ungedient.de\\\/blog\\\/wp-content\\\/uploads\\\/2024\\\/01\\\/vortrag.jpg\",\"datePublished\":\"2024-01-28T19:58:03+00:00\",\"dateModified\":\"2024-03-05T20:56:27+00:00\",\"breadcrumb\":{\"@id\":\"https:\\\/\\\/ungedient.de\\\/blog\\\/neuigkeiten\\\/vormerken-vortrag-talkrunde\\\/#breadcrumb\"},\"inLanguage\":\"de\",\"potentialAction\":[{\"@type\":\"ReadAction\",\"target\":[\"https:\\\/\\\/ungedient.de\\\/blog\\\/neuigkeiten\\\/vormerken-vortrag-talkrunde\\\/\"]}]},{\"@type\":\"ImageObject\",\"inLanguage\":\"de\",\"@id\":\"https:\\\/\\\/ungedient.de\\\/blog\\\/neuigkeiten\\\/vormerken-vortrag-talkrunde\\\/#primaryimage\",\"url\":\"https:\\\/\\\/ungedient.de\\\/blog\\\/wp-content\\\/uploads\\\/2024\\\/01\\\/vortrag.jpg\",\"contentUrl\":\"https:\\\/\\\/ungedient.de\\\/blog\\\/wp-content\\\/uploads\\\/2024\\\/01\\\/vortrag.jpg\",\"width\":950,\"height\":500},{\"@type\":\"BreadcrumbList\",\"@id\":\"https:\\\/\\\/ungedient.de\\\/blog\\\/neuigkeiten\\\/vormerken-vortrag-talkrunde\\\/#breadcrumb\",\"itemListElement\":[{\"@type\":\"ListItem\",\"position\":1,\"name\":\"Startseite\",\"item\":\"https:\\\/\\\/ungedient.de\\\/blog\\\/\"},{\"@type\":\"ListItem\",\"position\":2,\"name\":\"Notizen\",\"item\":\"https:\\\/\\\/ungedient.de\\\/blog\\\/thema\\\/neuigkeiten\\\/\"},{\"@type\":\"ListItem\",\"position\":3,\"name\":\"Vortrag &#038; Talkrunde\"}]},{\"@type\":\"WebSite\",\"@id\":\"https:\\\/\\\/ungedient.de\\\/blog\\\/#website\",\"url\":\"https:\\\/\\\/ungedient.de\\\/blog\\\/\",\"name\":\"UNgedient. Vom Ungedienten zur Bundeswehr.\",\"description\":\"Dein Weg in die Reserve der Bundeswehr\",\"publisher\":{\"@id\":\"https:\\\/\\\/ungedient.de\\\/blog\\\/#organization\"},\"alternateName\":\"Ausbildung f\u00fcr Ungediente\",\"potentialAction\":[{\"@type\":\"SearchAction\",\"target\":{\"@type\":\"EntryPoint\",\"urlTemplate\":\"https:\\\/\\\/ungedient.de\\\/blog\\\/?s={search_term_string}\"},\"query-input\":{\"@type\":\"PropertyValueSpecification\",\"valueRequired\":true,\"valueName\":\"search_term_string\"}}],\"inLanguage\":\"de\"},{\"@type\":\"Organization\",\"@id\":\"https:\\\/\\\/ungedient.de\\\/blog\\\/#organization\",\"name\":\"UNgedient. Vom Ungedienten zur Bundeswehr.\",\"alternateName\":\"Ausbildung Ungedienter zum Reservisten der Bundeswehr\",\"url\":\"https:\\\/\\\/ungedient.de\\\/blog\\\/\",\"logo\":{\"@type\":\"ImageObject\",\"inLanguage\":\"de\",\"@id\":\"https:\\\/\\\/ungedient.de\\\/blog\\\/#\\\/schema\\\/logo\\\/image\\\/\",\"url\":\"https:\\\/\\\/ungedient.de\\\/blog\\\/wp-content\\\/uploads\\\/2023\\\/03\\\/ungedient-favicon.jpg\",\"contentUrl\":\"https:\\\/\\\/ungedient.de\\\/blog\\\/wp-content\\\/uploads\\\/2023\\\/03\\\/ungedient-favicon.jpg\",\"width\":520,\"height\":520,\"caption\":\"UNgedient. Vom Ungedienten zur Bundeswehr.\"},\"image\":{\"@id\":\"https:\\\/\\\/ungedient.de\\\/blog\\\/#\\\/schema\\\/logo\\\/image\\\/\"},\"sameAs\":[\"https:\\\/\\\/www.facebook.com\\\/fuchs52y\"]},{\"@type\":\"Person\",\"@id\":\"https:\\\/\\\/ungedient.de\\\/blog\\\/#\\\/schema\\\/person\\\/1648f47e5e180daeaa9f15f2dd485bf5\",\"name\":\"Daniel\",\"image\":{\"@type\":\"ImageObject\",\"inLanguage\":\"de\",\"@id\":\"https:\\\/\\\/secure.gravatar.com\\\/avatar\\\/ef3cfcfe1a934ab692f6ac8a025998218be6f7edf0973bf6f01a1c8634236232?s=96&d=mm&r=g\",\"url\":\"https:\\\/\\\/secure.gravatar.com\\\/avatar\\\/ef3cfcfe1a934ab692f6ac8a025998218be6f7edf0973bf6f01a1c8634236232?s=96&d=mm&r=g\",\"contentUrl\":\"https:\\\/\\\/secure.gravatar.com\\\/avatar\\\/ef3cfcfe1a934ab692f6ac8a025998218be6f7edf0973bf6f01a1c8634236232?s=96&d=mm&r=g\",\"caption\":\"Daniel\"},\"description\":\"Daniel absolvierte die Ausbildung f\u00fcr Ungediente 2023 in Rheinland-Pfalz und ist mittlerweile in der 5.\\\/HSchRgt 3 beordert. Er arbeitete als Reservistendienstleistender in einer Projektgruppe des Territorialen F\u00fchrungskommandos der Bundeswehr und engagiert sich als einer von zwei Beauftragten der Landesgruppe Baden-W\u00fcrttemberg des Verbandes der Reservisten der Deutschen Bundeswehr f\u00fcr die Ausbildung Ungediente. 2025 wurde er Vorsitzender der Reservistenarbeitsgemeinschaft Drohne MO. Daniel ist verheiratet und Vater von drei T\u00f6chtern.\",\"sameAs\":[\"https:\\\/\\\/facebook.com\\\/fuchs52y\"]}]}<\/script>\n<!-- \/ Yoast SEO plugin. -->","yoast_head_json":{"title":"Vortrag & Talkrunde &#8226; UNgedient.","robots":{"index":"index","follow":"follow","max-snippet":"max-snippet:-1","max-image-preview":"max-image-preview:large","max-video-preview":"max-video-preview:-1"},"canonical":"https:\/\/ungedient.de\/blog\/neuigkeiten\/vormerken-vortrag-talkrunde\/","og_locale":"de_DE","og_type":"article","og_title":"Vortrag & Talkrunde &#8226; UNgedient.","og_description":"5. M\u00e4rz 2024, 19 Uhr: virtuelle Veranstaltung mit Oberst d.R. Fallert und mir.","og_url":"https:\/\/ungedient.de\/blog\/neuigkeiten\/vormerken-vortrag-talkrunde\/","og_site_name":"UNgedient.","article_publisher":"https:\/\/www.facebook.com\/fuchs52y","article_author":"https:\/\/facebook.com\/fuchs52y","article_published_time":"2024-01-28T19:58:03+00:00","article_modified_time":"2024-03-05T20:56:27+00:00","og_image":[{"width":950,"height":500,"url":"https:\/\/ungedient.de\/blog\/wp-content\/uploads\/2024\/01\/vortrag.jpg","type":"image\/jpeg"}],"author":"Daniel","twitter_card":"summary_large_image","twitter_misc":{"Verfasst von":"Daniel","Gesch\u00e4tzte Lesezeit":"2\u00a0Minuten"},"schema":{"@context":"https:\/\/schema.org","@graph":[{"@type":"Article","@id":"https:\/\/ungedient.de\/blog\/neuigkeiten\/vormerken-vortrag-talkrunde\/#article","isPartOf":{"@id":"https:\/\/ungedient.de\/blog\/neuigkeiten\/vormerken-vortrag-talkrunde\/"},"author":{"name":"Daniel","@id":"https:\/\/ungedient.de\/blog\/#\/schema\/person\/1648f47e5e180daeaa9f15f2dd485bf5"},"headline":"Vortrag &#038; Talkrunde","datePublished":"2024-01-28T19:58:03+00:00","dateModified":"2024-03-05T20:56:27+00:00","mainEntityOfPage":{"@id":"https:\/\/ungedient.de\/blog\/neuigkeiten\/vormerken-vortrag-talkrunde\/"},"wordCount":547,"commentCount":0,"publisher":{"@id":"https:\/\/ungedient.de\/blog\/#organization"},"image":{"@id":"https:\/\/ungedient.de\/blog\/neuigkeiten\/vormerken-vortrag-talkrunde\/#primaryimage"},"thumbnailUrl":"https:\/\/ungedient.de\/blog\/wp-content\/uploads\/2024\/01\/vortrag.jpg","keywords":["reserve","dares","faq","fallert"],"articleSection":["Notizen"],"inLanguage":"de","potentialAction":[{"@type":"CommentAction","name":"Comment","target":["https:\/\/ungedient.de\/blog\/neuigkeiten\/vormerken-vortrag-talkrunde\/#respond"]}]},{"@type":"WebPage","@id":"https:\/\/ungedient.de\/blog\/neuigkeiten\/vormerken-vortrag-talkrunde\/","url":"https:\/\/ungedient.de\/blog\/neuigkeiten\/vormerken-vortrag-talkrunde\/","name":"Vortrag & Talkrunde &#8226; UNgedient.","isPartOf":{"@id":"https:\/\/ungedient.de\/blog\/#website"},"primaryImageOfPage":{"@id":"https:\/\/ungedient.de\/blog\/neuigkeiten\/vormerken-vortrag-talkrunde\/#primaryimage"},"image":{"@id":"https:\/\/ungedient.de\/blog\/neuigkeiten\/vormerken-vortrag-talkrunde\/#primaryimage"},"thumbnailUrl":"https:\/\/ungedient.de\/blog\/wp-content\/uploads\/2024\/01\/vortrag.jpg","datePublished":"2024-01-28T19:58:03+00:00","dateModified":"2024-03-05T20:56:27+00:00","breadcrumb":{"@id":"https:\/\/ungedient.de\/blog\/neuigkeiten\/vormerken-vortrag-talkrunde\/#breadcrumb"},"inLanguage":"de","potentialAction":[{"@type":"ReadAction","target":["https:\/\/ungedient.de\/blog\/neuigkeiten\/vormerken-vortrag-talkrunde\/"]}]},{"@type":"ImageObject","inLanguage":"de","@id":"https:\/\/ungedient.de\/blog\/neuigkeiten\/vormerken-vortrag-talkrunde\/#primaryimage","url":"https:\/\/ungedient.de\/blog\/wp-content\/uploads\/2024\/01\/vortrag.jpg","contentUrl":"https:\/\/ungedient.de\/blog\/wp-content\/uploads\/2024\/01\/vortrag.jpg","width":950,"height":500},{"@type":"BreadcrumbList","@id":"https:\/\/ungedient.de\/blog\/neuigkeiten\/vormerken-vortrag-talkrunde\/#breadcrumb","itemListElement":[{"@type":"ListItem","position":1,"name":"Startseite","item":"https:\/\/ungedient.de\/blog\/"},{"@type":"ListItem","position":2,"name":"Notizen","item":"https:\/\/ungedient.de\/blog\/thema\/neuigkeiten\/"},{"@type":"ListItem","position":3,"name":"Vortrag &#038; Talkrunde"}]},{"@type":"WebSite","@id":"https:\/\/ungedient.de\/blog\/#website","url":"https:\/\/ungedient.de\/blog\/","name":"UNgedient. Vom Ungedienten zur Bundeswehr.","description":"Dein Weg in die Reserve der Bundeswehr","publisher":{"@id":"https:\/\/ungedient.de\/blog\/#organization"},"alternateName":"Ausbildung f\u00fcr Ungediente","potentialAction":[{"@type":"SearchAction","target":{"@type":"EntryPoint","urlTemplate":"https:\/\/ungedient.de\/blog\/?s={search_term_string}"},"query-input":{"@type":"PropertyValueSpecification","valueRequired":true,"valueName":"search_term_string"}}],"inLanguage":"de"},{"@type":"Organization","@id":"https:\/\/ungedient.de\/blog\/#organization","name":"UNgedient. Vom Ungedienten zur Bundeswehr.","alternateName":"Ausbildung Ungedienter zum Reservisten der Bundeswehr","url":"https:\/\/ungedient.de\/blog\/","logo":{"@type":"ImageObject","inLanguage":"de","@id":"https:\/\/ungedient.de\/blog\/#\/schema\/logo\/image\/","url":"https:\/\/ungedient.de\/blog\/wp-content\/uploads\/2023\/03\/ungedient-favicon.jpg","contentUrl":"https:\/\/ungedient.de\/blog\/wp-content\/uploads\/2023\/03\/ungedient-favicon.jpg","width":520,"height":520,"caption":"UNgedient. Vom Ungedienten zur Bundeswehr."},"image":{"@id":"https:\/\/ungedient.de\/blog\/#\/schema\/logo\/image\/"},"sameAs":["https:\/\/www.facebook.com\/fuchs52y"]},{"@type":"Person","@id":"https:\/\/ungedient.de\/blog\/#\/schema\/person\/1648f47e5e180daeaa9f15f2dd485bf5","name":"Daniel","image":{"@type":"ImageObject","inLanguage":"de","@id":"https:\/\/secure.gravatar.com\/avatar\/ef3cfcfe1a934ab692f6ac8a025998218be6f7edf0973bf6f01a1c8634236232?s=96&d=mm&r=g","url":"https:\/\/secure.gravatar.com\/avatar\/ef3cfcfe1a934ab692f6ac8a025998218be6f7edf0973bf6f01a1c8634236232?s=96&d=mm&r=g","contentUrl":"https:\/\/secure.gravatar.com\/avatar\/ef3cfcfe1a934ab692f6ac8a025998218be6f7edf0973bf6f01a1c8634236232?s=96&d=mm&r=g","caption":"Daniel"},"description":"Daniel absolvierte die Ausbildung f\u00fcr Ungediente 2023 in Rheinland-Pfalz und ist mittlerweile in der 5.\/HSchRgt 3 beordert. Er arbeitete als Reservistendienstleistender in einer Projektgruppe des Territorialen F\u00fchrungskommandos der Bundeswehr und engagiert sich als einer von zwei Beauftragten der Landesgruppe Baden-W\u00fcrttemberg des Verbandes der Reservisten der Deutschen Bundeswehr f\u00fcr die Ausbildung Ungediente. 2025 wurde er Vorsitzender der Reservistenarbeitsgemeinschaft Drohne MO. Daniel ist verheiratet und Vater von drei T\u00f6chtern.","sameAs":["https:\/\/facebook.com\/fuchs52y"]}]}},"_links":{"self":[{"href":"https:\/\/ungedient.de\/blog\/wp-json\/wp\/v2\/posts\/2934","targetHints":{"allow":["GET"]}}],"collection":[{"href":"https:\/\/ungedient.de\/blog\/wp-json\/wp\/v2\/posts"}],"about":[{"href":"https:\/\/ungedient.de\/blog\/wp-json\/wp\/v2\/types\/post"}],"author":[{"embeddable":true,"href":"https:\/\/ungedient.de\/blog\/wp-json\/wp\/v2\/users\/1"}],"replies":[{"embeddable":true,"href":"https:\/\/ungedient.de\/blog\/wp-json\/wp\/v2\/comments?post=2934"}],"version-history":[{"count":0,"href":"https:\/\/ungedient.de\/blog\/wp-json\/wp\/v2\/posts\/2934\/revisions"}],"wp:featuredmedia":[{"embeddable":true,"href":"https:\/\/ungedient.de\/blog\/wp-json\/wp\/v2\/media\/2950"}],"wp:attachment":[{"href":"https:\/\/ungedient.de\/blog\/wp-json\/wp\/v2\/media?parent=2934"}],"wp:term":[{"taxonomy":"category","embeddable":true,"href":"https:\/\/ungedient.de\/blog\/wp-json\/wp\/v2\/categories?post=2934"},{"taxonomy":"post_tag","embeddable":true,"href":"https:\/\/ungedient.de\/blog\/wp-json\/wp\/v2\/tags?post=2934"}],"curies":[{"name":"wp","href":"https:\/\/api.w.org\/{rel}","templated":true}]}}