{"id":3288,"date":"2024-02-26T21:11:33","date_gmt":"2024-02-26T20:11:33","guid":{"rendered":"https:\/\/ungedient.de\/blog\/?p=3288"},"modified":"2024-05-15T19:30:13","modified_gmt":"2024-05-15T17:30:13","slug":"und-was-sagt-mein-arbeitgeber-dazu","status":"publish","type":"post","link":"https:\/\/ungedient.de\/blog\/neuigkeiten\/und-was-sagt-mein-arbeitgeber-dazu\/","title":{"rendered":"Und was sagt mein Arbeitgeber dazu?"},"content":{"rendered":"<div class=\"wpb-content-wrapper\">[vc_row][vc_column][vc_column_text]Die meisten Ungedienten entscheiden sich f\u00fcr die &#8222;Ausbildung f\u00fcr Ungediente&#8220;, wenn sie &#8211; wie man so sagt &#8211; mitten im Leben stehen. Also Menschen die sich mit ihrer Rolle in der Gesellschaft auseinandergesetzt haben, eine Familie gegr\u00fcndet und im Beruf angekommen sind. Wer zu sch\u00e4tzen wei\u00df was er hat, der wei\u00df schlie\u00dflich auch am besten wof\u00fcr er bereit ist zu k\u00e4mpfen. So zumindest meine These.[\/vc_column_text][\/vc_column][\/vc_row][vc_row][vc_column width=&#8220;1\/2&#8243;][vc_column_text]Allerdings haben sich nicht alle Mitglieder unserer Gesellschaft gleicherma\u00dfen mit dem Thema &#8222;Kriegst\u00fcchtigkeit&#8220; befasst und so bedarf es hier und da noch etwas Aufkl\u00e4rungsarbeit. Einerseits nat\u00fcrlich zu Hause am Familientisch &#8211; aber auch am Arbeitsplatz. Ich m\u00f6chte heute ein paar Argumente f\u00fcr Arbeitgeber liefern.<br \/>\n<em>Die Wichtigsten habe ich dir in dieser ausklappbaren Liste zusammengestellt<\/em> \u2192[\/vc_column_text][\/vc_column][vc_column width=&#8220;1\/2&#8243;][vc_tta_accordion c_icon=&#8220;&#8220; active_section=&#8220;0&#8243; collapsible_all=&#8220;true&#8220;][vc_tta_section i_icon_fontawesome=&#8220;fas fa-map-marker-alt&#8220; add_icon=&#8220;true&#8220; title=&#8220;In der Region.&#8220; tab_id=&#8220;1708975890078-df313d1c-a178&#8243;][vc_column_text]Deutschlandweit. In 16 Bundesl\u00e4ndern, 31 Bezirken und 403 Kreisen und kreisfreien St\u00e4dten. Auch in der N\u00e4he Ihres Unternehmens.[\/vc_column_text][\/vc_tta_section][vc_tta_section i_icon_fontawesome=&#8220;fas fa-warehouse&#8220; add_icon=&#8220;true&#8220; title=&#8220;Stabilit\u00e4t sch\u00fctzen.&#8220; tab_id=&#8220;1708975890088-c89e91ff-dc8a&#8220;][vc_column_text]Der Heimatschutz unterst\u00fctzt den Schutz verteidigungswichtiger Infrastruktur. Dies ist f\u00fcr Gesellschaft und Wirtschaft wichtig.[\/vc_column_text][\/vc_tta_section][vc_tta_section i_icon_fontawesome=&#8220;fas fa-shield-alt&#8220; add_icon=&#8220;true&#8220; title=&#8220;Wehrhaft bleiben.&#8220; tab_id=&#8220;1708975968906-f66336b9-3b95&#8243;][vc_column_text]Mit 14 Tagen im Jahr k\u00f6nnen Reservistinnen und Reservisten ihre Grundfertigkeiten erhalten. Eine Investition, die sich lohnt.[\/vc_column_text][\/vc_tta_section][vc_tta_section i_icon_fontawesome=&#8220;fas fa-signal&#8220; add_icon=&#8220;true&#8220; title=&#8220;F\u00e4higkeiten steigern.&#8220; tab_id=&#8220;1708975992302-3a227896-64ba&#8220;][vc_column_text]Ihre Mitarbeiterinnen und Mitarbeiter st\u00e4rken ihre Teamf\u00e4higkeit, Entscheidungs- und F\u00fchrungsst\u00e4rke in allen Lagen.[\/vc_column_text][\/vc_tta_section][vc_tta_section i_icon_fontawesome=&#8220;far fa-compass&#8220; add_icon=&#8220;true&#8220; title=&#8220;Horizont erweitern.&#8220; tab_id=&#8220;1708976029956-73ab20b2-7426&#8243;][vc_column_text]Geben Sie Ihrer Belegschaft die M\u00f6glichkeit, Verantwortung f\u00fcr die Gesellschaft und damit auch f\u00fcr Ihr Unternehmen zu \u00fcbernehmen.[\/vc_column_text][\/vc_tta_section][vc_tta_section i_icon_fontawesome=&#8220;fas fa-check-double&#8220; add_icon=&#8220;true&#8220; title=&#8220;Kosten-Neutral.&#8220; tab_id=&#8220;1708976080186-5b455094-440f&#8220;][vc_column_text]Im Zeitraum der \u00dcbung \u00fcbernimmt die Bundeswehr Gehalt sowie s\u00e4mtliche Lohnnebenkosten.[\/vc_column_text][\/vc_tta_section][\/vc_tta_accordion][\/vc_column][\/vc_row][vc_row][vc_column][vc_column_text]\n<h2>Grundverst\u00e4ndnis<\/h2>\n<p>Ein gewisses Grundverst\u00e4ndnis f\u00fcr die Reserve kann und darf man nicht voraussetzen, auch, wenn der Begriff insbesondere im Zusammenhang mit dem Krieg in der Ukraine h\u00e4ufiger in der Presse auftaucht. F\u00fcr viele Menschen ist &#8222;die Reserve&#8220; nach wie vor ein schwer greifbarer Begriff. Folgender Text soll auf den Punkt bringen was wir als Reservisten so tun &#8211; kurz und b\u00fcndig f\u00fcr den Arbeitgeber:<\/p>\n<blockquote><p>Der Heimatschutz der Bundeswehr hat gro\u00dfe Bedeutung f\u00fcr die Landes- und B\u00fcndnisverteidigung, aber auch bei der Bew\u00e4ltigung von Katastrophen und Notlagen. In Zeiten erh\u00f6hter Bedrohung kann die Reserve mobilisiert werden, um einen schnellen Aufwuchs der Bundeswehr zu gew\u00e4hrleisten. Die Integration der Reserve in die Gesellschaft f\u00f6rdert das Verst\u00e4ndnis und die Akzeptanz f\u00fcr die Rolle der Streitkr\u00e4fte. Reservistinnen und Reservisten bringen ihre zivile Erfahrung und Perspektive in die Bundeswehr ein und kommen mit neuen Erkenntnissen und Kompetenzen zur\u00fcck in Ihr Unternehmen.<\/p><\/blockquote>\n<p>Soweit so gut. Die Reserve ist wichtig. So wichtig, wie eine Reserve im Tank, wenn die n\u00e4chste Zapfs\u00e4ule in weiter Ferne liegt. Werden wir nun etwas konkreter und erkl\u00e4ren den &#8222;Heimatschutz&#8220;:<\/p>\n<blockquote><p>Die Territoriale Reserve besteht aus den Heimatschutzregimentern und -kompanien in der Fl\u00e4che Deutschlands, also auch in unserer N\u00e4he. [An dieser Stelle die n\u00e4chste Heimatschutzkompanie einf\u00fcgen.] Sie tragen im Spannungs- und Verteidigungsfall zum Schutz von wichtiger Infrastruktur, beispielsweise H\u00e4fen, Bahnanlagen, Br\u00fccken [an dieser Stelle Objekte in der Region einf\u00fcgen] bei. Weiterhin beraten bei Gro\u00dfschadenslagen oder Katastrophen 31 Bezirks- und 403 Kreisverbindungskommandos in allen Landkreisen und kreisfreien St\u00e4dten zivile Beh\u00f6rden und Organisationen bez\u00fcglich m\u00f6glicher Amtshilfe von Seiten der Bundeswehr.<\/p><\/blockquote>\n<p>Soldaten die Sands\u00e4cke schleppen &#8211; ein Bild das jeder schon einmal in den Nachrichten gesehen hat. Doch bedeutet Heimatschutz auch milit\u00e4rischer Schutz der Heimat &#8211; und folglich auch des Unternehmens, seiner Zulieferer und der wichtigen Infrastruktur. Dinge, welche f\u00fcr jedes Unternehmen notwendig sind um zu \u00fcberleben![\/vc_column_text][vc_row_inner css=&#8220;.vc_custom_1708498842538{background-color: #efefef !important;}&#8220;][vc_column_inner width=&#8220;1\/4&#8243;][\/vc_column_inner][vc_column_inner width=&#8220;1\/2&#8243;][vc_column_text]\n<h2 style=\"text-align: center;\">Der Heimatschutz in Deutschland<\/h2>\n[\/vc_column_text][vc_column_text]\n<p style=\"text-align: center;\"><div><div id=\"image-map-pro-d98c125f-8c90-4aad-8df4-d6f0f9264073\"><\/div><\/div>\n[\/vc_column_text][\/vc_column_inner][vc_column_inner width=&#8220;1\/4&#8243;][\/vc_column_inner][\/vc_row_inner][vc_empty_space height=&#8220;16px&#8220;][vc_message message_box_style=&#8220;solid&#8220; message_box_color=&#8220;green&#8220; icon_fontawesome=&#8220;far fa-lightbulb&#8220;]<strong>Mein Tipp<\/strong><br \/>\nDer passende Zeitpunkt ist ebenso wichtig, wie die Argumente selbst. Du wei\u00dft am besten, wann der richtige Augenblick gekommen ist. Es ist wichtig, dass du dieses Gespr\u00e4ch offen f\u00fchrst und dich darauf vorbereitest.[\/vc_message][vc_empty_space height=&#8220;16px&#8220;][vc_column_text]\n<h2>Weitere Vorteile<\/h2>\n<p>Neben den vielleicht etwas (noch) abstrakten \u00dcberlebens-Argumenten gibt es noch Pluspunkte, welche sich insbesondere auf die Verbesserung der Softskills beziehen. Dazu geh\u00f6rt beispielsweise, dass Reservisten in der Entwicklung von Leitungskompetenzen, wie F\u00fchrungsst\u00e4rke, Entschlossenheit und Teamf\u00e4higkeit gest\u00e4rkt werden. Auch Selbstbewusstsein bzw. -wahrnehmung und Kommunikationsf\u00e4higkeit lassen sich bei der Bundeswehr weiterentwickeln.<\/p>\n<p>Zus\u00e4tzlich haben Reservisten selbstverst\u00e4ndlich auch eine erh\u00f6hte Leistungsf\u00e4higkeit und Flexibilit\u00e4t &#8211; insbesondere unter Zeitdruck. Auch Disziplin bzw. Selbstdisziplin geh\u00f6rt zu den milit\u00e4rischen Tugenden. Softskills die jeder Arbeitgeber sch\u00e4tzen sollte. Als Kirsche kommen weitere brauchbare Zusatzqualifikationen oben drauf, dazu geh\u00f6ren z. B. Erste Hilfe Kurse und \u00e4hnliches. Das Einzige das der Arbeitgeber daf\u00fcr tun muss: er muss den Reservisten rund 14 Tage im Jahr (mehr geht nat\u00fcrlich immer) freistellen &#8211; und selbst dies ist f\u00fcr ihn quasi kostenneutral, denn die Bundeswehr \u00fcbernimmt im Zeitraum der \u00dcbung das Gehalt, sowie s\u00e4mtliche Lohnnebenkosten. Eine Win-Win-Win-Situation!<\/p>\n<p>Nun sind nat\u00fcrlich &#8211; in der Regel &#8211; Arbeitgeber und Arbeitgeberinnen auch nicht dumm: denn sie haben den Arbeitnehmer ja nicht eingestellt, damit er sich selbst finanziell tr\u00e4gt, sondern um Gewinn zu erwirtschaften. Dieser bleibt in diesem Zeitraum zwar aus, aber es geh\u00f6rt zur gesellschaftlichen und moralischen Verantwortung die Gewinnmaximierung f\u00fcr ein paar Tage im Jahr auszuklammern und an das gro\u00dfe Ganze zu denken. Denn ohne das gro\u00dfe Ganze w\u00e4re auch die Wirtschaft futsch! Formulieren wir das in Worten f\u00fcr die Chefetage:<\/p>\n<blockquote><p>Unternehmerische Leistung bedarf eines demokratischen Rechtsstaates. Dieser ist nicht selbstverst\u00e4ndlich. Er ist es wert, verteidigt zu werden. Die regionale Verbundenheit ist ein wesentlicher Erfolgsfaktor f\u00fcr Ihr Unternehmen. Ein starkes Engagement in der Region bildet die Grundlage f\u00fcr eine erfolgreiche und langfristige unternehmerische Zukunft.<br \/>\nErm\u00f6glichen Sie Ihren Mitarbeitenden 14 Tage im Jahr ein Engagement in der Territorialen Reserve der Bundeswehr, damit sie sich milit\u00e4risch in \u00dcbung halten k\u00f6nnen. Zeigen Sie soziale Verantwortung f\u00fcr Ihre Heimatregion und st\u00e4rken Sie die Streitkr\u00e4fte unseres Landes. Sie investieren so in die Sicherheit Deutschlands und in die Sicherheit deutscher Unternehmen. Als Unternehmerin und Unternehmer leisten Sie dadurch einen bedeutenden Beitrag f\u00fcr unsere Gesellschaft.<\/p><\/blockquote>\n[\/vc_column_text][\/vc_column][\/vc_row][vc_row color=&#8220;&#8220; message_box_style=&#8220;solid&#8220; style=&#8220;rounded&#8220; message_box_color=&#8220;green&#8220; icon_type=&#8220;fontawesome&#8220; icon_fontawesome=&#8220;far fa-lightbulb&#8220; icon_monosocial=&#8220;vc-mono vc-mono-fivehundredpx&#8220; icon_openiconic=&#8220;&#8220; icon_typicons=&#8220;&#8220; icon_entypo=&#8220;&#8220; icon_linecons=&#8220;&#8220; icon_pixelicons=&#8220;&#8220;][vc_column][vc_message message_box_style=&#8220;solid&#8220; message_box_color=&#8220;green&#8220; icon_fontawesome=&#8220;far fa-lightbulb&#8220;]<strong>Mein Tipp<\/strong><br \/>\nWenn der Arbeitgeber nun noch nicht \u00fcberzeugt ist, dann kann er sich beim <a href=\"https:\/\/www.bundeswehr.de\/de\/organisation\/weitere-bmvg-dienststellen\/territoriales-fuehrungskommando-der-bundeswehr\" target=\"_blank\" rel=\"noopener\">Presse- und Informationszentrum des Territorialen F\u00fchrungskommandos<\/a> melden oder die Hotline des B\u00fcrgerdialogs der Bundeswehr in Anspruch nehmen unter: +49\u200a30\u200a1824-24242[\/vc_message][\/vc_column][\/vc_row][vc_row color=&#8220;&#8220; message_box_style=&#8220;solid&#8220; style=&#8220;rounded&#8220; message_box_color=&#8220;grey&#8220; icon_type=&#8220;fontawesome&#8220; icon_fontawesome=&#8220;fas fa-image&#8220; icon_monosocial=&#8220;vc-mono vc-mono-fivehundredpx&#8220; icon_openiconic=&#8220;&#8220; icon_typicons=&#8220;&#8220; icon_entypo=&#8220;&#8220; icon_linecons=&#8220;&#8220; icon_pixelicons=&#8220;&#8220;][vc_column][vc_column_text]\n<h2>Abschlie\u00dfende Worte<\/h2>\n<p>Nat\u00fcrlich kann ich dir keine Erfolgsgarantie geben, aber wenn du diese Argumente vorbringst, dann sollte dein Chef oder deine Chefin aufgeschlossen reagieren &#8211; es ist schlie\u00dflich ein sehr selbstloses und nobles Unterfangen von dir, das Respekt verdient! Solltest du dennoch eine Absage erhalten oder unter Druck gesetzt werden, dann lass dich nicht dazu verleiten und f\u00fcr deinen Reservistendienst Urlaub nehmen, denn du wirst dich in dieser Zeit nicht erholen k\u00f6nnen &#8211; schau dich also eher nach einem neuen Arbeitgeber um\u2026<\/p>\n<p>Gehen wir davon aus, dass sich dein Arbeitgeber seiner gesellschaftlichen Rolle ebenso bewusst ist wie du! So kann er sich unter Umst\u00e4nden \u00f6ffentlichkeitswirksam vom Bundesministerium der Verteidigung und dem Verband der Reservisten der Deutschen Bundeswehr e.V. als Unternehmen, das sich vorbildlich f\u00fcr die Reserve engagiert, als <a href=\"https:\/\/www.bundeswehr.de\/de\/ueber-die-bundeswehr\/die-reserve-der-bundeswehr\/organisation-der-reserve-der-bundeswehr\/partner-der-reserve\" target=\"_blank\" rel=\"noopener\">&#8222;Partner der Reserve&#8220;<\/a> auszeichnen lassen.<\/p>\n<p>Beachte au\u00dferdem, dass es f\u00fcr Beamte, insbesondere f\u00fcr diejenigen die im V-Fall unabk\u00f6mmlich sind, und Selbstst\u00e4ndige (im Bezug auf den Lohnausfall) nochmal gesonderte Regelungen gibt, auf welche ich an dieser Stelle nicht eingehen m\u00f6chte. Solltest du Fragen haben, dann schreib gerne einen <a href=\"#comments\">Kommentar<\/a>.[\/vc_column_text][vc_empty_space height=&#8220;16px&#8220;][vc_message message_box_style=&#8220;solid&#8220; message_box_color=&#8220;grey&#8220; icon_fontawesome=&#8220;fas fa-image&#8220;]<strong>Titelbild<\/strong><br \/>\n\u00a9 Midjourney \/ eigene[\/vc_message][\/vc_column][\/vc_row]\n\r\n\t\t\t<div id=\"daexthefu-container\"\r\n\t\t\t\tclass=\"daexthefu-container daexthefu-layout-stacked daexthefu-alignment-center\"\r\n\t\t\t\tdata-post-id=\"3288\">\r\n\r\n\t\t\t\t<div class=\"daexthefu-feedback\">\r\n\t\t\t\t\t<div class=\"daexthefu-text\">\r\n\t\t\t\t\t\t<h3 class=\"daexthefu-title\">War dieser Artikel f\u00fcr dich hilfreich?<\/h3>\r\n\t\t\t\t\t<\/div>\r\n\t\t\t\t\t<div class=\"daexthefu-buttons-container\">\r\n\t\t\t\t\t\t<div class=\"daexthefu-buttons\">\r\n\t\t\t\t\t\t\t\r\n\t\t\t<div class=\"daexthefu-yes daexthefu-button daexthefu-button-type-icon\" data-value=\"1\">\r\n\t\t\t\t\r\n                <svg>\r\n                    <defs>\r\n                        <style>.thumb-up-cls-1{fill:#c9c9c9;}.thumb-up-cls-2{fill:#e1e1e1;}.thumb-up-cls-3{fill:#676767;}<\/style>\r\n                    <\/defs>\r\n                    <g id=\"thumb_up\">\r\n                        <path class=\"thumb-up-cls-2 daexthefu-icon-circle\" d=\"m24,3c11.58,0,21,9.42,21,21s-9.42,21-21,21S3,35.58,3,24,12.42,3,24,3m0-1C11.85,2,2,11.85,2,24s9.85,22,22,22,22-9.85,22-22S36.15,2,24,2h0Z\" \/>\r\n                        <g>\r\n                            <rect class=\"thumb-up-cls-3 daexthefu-icon-secondary-color\" x=\"10\" y=\"20\" width=\"6\" height=\"15\" rx=\"1.5\" ry=\"1.5\" \/>\r\n                            <path class=\"thumb-up-cls-1 daexthefu-icon-primary-color\" d=\"m30.57,9.06l-.49-.1c-.81-.17-1.61.35-1.78,1.16l-5.3,11.74c-.17.81,3.16,1.61,3.97,1.78l1.96.41c.81.17,1.61-.35,1.78-1.16l2.18-10.27c.34-1.61-.7-3.21-2.31-3.56Z\" \/>\r\n                            <path class=\"thumb-up-cls-1 daexthefu-icon-primary-color\" d=\"m38.17,20h-18.67c-.83,0-1.5.67-1.5,1.5v12c0,.83.67,1.5,1.5,1.5h16.27c.71,0,1.33-.5,1.47-1.21l2.4-12c.19-.93-.53-1.8-1.47-1.8Z\" \/>\r\n                        <\/g>\r\n                    <\/g>\r\n                <\/svg>\t\t\t<\/div>\r\n\r\n\t\t\t\t\t\t\t\t\t\t\r\n\t\t\t<div class=\"daexthefu-no daexthefu-button daexthefu-button-type-icon\" data-value=\"0\">\r\n\t\t\t\t\r\n                <svg>\r\n                    <defs>\r\n                        <style>.thumb-down-cls-1{fill:#c9c9c9;}.thumb-down-cls-2{fill:#e1e1e1;}.thumb-down-cls-3{fill:#676767;}<\/style>\r\n                    <\/defs>\r\n                    <g id=\"thumb_down\">\r\n                        <path class=\"thumb-down-cls-2 daexthefu-icon-circle\" d=\"m24,3c11.58,0,21,9.42,21,21s-9.42,21-21,21S3,35.58,3,24,12.42,3,24,3m0-1C11.85,2,2,11.85,2,24s9.85,22,22,22,22-9.85,22-22S36.15,2,24,2h0Z\" \/>\r\n                        <g>\r\n                            <rect class=\"thumb-down-cls-3 daexthefu-icon-secondary-color\" x=\"10\" y=\"13\" width=\"6\" height=\"15\" rx=\"1.5\" ry=\"1.5\" \/>\r\n                            <path class=\"thumb-down-cls-1 daexthefu-icon-primary-color\" d=\"m30.57,38.94l-.49.1c-.81.17-1.61-.35-1.78-1.16l-5.3-11.74c-.17-.81,3.16-1.61,3.97-1.78l1.96-.41c.81-.17,1.61.35,1.78,1.16l2.18,10.27c.34,1.61-.7,3.21-2.31,3.56Z\" \/>\r\n                            <path class=\"thumb-down-cls-1 daexthefu-icon-primary-color\" d=\"m38.17,28h-18.67c-.83,0-1.5-.67-1.5-1.5v-12c0-.83.67-1.5,1.5-1.5h16.27c.71,0,1.33.5,1.47,1.21l2.4,12c.19.93-.53,1.8-1.47,1.8Z\" \/>\r\n                        <\/g>\r\n                    <\/g>\r\n                <\/svg>\t\t\t<\/div>\r\n\r\n\t\t\t\t\t\t\t\t\t<\/div>\r\n\t\t\t\t\t<\/div>\r\n\t\t\t\t<\/div>\r\n\r\n\t\t\t\t<div class=\"daexthefu-comment\">\r\n\t\t\t\t\t<div class=\"daexthefu-comment-top-container\">\r\n\t\t\t\t\t\t<label id=\"daexthefu-comment-label\" class=\"daexthefu-comment-label\"><\/label>\r\n\t\t\t\t\t\t\t\t\t\t\t\t\t<div class=\"daexthefu-comment-character-counter-container\">\r\n\t\t\t\t\t\t\t\t<div id=\"daexthefu-comment-character-counter-number\"\r\n\t\t\t\t\t\t\t\t\tclass=\"daexthefu-comment-character-counter-number\"><\/div>\r\n\t\t\t\t\t\t\t\t<div class=\"daexthefu-comment-character-counter-text\"><\/div>\r\n\t\t\t\t\t\t\t<\/div>\r\n\t\t\t\t\t\t\t\t\t\t\t<\/div>\r\n\t\t\t\t\t<textarea id=\"daexthefu-comment-textarea\" class=\"daexthefu-comment-textarea\"\r\n\t\t\t\t\t\t\t\tplaceholder=\"Dein Feedback\u2026\"\r\n\t\t\t\t\t\t\t\tmaxlength=\"\r\n\t\t\t\t\t\t\t\t500\t\t\t\t\t\t\t\t\t\"><\/textarea>\r\n\t\t\t\t\t<div class=\"daexthefu-comment-buttons-container\">\r\n\t\t\t\t\t\t<button class=\"daexthefu-comment-submit daexthefu-button\">senden<\/button>\r\n\t\t\t\t\t\t<button class=\"daexthefu-comment-cancel daexthefu-button\">abbrechen<\/button>\r\n\t\t\t\t\t<\/div>\r\n\t\t\t\t<\/div>\r\n\r\n\t\t\t\t<div class=\"daexthefu-successful-submission-text\">Vielen Dank!<\/div>\r\n\r\n\t\t\t<\/div>\r\n\r\n\t\t\t<\/div>","protected":false},"excerpt":{"rendered":"<p>Die Firma muss mitspielen: ein paar Argumente f\u00fcr Vorgesetzte.<\/p>\n","protected":false},"author":1,"featured_media":3292,"comment_status":"open","ping_status":"open","sticky":false,"template":"","format":"status","meta":{"_helpful_status":1,"inline_featured_image":false,"footnotes":""},"categories":[21,20],"tags":[238,239],"class_list":["post-3288","post","type-post","status-publish","format-status","has-post-thumbnail","hentry","category-neuigkeiten","category-reserve","tag-arbeitgeber","tag-argument","post_format-post-format-status"],"acf":[],"yoast_head":"<!-- This site is optimized with the Yoast SEO plugin v27.5 - https:\/\/yoast.com\/product\/yoast-seo-wordpress\/ -->\n<title>Und was sagt mein Arbeitgeber dazu? &#8226; UNgedient.<\/title>\n<meta name=\"robots\" content=\"index, follow, max-snippet:-1, max-image-preview:large, max-video-preview:-1\" \/>\n<link rel=\"canonical\" href=\"https:\/\/ungedient.de\/blog\/neuigkeiten\/und-was-sagt-mein-arbeitgeber-dazu\/\" \/>\n<meta property=\"og:locale\" content=\"de_DE\" \/>\n<meta property=\"og:type\" content=\"article\" \/>\n<meta property=\"og:title\" content=\"Und was sagt mein Arbeitgeber dazu? &#8226; UNgedient.\" \/>\n<meta property=\"og:description\" content=\"Die Firma muss mitspielen: ein paar Argumente f\u00fcr Vorgesetzte.\" \/>\n<meta property=\"og:url\" content=\"https:\/\/ungedient.de\/blog\/neuigkeiten\/und-was-sagt-mein-arbeitgeber-dazu\/\" \/>\n<meta property=\"og:site_name\" content=\"UNgedient.\" \/>\n<meta property=\"article:publisher\" content=\"https:\/\/www.facebook.com\/fuchs52y\" \/>\n<meta property=\"article:author\" content=\"https:\/\/facebook.com\/fuchs52y\" \/>\n<meta property=\"article:published_time\" content=\"2024-02-26T20:11:33+00:00\" \/>\n<meta property=\"article:modified_time\" content=\"2024-05-15T17:30:13+00:00\" \/>\n<meta property=\"og:image\" content=\"https:\/\/ungedient.de\/blog\/wp-content\/uploads\/2024\/02\/chilled-boss-war.jpg\" \/>\n\t<meta property=\"og:image:width\" content=\"950\" \/>\n\t<meta property=\"og:image:height\" content=\"500\" \/>\n\t<meta property=\"og:image:type\" content=\"image\/jpeg\" \/>\n<meta name=\"author\" content=\"Daniel\" \/>\n<meta name=\"twitter:card\" content=\"summary_large_image\" \/>\n<meta name=\"twitter:label1\" content=\"Verfasst von\" \/>\n\t<meta name=\"twitter:data1\" content=\"Daniel\" \/>\n\t<meta name=\"twitter:label2\" content=\"Gesch\u00e4tzte Lesezeit\" \/>\n\t<meta name=\"twitter:data2\" content=\"6\u00a0Minuten\" \/>\n<script type=\"application\/ld+json\" class=\"yoast-schema-graph\">{\"@context\":\"https:\\\/\\\/schema.org\",\"@graph\":[{\"@type\":\"Article\",\"@id\":\"https:\\\/\\\/ungedient.de\\\/blog\\\/neuigkeiten\\\/und-was-sagt-mein-arbeitgeber-dazu\\\/#article\",\"isPartOf\":{\"@id\":\"https:\\\/\\\/ungedient.de\\\/blog\\\/neuigkeiten\\\/und-was-sagt-mein-arbeitgeber-dazu\\\/\"},\"author\":{\"name\":\"Daniel\",\"@id\":\"https:\\\/\\\/ungedient.de\\\/blog\\\/#\\\/schema\\\/person\\\/1648f47e5e180daeaa9f15f2dd485bf5\"},\"headline\":\"Und was sagt mein Arbeitgeber dazu?\",\"datePublished\":\"2024-02-26T20:11:33+00:00\",\"dateModified\":\"2024-05-15T17:30:13+00:00\",\"mainEntityOfPage\":{\"@id\":\"https:\\\/\\\/ungedient.de\\\/blog\\\/neuigkeiten\\\/und-was-sagt-mein-arbeitgeber-dazu\\\/\"},\"wordCount\":1647,\"commentCount\":4,\"publisher\":{\"@id\":\"https:\\\/\\\/ungedient.de\\\/blog\\\/#organization\"},\"image\":{\"@id\":\"https:\\\/\\\/ungedient.de\\\/blog\\\/neuigkeiten\\\/und-was-sagt-mein-arbeitgeber-dazu\\\/#primaryimage\"},\"thumbnailUrl\":\"https:\\\/\\\/ungedient.de\\\/blog\\\/wp-content\\\/uploads\\\/2024\\\/02\\\/chilled-boss-war.jpg\",\"keywords\":[\"arbeitgeber\",\"argument\"],\"articleSection\":[\"Notizen\",\"Reserve\"],\"inLanguage\":\"de\",\"potentialAction\":[{\"@type\":\"CommentAction\",\"name\":\"Comment\",\"target\":[\"https:\\\/\\\/ungedient.de\\\/blog\\\/neuigkeiten\\\/und-was-sagt-mein-arbeitgeber-dazu\\\/#respond\"]}]},{\"@type\":\"WebPage\",\"@id\":\"https:\\\/\\\/ungedient.de\\\/blog\\\/neuigkeiten\\\/und-was-sagt-mein-arbeitgeber-dazu\\\/\",\"url\":\"https:\\\/\\\/ungedient.de\\\/blog\\\/neuigkeiten\\\/und-was-sagt-mein-arbeitgeber-dazu\\\/\",\"name\":\"Und was sagt mein Arbeitgeber dazu? &#8226; UNgedient.\",\"isPartOf\":{\"@id\":\"https:\\\/\\\/ungedient.de\\\/blog\\\/#website\"},\"primaryImageOfPage\":{\"@id\":\"https:\\\/\\\/ungedient.de\\\/blog\\\/neuigkeiten\\\/und-was-sagt-mein-arbeitgeber-dazu\\\/#primaryimage\"},\"image\":{\"@id\":\"https:\\\/\\\/ungedient.de\\\/blog\\\/neuigkeiten\\\/und-was-sagt-mein-arbeitgeber-dazu\\\/#primaryimage\"},\"thumbnailUrl\":\"https:\\\/\\\/ungedient.de\\\/blog\\\/wp-content\\\/uploads\\\/2024\\\/02\\\/chilled-boss-war.jpg\",\"datePublished\":\"2024-02-26T20:11:33+00:00\",\"dateModified\":\"2024-05-15T17:30:13+00:00\",\"breadcrumb\":{\"@id\":\"https:\\\/\\\/ungedient.de\\\/blog\\\/neuigkeiten\\\/und-was-sagt-mein-arbeitgeber-dazu\\\/#breadcrumb\"},\"inLanguage\":\"de\",\"potentialAction\":[{\"@type\":\"ReadAction\",\"target\":[\"https:\\\/\\\/ungedient.de\\\/blog\\\/neuigkeiten\\\/und-was-sagt-mein-arbeitgeber-dazu\\\/\"]}]},{\"@type\":\"ImageObject\",\"inLanguage\":\"de\",\"@id\":\"https:\\\/\\\/ungedient.de\\\/blog\\\/neuigkeiten\\\/und-was-sagt-mein-arbeitgeber-dazu\\\/#primaryimage\",\"url\":\"https:\\\/\\\/ungedient.de\\\/blog\\\/wp-content\\\/uploads\\\/2024\\\/02\\\/chilled-boss-war.jpg\",\"contentUrl\":\"https:\\\/\\\/ungedient.de\\\/blog\\\/wp-content\\\/uploads\\\/2024\\\/02\\\/chilled-boss-war.jpg\",\"width\":950,\"height\":500},{\"@type\":\"BreadcrumbList\",\"@id\":\"https:\\\/\\\/ungedient.de\\\/blog\\\/neuigkeiten\\\/und-was-sagt-mein-arbeitgeber-dazu\\\/#breadcrumb\",\"itemListElement\":[{\"@type\":\"ListItem\",\"position\":1,\"name\":\"Startseite\",\"item\":\"https:\\\/\\\/ungedient.de\\\/blog\\\/\"},{\"@type\":\"ListItem\",\"position\":2,\"name\":\"Notizen\",\"item\":\"https:\\\/\\\/ungedient.de\\\/blog\\\/thema\\\/neuigkeiten\\\/\"},{\"@type\":\"ListItem\",\"position\":3,\"name\":\"Und was sagt mein Arbeitgeber dazu?\"}]},{\"@type\":\"WebSite\",\"@id\":\"https:\\\/\\\/ungedient.de\\\/blog\\\/#website\",\"url\":\"https:\\\/\\\/ungedient.de\\\/blog\\\/\",\"name\":\"UNgedient. Vom Ungedienten zur Bundeswehr.\",\"description\":\"Dein Weg in die Reserve der Bundeswehr\",\"publisher\":{\"@id\":\"https:\\\/\\\/ungedient.de\\\/blog\\\/#organization\"},\"alternateName\":\"Ausbildung f\u00fcr Ungediente\",\"potentialAction\":[{\"@type\":\"SearchAction\",\"target\":{\"@type\":\"EntryPoint\",\"urlTemplate\":\"https:\\\/\\\/ungedient.de\\\/blog\\\/?s={search_term_string}\"},\"query-input\":{\"@type\":\"PropertyValueSpecification\",\"valueRequired\":true,\"valueName\":\"search_term_string\"}}],\"inLanguage\":\"de\"},{\"@type\":\"Organization\",\"@id\":\"https:\\\/\\\/ungedient.de\\\/blog\\\/#organization\",\"name\":\"UNgedient. Vom Ungedienten zur Bundeswehr.\",\"alternateName\":\"Ausbildung Ungedienter zum Reservisten der Bundeswehr\",\"url\":\"https:\\\/\\\/ungedient.de\\\/blog\\\/\",\"logo\":{\"@type\":\"ImageObject\",\"inLanguage\":\"de\",\"@id\":\"https:\\\/\\\/ungedient.de\\\/blog\\\/#\\\/schema\\\/logo\\\/image\\\/\",\"url\":\"https:\\\/\\\/ungedient.de\\\/blog\\\/wp-content\\\/uploads\\\/2023\\\/03\\\/ungedient-favicon.jpg\",\"contentUrl\":\"https:\\\/\\\/ungedient.de\\\/blog\\\/wp-content\\\/uploads\\\/2023\\\/03\\\/ungedient-favicon.jpg\",\"width\":520,\"height\":520,\"caption\":\"UNgedient. Vom Ungedienten zur Bundeswehr.\"},\"image\":{\"@id\":\"https:\\\/\\\/ungedient.de\\\/blog\\\/#\\\/schema\\\/logo\\\/image\\\/\"},\"sameAs\":[\"https:\\\/\\\/www.facebook.com\\\/fuchs52y\"]},{\"@type\":\"Person\",\"@id\":\"https:\\\/\\\/ungedient.de\\\/blog\\\/#\\\/schema\\\/person\\\/1648f47e5e180daeaa9f15f2dd485bf5\",\"name\":\"Daniel\",\"image\":{\"@type\":\"ImageObject\",\"inLanguage\":\"de\",\"@id\":\"https:\\\/\\\/secure.gravatar.com\\\/avatar\\\/ef3cfcfe1a934ab692f6ac8a025998218be6f7edf0973bf6f01a1c8634236232?s=96&d=mm&r=g\",\"url\":\"https:\\\/\\\/secure.gravatar.com\\\/avatar\\\/ef3cfcfe1a934ab692f6ac8a025998218be6f7edf0973bf6f01a1c8634236232?s=96&d=mm&r=g\",\"contentUrl\":\"https:\\\/\\\/secure.gravatar.com\\\/avatar\\\/ef3cfcfe1a934ab692f6ac8a025998218be6f7edf0973bf6f01a1c8634236232?s=96&d=mm&r=g\",\"caption\":\"Daniel\"},\"description\":\"Daniel absolvierte die Ausbildung f\u00fcr Ungediente 2023 in Rheinland-Pfalz und ist mittlerweile in der 5.\\\/HSchRgt 3 beordert. Er arbeitete als Reservistendienstleistender in einer Projektgruppe des Territorialen F\u00fchrungskommandos der Bundeswehr und engagiert sich als einer von zwei Beauftragten der Landesgruppe Baden-W\u00fcrttemberg des Verbandes der Reservisten der Deutschen Bundeswehr f\u00fcr die Ausbildung Ungediente. 2025 wurde er Vorsitzender der Reservistenarbeitsgemeinschaft Drohne MO. Daniel ist verheiratet und Vater von drei T\u00f6chtern.\",\"sameAs\":[\"https:\\\/\\\/facebook.com\\\/fuchs52y\"]}]}<\/script>\n<!-- \/ Yoast SEO plugin. -->","yoast_head_json":{"title":"Und was sagt mein Arbeitgeber dazu? &#8226; UNgedient.","robots":{"index":"index","follow":"follow","max-snippet":"max-snippet:-1","max-image-preview":"max-image-preview:large","max-video-preview":"max-video-preview:-1"},"canonical":"https:\/\/ungedient.de\/blog\/neuigkeiten\/und-was-sagt-mein-arbeitgeber-dazu\/","og_locale":"de_DE","og_type":"article","og_title":"Und was sagt mein Arbeitgeber dazu? &#8226; UNgedient.","og_description":"Die Firma muss mitspielen: ein paar Argumente f\u00fcr Vorgesetzte.","og_url":"https:\/\/ungedient.de\/blog\/neuigkeiten\/und-was-sagt-mein-arbeitgeber-dazu\/","og_site_name":"UNgedient.","article_publisher":"https:\/\/www.facebook.com\/fuchs52y","article_author":"https:\/\/facebook.com\/fuchs52y","article_published_time":"2024-02-26T20:11:33+00:00","article_modified_time":"2024-05-15T17:30:13+00:00","og_image":[{"width":950,"height":500,"url":"https:\/\/ungedient.de\/blog\/wp-content\/uploads\/2024\/02\/chilled-boss-war.jpg","type":"image\/jpeg"}],"author":"Daniel","twitter_card":"summary_large_image","twitter_misc":{"Verfasst von":"Daniel","Gesch\u00e4tzte Lesezeit":"6\u00a0Minuten"},"schema":{"@context":"https:\/\/schema.org","@graph":[{"@type":"Article","@id":"https:\/\/ungedient.de\/blog\/neuigkeiten\/und-was-sagt-mein-arbeitgeber-dazu\/#article","isPartOf":{"@id":"https:\/\/ungedient.de\/blog\/neuigkeiten\/und-was-sagt-mein-arbeitgeber-dazu\/"},"author":{"name":"Daniel","@id":"https:\/\/ungedient.de\/blog\/#\/schema\/person\/1648f47e5e180daeaa9f15f2dd485bf5"},"headline":"Und was sagt mein Arbeitgeber dazu?","datePublished":"2024-02-26T20:11:33+00:00","dateModified":"2024-05-15T17:30:13+00:00","mainEntityOfPage":{"@id":"https:\/\/ungedient.de\/blog\/neuigkeiten\/und-was-sagt-mein-arbeitgeber-dazu\/"},"wordCount":1647,"commentCount":4,"publisher":{"@id":"https:\/\/ungedient.de\/blog\/#organization"},"image":{"@id":"https:\/\/ungedient.de\/blog\/neuigkeiten\/und-was-sagt-mein-arbeitgeber-dazu\/#primaryimage"},"thumbnailUrl":"https:\/\/ungedient.de\/blog\/wp-content\/uploads\/2024\/02\/chilled-boss-war.jpg","keywords":["arbeitgeber","argument"],"articleSection":["Notizen","Reserve"],"inLanguage":"de","potentialAction":[{"@type":"CommentAction","name":"Comment","target":["https:\/\/ungedient.de\/blog\/neuigkeiten\/und-was-sagt-mein-arbeitgeber-dazu\/#respond"]}]},{"@type":"WebPage","@id":"https:\/\/ungedient.de\/blog\/neuigkeiten\/und-was-sagt-mein-arbeitgeber-dazu\/","url":"https:\/\/ungedient.de\/blog\/neuigkeiten\/und-was-sagt-mein-arbeitgeber-dazu\/","name":"Und was sagt mein Arbeitgeber dazu? &#8226; UNgedient.","isPartOf":{"@id":"https:\/\/ungedient.de\/blog\/#website"},"primaryImageOfPage":{"@id":"https:\/\/ungedient.de\/blog\/neuigkeiten\/und-was-sagt-mein-arbeitgeber-dazu\/#primaryimage"},"image":{"@id":"https:\/\/ungedient.de\/blog\/neuigkeiten\/und-was-sagt-mein-arbeitgeber-dazu\/#primaryimage"},"thumbnailUrl":"https:\/\/ungedient.de\/blog\/wp-content\/uploads\/2024\/02\/chilled-boss-war.jpg","datePublished":"2024-02-26T20:11:33+00:00","dateModified":"2024-05-15T17:30:13+00:00","breadcrumb":{"@id":"https:\/\/ungedient.de\/blog\/neuigkeiten\/und-was-sagt-mein-arbeitgeber-dazu\/#breadcrumb"},"inLanguage":"de","potentialAction":[{"@type":"ReadAction","target":["https:\/\/ungedient.de\/blog\/neuigkeiten\/und-was-sagt-mein-arbeitgeber-dazu\/"]}]},{"@type":"ImageObject","inLanguage":"de","@id":"https:\/\/ungedient.de\/blog\/neuigkeiten\/und-was-sagt-mein-arbeitgeber-dazu\/#primaryimage","url":"https:\/\/ungedient.de\/blog\/wp-content\/uploads\/2024\/02\/chilled-boss-war.jpg","contentUrl":"https:\/\/ungedient.de\/blog\/wp-content\/uploads\/2024\/02\/chilled-boss-war.jpg","width":950,"height":500},{"@type":"BreadcrumbList","@id":"https:\/\/ungedient.de\/blog\/neuigkeiten\/und-was-sagt-mein-arbeitgeber-dazu\/#breadcrumb","itemListElement":[{"@type":"ListItem","position":1,"name":"Startseite","item":"https:\/\/ungedient.de\/blog\/"},{"@type":"ListItem","position":2,"name":"Notizen","item":"https:\/\/ungedient.de\/blog\/thema\/neuigkeiten\/"},{"@type":"ListItem","position":3,"name":"Und was sagt mein Arbeitgeber dazu?"}]},{"@type":"WebSite","@id":"https:\/\/ungedient.de\/blog\/#website","url":"https:\/\/ungedient.de\/blog\/","name":"UNgedient. Vom Ungedienten zur Bundeswehr.","description":"Dein Weg in die Reserve der Bundeswehr","publisher":{"@id":"https:\/\/ungedient.de\/blog\/#organization"},"alternateName":"Ausbildung f\u00fcr Ungediente","potentialAction":[{"@type":"SearchAction","target":{"@type":"EntryPoint","urlTemplate":"https:\/\/ungedient.de\/blog\/?s={search_term_string}"},"query-input":{"@type":"PropertyValueSpecification","valueRequired":true,"valueName":"search_term_string"}}],"inLanguage":"de"},{"@type":"Organization","@id":"https:\/\/ungedient.de\/blog\/#organization","name":"UNgedient. Vom Ungedienten zur Bundeswehr.","alternateName":"Ausbildung Ungedienter zum Reservisten der Bundeswehr","url":"https:\/\/ungedient.de\/blog\/","logo":{"@type":"ImageObject","inLanguage":"de","@id":"https:\/\/ungedient.de\/blog\/#\/schema\/logo\/image\/","url":"https:\/\/ungedient.de\/blog\/wp-content\/uploads\/2023\/03\/ungedient-favicon.jpg","contentUrl":"https:\/\/ungedient.de\/blog\/wp-content\/uploads\/2023\/03\/ungedient-favicon.jpg","width":520,"height":520,"caption":"UNgedient. Vom Ungedienten zur Bundeswehr."},"image":{"@id":"https:\/\/ungedient.de\/blog\/#\/schema\/logo\/image\/"},"sameAs":["https:\/\/www.facebook.com\/fuchs52y"]},{"@type":"Person","@id":"https:\/\/ungedient.de\/blog\/#\/schema\/person\/1648f47e5e180daeaa9f15f2dd485bf5","name":"Daniel","image":{"@type":"ImageObject","inLanguage":"de","@id":"https:\/\/secure.gravatar.com\/avatar\/ef3cfcfe1a934ab692f6ac8a025998218be6f7edf0973bf6f01a1c8634236232?s=96&d=mm&r=g","url":"https:\/\/secure.gravatar.com\/avatar\/ef3cfcfe1a934ab692f6ac8a025998218be6f7edf0973bf6f01a1c8634236232?s=96&d=mm&r=g","contentUrl":"https:\/\/secure.gravatar.com\/avatar\/ef3cfcfe1a934ab692f6ac8a025998218be6f7edf0973bf6f01a1c8634236232?s=96&d=mm&r=g","caption":"Daniel"},"description":"Daniel absolvierte die Ausbildung f\u00fcr Ungediente 2023 in Rheinland-Pfalz und ist mittlerweile in der 5.\/HSchRgt 3 beordert. Er arbeitete als Reservistendienstleistender in einer Projektgruppe des Territorialen F\u00fchrungskommandos der Bundeswehr und engagiert sich als einer von zwei Beauftragten der Landesgruppe Baden-W\u00fcrttemberg des Verbandes der Reservisten der Deutschen Bundeswehr f\u00fcr die Ausbildung Ungediente. 2025 wurde er Vorsitzender der Reservistenarbeitsgemeinschaft Drohne MO. Daniel ist verheiratet und Vater von drei T\u00f6chtern.","sameAs":["https:\/\/facebook.com\/fuchs52y"]}]}},"_links":{"self":[{"href":"https:\/\/ungedient.de\/blog\/wp-json\/wp\/v2\/posts\/3288","targetHints":{"allow":["GET"]}}],"collection":[{"href":"https:\/\/ungedient.de\/blog\/wp-json\/wp\/v2\/posts"}],"about":[{"href":"https:\/\/ungedient.de\/blog\/wp-json\/wp\/v2\/types\/post"}],"author":[{"embeddable":true,"href":"https:\/\/ungedient.de\/blog\/wp-json\/wp\/v2\/users\/1"}],"replies":[{"embeddable":true,"href":"https:\/\/ungedient.de\/blog\/wp-json\/wp\/v2\/comments?post=3288"}],"version-history":[{"count":0,"href":"https:\/\/ungedient.de\/blog\/wp-json\/wp\/v2\/posts\/3288\/revisions"}],"wp:featuredmedia":[{"embeddable":true,"href":"https:\/\/ungedient.de\/blog\/wp-json\/wp\/v2\/media\/3292"}],"wp:attachment":[{"href":"https:\/\/ungedient.de\/blog\/wp-json\/wp\/v2\/media?parent=3288"}],"wp:term":[{"taxonomy":"category","embeddable":true,"href":"https:\/\/ungedient.de\/blog\/wp-json\/wp\/v2\/categories?post=3288"},{"taxonomy":"post_tag","embeddable":true,"href":"https:\/\/ungedient.de\/blog\/wp-json\/wp\/v2\/tags?post=3288"}],"curies":[{"name":"wp","href":"https:\/\/api.w.org\/{rel}","templated":true}]}}