{"id":3514,"date":"2024-04-28T21:05:52","date_gmt":"2024-04-28T19:05:52","guid":{"rendered":"https:\/\/ungedient.de\/blog\/?p=3514"},"modified":"2024-05-16T00:18:47","modified_gmt":"2024-05-15T22:18:47","slug":"rdl-usg-mindestleistung","status":"publish","type":"post","link":"https:\/\/ungedient.de\/blog\/reserve\/rdl-usg-mindestleistung\/","title":{"rendered":"Mehr Geld aufs Konto"},"content":{"rendered":"<div class=\"wpb-content-wrapper\">[vc_row][vc_column][vc_message message_box_style=&#8220;solid&#8220; message_box_color=&#8220;green&#8220; icon_fontawesome=&#8220;far fa-lightbulb&#8220; css=&#8220;&#8220;]<strong>Mein Tipp<\/strong><br \/>\nMit diesem praktischen <a href=\"https:\/\/ungedient.de\/blog\/usg-rechner\/\" target=\"_blank\" rel=\"noopener\">USG Rechner<\/a> kannst du deine Mindestleistung (\u00a78) berechnen. Hierf\u00fcr erforderlich ist lediglich die Anzahl deiner Reservedienstleistungstage, die Anzahl deiner Kinder und dein Dienstgrad.[\/vc_message][vc_column_text]F\u00fcr Reservedienstleistende gibt es gute Neuigkeiten! Ab dem 1. Mai 2024 tritt die neue \u201eMindestleistungsanpassungsverordnung\u201c (MLAnpV) in Kraft. Hinter diesem sch\u00f6nen Beamtenbegriff verbirgt sich nichts anderes als eine Erh\u00f6hung der Tagess\u00e4tze f\u00fcr Reservisten, welche die Mindestleistung (nach \u00a7 8 Abs. 1 des Unterhaltssicherungsgesetzes) in Anspruch nehmen.<\/p>\n<blockquote><p>Ein Gefreiter erhielt bislang 68,31 \u20ac am Tag.<br \/>\nNun sind es 76,85 \u20ac \u2013 also rund 12% mehr.<\/p><\/blockquote>\n<p>An dieser Stelle sei erw\u00e4hnt, dass alle Betr\u00e4ge selbstverst\u00e4ndlich \u201enetto\u201c sind, also steuerfrei und man sich, wenn man m\u00f6chte auch statt der Mindestleistung f\u00fcr eine Lohnersatzzahlung entscheiden kann, welche dann das regul\u00e4re Gehalt ersetzt (ab einer gewissen Grenze gibt es eine s.g. \u201eWirtschaftlichkeits\u00fcberpr\u00fcfung\u201c). Auch m\u00f6chte ich an dieser Stelle nochmals nachdr\u00fccklich darauf hinweisen, dass man f\u00fcr seinen Reservedienst keinen Urlaub nehmen sollte \u2013 es ist schlie\u00dflich keine Freizeit oder gar Erholung. (Hier findet man <a href=\"https:\/\/ungedient.de\/blog\/neuigkeiten\/und-was-sagt-mein-arbeitgeber-dazu\/\" target=\"_blank\" rel=\"noopener\">Argumente f\u00fcr seinen Arbeitgeber<\/a>.) Ich m\u00f6chte nun allerdings in diesem Artikel nicht auf das Unterhaltssicherungsgesetz (USG) eingehen, sondern noch ein paar Rechenbeispiele f\u00fcr die Mindestleistung nennen.<\/p>\n<p>Ein J\u00e4ger mit drei Kindern erhielt bislang einen Tagessatz von 95,37 \u20ac und erh\u00e4lt nun 105,34 \u20ac (+10%). Ein Obergefreiter mit zwei Kindern bekam bislang 85,64 \u20ac und k\u00fcnftig 95,10 \u20ac (+11%). Spa\u00dfeshalber schauen wir uns mal noch einen Oberst mit mindestens drei Kindern an: bei ihm waren es bislang 184,03 \u20ac und f\u00fcr ihn sind es ab dem 1. Mai 2024 dann 198,70 \u20ac (+8%).<\/p>\n<p>Die neuen Tagess\u00e4tze, welche ab dem 1. Mai 2024 gelten, k\u00f6nnt ihr \u00fcber den folgenden Link einsehen: <a href=\"https:\/\/ungedient.de\/blog\/wp-content\/uploads\/2024\/04\/rdl-tagessatz.pdf\">\u00dcbersicht der Anpassung der Mindesleistung (PDF)<\/a><\/p>\n<p><a href=\"https:\/\/ungedient.de\/blog\/wp-content\/uploads\/2024\/04\/rdl-tagessatz.pdf\"><img decoding=\"async\" class=\"aligncenter size-full wp-image-3521\" src=\"https:\/\/ungedient.de\/blog\/wp-content\/themes\/breek\/assets\/images\/transparent.gif\" data-lazy=\"true\" data-src=\"https:\/\/ungedient.de\/blog\/wp-content\/uploads\/2024\/04\/tagessatz-reservistendienst.jpg\" alt=\"\" width=\"724\" height=\"821\" data-srcset=\"https:\/\/ungedient.de\/blog\/wp-content\/uploads\/2024\/04\/tagessatz-reservistendienst.jpg 724w, https:\/\/ungedient.de\/blog\/wp-content\/uploads\/2024\/04\/tagessatz-reservistendienst-265x300.jpg 265w, https:\/\/ungedient.de\/blog\/wp-content\/uploads\/2024\/04\/tagessatz-reservistendienst-88x100.jpg 88w, https:\/\/ungedient.de\/blog\/wp-content\/uploads\/2024\/04\/tagessatz-reservistendienst-397x450.jpg 397w\" data-sizes=\"(max-width: 724px) 100vw, 724px\" \/><\/a><\/p>\n<p>Unterzeichnet wurde die neue Verordnung, welche am 1. Mai 2024 in Kraft tritt und gleichzeitig die alte Mindestleistungsanpassungsverordnung vom 9. Mai 2022 (BGBl. I S. 775) au\u00dfer Kraft setzt, vom Bundesminister der Verteidigung Boris Pistorius.[\/vc_column_text][\/vc_column][\/vc_row][vc_row color=&#8220;&#8220; message_box_style=&#8220;solid&#8220; style=&#8220;rounded&#8220; message_box_color=&#8220;grey&#8220; icon_type=&#8220;fontawesome&#8220; icon_fontawesome=&#8220;fas fa-image&#8220; icon_monosocial=&#8220;vc-mono vc-mono-fivehundredpx&#8220; icon_openiconic=&#8220;&#8220; icon_typicons=&#8220;&#8220; icon_entypo=&#8220;&#8220; icon_linecons=&#8220;&#8220; icon_pixelicons=&#8220;&#8220;][vc_column][vc_message message_box_style=&#8220;solid&#8220; message_box_color=&#8220;grey&#8220; icon_fontawesome=&#8220;fas fa-image&#8220;]<strong>Titelbild<\/strong><br \/>\n\u00a9 Eigene Montage[\/vc_message][\/vc_column][\/vc_row]\n\r\n\t\t\t<div id=\"daexthefu-container\"\r\n\t\t\t\tclass=\"daexthefu-container daexthefu-layout-stacked daexthefu-alignment-center\"\r\n\t\t\t\tdata-post-id=\"3514\">\r\n\r\n\t\t\t\t<div class=\"daexthefu-feedback\">\r\n\t\t\t\t\t<div class=\"daexthefu-text\">\r\n\t\t\t\t\t\t<h3 class=\"daexthefu-title\">War dieser Artikel f\u00fcr dich hilfreich?<\/h3>\r\n\t\t\t\t\t<\/div>\r\n\t\t\t\t\t<div class=\"daexthefu-buttons-container\">\r\n\t\t\t\t\t\t<div class=\"daexthefu-buttons\">\r\n\t\t\t\t\t\t\t\r\n\t\t\t<div class=\"daexthefu-yes daexthefu-button daexthefu-button-type-icon\" data-value=\"1\">\r\n\t\t\t\t\r\n                <svg>\r\n                    <defs>\r\n                        <style>.thumb-up-cls-1{fill:#c9c9c9;}.thumb-up-cls-2{fill:#e1e1e1;}.thumb-up-cls-3{fill:#676767;}<\/style>\r\n                    <\/defs>\r\n                    <g id=\"thumb_up\">\r\n                        <path class=\"thumb-up-cls-2 daexthefu-icon-circle\" d=\"m24,3c11.58,0,21,9.42,21,21s-9.42,21-21,21S3,35.58,3,24,12.42,3,24,3m0-1C11.85,2,2,11.85,2,24s9.85,22,22,22,22-9.85,22-22S36.15,2,24,2h0Z\" \/>\r\n                        <g>\r\n                            <rect class=\"thumb-up-cls-3 daexthefu-icon-secondary-color\" x=\"10\" y=\"20\" width=\"6\" height=\"15\" rx=\"1.5\" ry=\"1.5\" \/>\r\n                            <path class=\"thumb-up-cls-1 daexthefu-icon-primary-color\" d=\"m30.57,9.06l-.49-.1c-.81-.17-1.61.35-1.78,1.16l-5.3,11.74c-.17.81,3.16,1.61,3.97,1.78l1.96.41c.81.17,1.61-.35,1.78-1.16l2.18-10.27c.34-1.61-.7-3.21-2.31-3.56Z\" \/>\r\n                            <path class=\"thumb-up-cls-1 daexthefu-icon-primary-color\" d=\"m38.17,20h-18.67c-.83,0-1.5.67-1.5,1.5v12c0,.83.67,1.5,1.5,1.5h16.27c.71,0,1.33-.5,1.47-1.21l2.4-12c.19-.93-.53-1.8-1.47-1.8Z\" \/>\r\n                        <\/g>\r\n                    <\/g>\r\n                <\/svg>\t\t\t<\/div>\r\n\r\n\t\t\t\t\t\t\t\t\t\t\r\n\t\t\t<div class=\"daexthefu-no daexthefu-button daexthefu-button-type-icon\" data-value=\"0\">\r\n\t\t\t\t\r\n                <svg>\r\n                    <defs>\r\n                        <style>.thumb-down-cls-1{fill:#c9c9c9;}.thumb-down-cls-2{fill:#e1e1e1;}.thumb-down-cls-3{fill:#676767;}<\/style>\r\n                    <\/defs>\r\n                    <g id=\"thumb_down\">\r\n                        <path class=\"thumb-down-cls-2 daexthefu-icon-circle\" d=\"m24,3c11.58,0,21,9.42,21,21s-9.42,21-21,21S3,35.58,3,24,12.42,3,24,3m0-1C11.85,2,2,11.85,2,24s9.85,22,22,22,22-9.85,22-22S36.15,2,24,2h0Z\" \/>\r\n                        <g>\r\n                            <rect class=\"thumb-down-cls-3 daexthefu-icon-secondary-color\" x=\"10\" y=\"13\" width=\"6\" height=\"15\" rx=\"1.5\" ry=\"1.5\" \/>\r\n                            <path class=\"thumb-down-cls-1 daexthefu-icon-primary-color\" d=\"m30.57,38.94l-.49.1c-.81.17-1.61-.35-1.78-1.16l-5.3-11.74c-.17-.81,3.16-1.61,3.97-1.78l1.96-.41c.81-.17,1.61.35,1.78,1.16l2.18,10.27c.34,1.61-.7,3.21-2.31,3.56Z\" \/>\r\n                            <path class=\"thumb-down-cls-1 daexthefu-icon-primary-color\" d=\"m38.17,28h-18.67c-.83,0-1.5-.67-1.5-1.5v-12c0-.83.67-1.5,1.5-1.5h16.27c.71,0,1.33.5,1.47,1.21l2.4,12c.19.93-.53,1.8-1.47,1.8Z\" \/>\r\n                        <\/g>\r\n                    <\/g>\r\n                <\/svg>\t\t\t<\/div>\r\n\r\n\t\t\t\t\t\t\t\t\t<\/div>\r\n\t\t\t\t\t<\/div>\r\n\t\t\t\t<\/div>\r\n\r\n\t\t\t\t<div class=\"daexthefu-comment\">\r\n\t\t\t\t\t<div class=\"daexthefu-comment-top-container\">\r\n\t\t\t\t\t\t<label id=\"daexthefu-comment-label\" class=\"daexthefu-comment-label\"><\/label>\r\n\t\t\t\t\t\t\t\t\t\t\t\t\t<div class=\"daexthefu-comment-character-counter-container\">\r\n\t\t\t\t\t\t\t\t<div id=\"daexthefu-comment-character-counter-number\"\r\n\t\t\t\t\t\t\t\t\tclass=\"daexthefu-comment-character-counter-number\"><\/div>\r\n\t\t\t\t\t\t\t\t<div class=\"daexthefu-comment-character-counter-text\"><\/div>\r\n\t\t\t\t\t\t\t<\/div>\r\n\t\t\t\t\t\t\t\t\t\t\t<\/div>\r\n\t\t\t\t\t<textarea id=\"daexthefu-comment-textarea\" class=\"daexthefu-comment-textarea\"\r\n\t\t\t\t\t\t\t\tplaceholder=\"Dein Feedback\u2026\"\r\n\t\t\t\t\t\t\t\tmaxlength=\"\r\n\t\t\t\t\t\t\t\t500\t\t\t\t\t\t\t\t\t\"><\/textarea>\r\n\t\t\t\t\t<div class=\"daexthefu-comment-buttons-container\">\r\n\t\t\t\t\t\t<button class=\"daexthefu-comment-submit daexthefu-button\">senden<\/button>\r\n\t\t\t\t\t\t<button class=\"daexthefu-comment-cancel daexthefu-button\">abbrechen<\/button>\r\n\t\t\t\t\t<\/div>\r\n\t\t\t\t<\/div>\r\n\r\n\t\t\t\t<div class=\"daexthefu-successful-submission-text\">Vielen Dank!<\/div>\r\n\r\n\t\t\t<\/div>\r\n\r\n\t\t\t<\/div>","protected":false},"excerpt":{"rendered":"<p>Pistorius investiert in Reservedienstleistende und erh\u00f6ht die Mindestleistung.<\/p>\n","protected":false},"author":1,"featured_media":3516,"comment_status":"open","ping_status":"open","sticky":false,"template":"","format":"status","meta":{"_helpful_status":1,"inline_featured_image":false,"footnotes":""},"categories":[20],"tags":[154,259,260],"class_list":["post-3514","post","type-post","status-publish","format-status","has-post-thumbnail","hentry","category-reserve","tag-usg","tag-mindestleistung","tag-geld","post_format-post-format-status"],"acf":[],"yoast_head":"<!-- This site is optimized with the Yoast SEO plugin v27.5 - https:\/\/yoast.com\/product\/yoast-seo-wordpress\/ -->\n<title>Mehr Geld aufs Konto &#8226; UNgedient.<\/title>\n<meta name=\"robots\" content=\"index, follow, max-snippet:-1, max-image-preview:large, max-video-preview:-1\" \/>\n<link rel=\"canonical\" href=\"https:\/\/ungedient.de\/blog\/reserve\/rdl-usg-mindestleistung\/\" \/>\n<meta property=\"og:locale\" content=\"de_DE\" \/>\n<meta property=\"og:type\" content=\"article\" \/>\n<meta property=\"og:title\" content=\"Mehr Geld aufs Konto &#8226; UNgedient.\" \/>\n<meta property=\"og:description\" content=\"Pistorius investiert in Reservedienstleistende und erh\u00f6ht die Mindestleistung.\" \/>\n<meta property=\"og:url\" content=\"https:\/\/ungedient.de\/blog\/reserve\/rdl-usg-mindestleistung\/\" \/>\n<meta property=\"og:site_name\" content=\"UNgedient.\" \/>\n<meta property=\"article:publisher\" content=\"https:\/\/www.facebook.com\/fuchs52y\" \/>\n<meta property=\"article:author\" content=\"https:\/\/facebook.com\/fuchs52y\" \/>\n<meta property=\"article:published_time\" content=\"2024-04-28T19:05:52+00:00\" \/>\n<meta property=\"article:modified_time\" content=\"2024-05-15T22:18:47+00:00\" \/>\n<meta property=\"og:image\" content=\"https:\/\/ungedient.de\/blog\/wp-content\/uploads\/2024\/04\/rdl-tagessatz.jpg\" \/>\n\t<meta property=\"og:image:width\" content=\"950\" \/>\n\t<meta property=\"og:image:height\" content=\"500\" \/>\n\t<meta property=\"og:image:type\" content=\"image\/jpeg\" \/>\n<meta name=\"author\" content=\"Daniel\" \/>\n<meta name=\"twitter:card\" content=\"summary_large_image\" \/>\n<meta name=\"twitter:label1\" content=\"Verfasst von\" \/>\n\t<meta name=\"twitter:data1\" content=\"Daniel\" \/>\n\t<meta name=\"twitter:label2\" content=\"Gesch\u00e4tzte Lesezeit\" \/>\n\t<meta name=\"twitter:data2\" content=\"3\u00a0Minuten\" \/>\n<script type=\"application\/ld+json\" class=\"yoast-schema-graph\">{\"@context\":\"https:\\\/\\\/schema.org\",\"@graph\":[{\"@type\":\"Article\",\"@id\":\"https:\\\/\\\/ungedient.de\\\/blog\\\/reserve\\\/rdl-usg-mindestleistung\\\/#article\",\"isPartOf\":{\"@id\":\"https:\\\/\\\/ungedient.de\\\/blog\\\/reserve\\\/rdl-usg-mindestleistung\\\/\"},\"author\":{\"name\":\"Daniel\",\"@id\":\"https:\\\/\\\/ungedient.de\\\/blog\\\/#\\\/schema\\\/person\\\/1648f47e5e180daeaa9f15f2dd485bf5\"},\"headline\":\"Mehr Geld aufs Konto\",\"datePublished\":\"2024-04-28T19:05:52+00:00\",\"dateModified\":\"2024-05-15T22:18:47+00:00\",\"mainEntityOfPage\":{\"@id\":\"https:\\\/\\\/ungedient.de\\\/blog\\\/reserve\\\/rdl-usg-mindestleistung\\\/\"},\"wordCount\":403,\"commentCount\":4,\"publisher\":{\"@id\":\"https:\\\/\\\/ungedient.de\\\/blog\\\/#organization\"},\"image\":{\"@id\":\"https:\\\/\\\/ungedient.de\\\/blog\\\/reserve\\\/rdl-usg-mindestleistung\\\/#primaryimage\"},\"thumbnailUrl\":\"https:\\\/\\\/ungedient.de\\\/blog\\\/wp-content\\\/uploads\\\/2024\\\/04\\\/rdl-tagessatz.jpg\",\"keywords\":[\"usg\",\"Mindestleistung\",\"Geld\"],\"articleSection\":[\"Reserve\"],\"inLanguage\":\"de\",\"potentialAction\":[{\"@type\":\"CommentAction\",\"name\":\"Comment\",\"target\":[\"https:\\\/\\\/ungedient.de\\\/blog\\\/reserve\\\/rdl-usg-mindestleistung\\\/#respond\"]}]},{\"@type\":\"WebPage\",\"@id\":\"https:\\\/\\\/ungedient.de\\\/blog\\\/reserve\\\/rdl-usg-mindestleistung\\\/\",\"url\":\"https:\\\/\\\/ungedient.de\\\/blog\\\/reserve\\\/rdl-usg-mindestleistung\\\/\",\"name\":\"Mehr Geld aufs Konto &#8226; UNgedient.\",\"isPartOf\":{\"@id\":\"https:\\\/\\\/ungedient.de\\\/blog\\\/#website\"},\"primaryImageOfPage\":{\"@id\":\"https:\\\/\\\/ungedient.de\\\/blog\\\/reserve\\\/rdl-usg-mindestleistung\\\/#primaryimage\"},\"image\":{\"@id\":\"https:\\\/\\\/ungedient.de\\\/blog\\\/reserve\\\/rdl-usg-mindestleistung\\\/#primaryimage\"},\"thumbnailUrl\":\"https:\\\/\\\/ungedient.de\\\/blog\\\/wp-content\\\/uploads\\\/2024\\\/04\\\/rdl-tagessatz.jpg\",\"datePublished\":\"2024-04-28T19:05:52+00:00\",\"dateModified\":\"2024-05-15T22:18:47+00:00\",\"breadcrumb\":{\"@id\":\"https:\\\/\\\/ungedient.de\\\/blog\\\/reserve\\\/rdl-usg-mindestleistung\\\/#breadcrumb\"},\"inLanguage\":\"de\",\"potentialAction\":[{\"@type\":\"ReadAction\",\"target\":[\"https:\\\/\\\/ungedient.de\\\/blog\\\/reserve\\\/rdl-usg-mindestleistung\\\/\"]}]},{\"@type\":\"ImageObject\",\"inLanguage\":\"de\",\"@id\":\"https:\\\/\\\/ungedient.de\\\/blog\\\/reserve\\\/rdl-usg-mindestleistung\\\/#primaryimage\",\"url\":\"https:\\\/\\\/ungedient.de\\\/blog\\\/wp-content\\\/uploads\\\/2024\\\/04\\\/rdl-tagessatz.jpg\",\"contentUrl\":\"https:\\\/\\\/ungedient.de\\\/blog\\\/wp-content\\\/uploads\\\/2024\\\/04\\\/rdl-tagessatz.jpg\",\"width\":950,\"height\":500},{\"@type\":\"BreadcrumbList\",\"@id\":\"https:\\\/\\\/ungedient.de\\\/blog\\\/reserve\\\/rdl-usg-mindestleistung\\\/#breadcrumb\",\"itemListElement\":[{\"@type\":\"ListItem\",\"position\":1,\"name\":\"Startseite\",\"item\":\"https:\\\/\\\/ungedient.de\\\/blog\\\/\"},{\"@type\":\"ListItem\",\"position\":2,\"name\":\"Reserve\",\"item\":\"https:\\\/\\\/ungedient.de\\\/blog\\\/thema\\\/reserve\\\/\"},{\"@type\":\"ListItem\",\"position\":3,\"name\":\"Mehr Geld aufs Konto\"}]},{\"@type\":\"WebSite\",\"@id\":\"https:\\\/\\\/ungedient.de\\\/blog\\\/#website\",\"url\":\"https:\\\/\\\/ungedient.de\\\/blog\\\/\",\"name\":\"UNgedient. Vom Ungedienten zur Bundeswehr.\",\"description\":\"Dein Weg in die Reserve der Bundeswehr\",\"publisher\":{\"@id\":\"https:\\\/\\\/ungedient.de\\\/blog\\\/#organization\"},\"alternateName\":\"Ausbildung f\u00fcr Ungediente\",\"potentialAction\":[{\"@type\":\"SearchAction\",\"target\":{\"@type\":\"EntryPoint\",\"urlTemplate\":\"https:\\\/\\\/ungedient.de\\\/blog\\\/?s={search_term_string}\"},\"query-input\":{\"@type\":\"PropertyValueSpecification\",\"valueRequired\":true,\"valueName\":\"search_term_string\"}}],\"inLanguage\":\"de\"},{\"@type\":\"Organization\",\"@id\":\"https:\\\/\\\/ungedient.de\\\/blog\\\/#organization\",\"name\":\"UNgedient. Vom Ungedienten zur Bundeswehr.\",\"alternateName\":\"Ausbildung Ungedienter zum Reservisten der Bundeswehr\",\"url\":\"https:\\\/\\\/ungedient.de\\\/blog\\\/\",\"logo\":{\"@type\":\"ImageObject\",\"inLanguage\":\"de\",\"@id\":\"https:\\\/\\\/ungedient.de\\\/blog\\\/#\\\/schema\\\/logo\\\/image\\\/\",\"url\":\"https:\\\/\\\/ungedient.de\\\/blog\\\/wp-content\\\/uploads\\\/2023\\\/03\\\/ungedient-favicon.jpg\",\"contentUrl\":\"https:\\\/\\\/ungedient.de\\\/blog\\\/wp-content\\\/uploads\\\/2023\\\/03\\\/ungedient-favicon.jpg\",\"width\":520,\"height\":520,\"caption\":\"UNgedient. Vom Ungedienten zur Bundeswehr.\"},\"image\":{\"@id\":\"https:\\\/\\\/ungedient.de\\\/blog\\\/#\\\/schema\\\/logo\\\/image\\\/\"},\"sameAs\":[\"https:\\\/\\\/www.facebook.com\\\/fuchs52y\"]},{\"@type\":\"Person\",\"@id\":\"https:\\\/\\\/ungedient.de\\\/blog\\\/#\\\/schema\\\/person\\\/1648f47e5e180daeaa9f15f2dd485bf5\",\"name\":\"Daniel\",\"image\":{\"@type\":\"ImageObject\",\"inLanguage\":\"de\",\"@id\":\"https:\\\/\\\/secure.gravatar.com\\\/avatar\\\/ef3cfcfe1a934ab692f6ac8a025998218be6f7edf0973bf6f01a1c8634236232?s=96&d=mm&r=g\",\"url\":\"https:\\\/\\\/secure.gravatar.com\\\/avatar\\\/ef3cfcfe1a934ab692f6ac8a025998218be6f7edf0973bf6f01a1c8634236232?s=96&d=mm&r=g\",\"contentUrl\":\"https:\\\/\\\/secure.gravatar.com\\\/avatar\\\/ef3cfcfe1a934ab692f6ac8a025998218be6f7edf0973bf6f01a1c8634236232?s=96&d=mm&r=g\",\"caption\":\"Daniel\"},\"description\":\"Daniel absolvierte die Ausbildung f\u00fcr Ungediente 2023 in Rheinland-Pfalz und ist mittlerweile in der 5.\\\/HSchRgt 3 beordert. Er arbeitete als Reservistendienstleistender in einer Projektgruppe des Territorialen F\u00fchrungskommandos der Bundeswehr und engagiert sich als einer von zwei Beauftragten der Landesgruppe Baden-W\u00fcrttemberg des Verbandes der Reservisten der Deutschen Bundeswehr f\u00fcr die Ausbildung Ungediente. 2025 wurde er Vorsitzender der Reservistenarbeitsgemeinschaft Drohne MO. Daniel ist verheiratet und Vater von drei T\u00f6chtern.\",\"sameAs\":[\"https:\\\/\\\/facebook.com\\\/fuchs52y\"]}]}<\/script>\n<!-- \/ Yoast SEO plugin. -->","yoast_head_json":{"title":"Mehr Geld aufs Konto &#8226; UNgedient.","robots":{"index":"index","follow":"follow","max-snippet":"max-snippet:-1","max-image-preview":"max-image-preview:large","max-video-preview":"max-video-preview:-1"},"canonical":"https:\/\/ungedient.de\/blog\/reserve\/rdl-usg-mindestleistung\/","og_locale":"de_DE","og_type":"article","og_title":"Mehr Geld aufs Konto &#8226; UNgedient.","og_description":"Pistorius investiert in Reservedienstleistende und erh\u00f6ht die Mindestleistung.","og_url":"https:\/\/ungedient.de\/blog\/reserve\/rdl-usg-mindestleistung\/","og_site_name":"UNgedient.","article_publisher":"https:\/\/www.facebook.com\/fuchs52y","article_author":"https:\/\/facebook.com\/fuchs52y","article_published_time":"2024-04-28T19:05:52+00:00","article_modified_time":"2024-05-15T22:18:47+00:00","og_image":[{"width":950,"height":500,"url":"https:\/\/ungedient.de\/blog\/wp-content\/uploads\/2024\/04\/rdl-tagessatz.jpg","type":"image\/jpeg"}],"author":"Daniel","twitter_card":"summary_large_image","twitter_misc":{"Verfasst von":"Daniel","Gesch\u00e4tzte Lesezeit":"3\u00a0Minuten"},"schema":{"@context":"https:\/\/schema.org","@graph":[{"@type":"Article","@id":"https:\/\/ungedient.de\/blog\/reserve\/rdl-usg-mindestleistung\/#article","isPartOf":{"@id":"https:\/\/ungedient.de\/blog\/reserve\/rdl-usg-mindestleistung\/"},"author":{"name":"Daniel","@id":"https:\/\/ungedient.de\/blog\/#\/schema\/person\/1648f47e5e180daeaa9f15f2dd485bf5"},"headline":"Mehr Geld aufs Konto","datePublished":"2024-04-28T19:05:52+00:00","dateModified":"2024-05-15T22:18:47+00:00","mainEntityOfPage":{"@id":"https:\/\/ungedient.de\/blog\/reserve\/rdl-usg-mindestleistung\/"},"wordCount":403,"commentCount":4,"publisher":{"@id":"https:\/\/ungedient.de\/blog\/#organization"},"image":{"@id":"https:\/\/ungedient.de\/blog\/reserve\/rdl-usg-mindestleistung\/#primaryimage"},"thumbnailUrl":"https:\/\/ungedient.de\/blog\/wp-content\/uploads\/2024\/04\/rdl-tagessatz.jpg","keywords":["usg","Mindestleistung","Geld"],"articleSection":["Reserve"],"inLanguage":"de","potentialAction":[{"@type":"CommentAction","name":"Comment","target":["https:\/\/ungedient.de\/blog\/reserve\/rdl-usg-mindestleistung\/#respond"]}]},{"@type":"WebPage","@id":"https:\/\/ungedient.de\/blog\/reserve\/rdl-usg-mindestleistung\/","url":"https:\/\/ungedient.de\/blog\/reserve\/rdl-usg-mindestleistung\/","name":"Mehr Geld aufs Konto &#8226; UNgedient.","isPartOf":{"@id":"https:\/\/ungedient.de\/blog\/#website"},"primaryImageOfPage":{"@id":"https:\/\/ungedient.de\/blog\/reserve\/rdl-usg-mindestleistung\/#primaryimage"},"image":{"@id":"https:\/\/ungedient.de\/blog\/reserve\/rdl-usg-mindestleistung\/#primaryimage"},"thumbnailUrl":"https:\/\/ungedient.de\/blog\/wp-content\/uploads\/2024\/04\/rdl-tagessatz.jpg","datePublished":"2024-04-28T19:05:52+00:00","dateModified":"2024-05-15T22:18:47+00:00","breadcrumb":{"@id":"https:\/\/ungedient.de\/blog\/reserve\/rdl-usg-mindestleistung\/#breadcrumb"},"inLanguage":"de","potentialAction":[{"@type":"ReadAction","target":["https:\/\/ungedient.de\/blog\/reserve\/rdl-usg-mindestleistung\/"]}]},{"@type":"ImageObject","inLanguage":"de","@id":"https:\/\/ungedient.de\/blog\/reserve\/rdl-usg-mindestleistung\/#primaryimage","url":"https:\/\/ungedient.de\/blog\/wp-content\/uploads\/2024\/04\/rdl-tagessatz.jpg","contentUrl":"https:\/\/ungedient.de\/blog\/wp-content\/uploads\/2024\/04\/rdl-tagessatz.jpg","width":950,"height":500},{"@type":"BreadcrumbList","@id":"https:\/\/ungedient.de\/blog\/reserve\/rdl-usg-mindestleistung\/#breadcrumb","itemListElement":[{"@type":"ListItem","position":1,"name":"Startseite","item":"https:\/\/ungedient.de\/blog\/"},{"@type":"ListItem","position":2,"name":"Reserve","item":"https:\/\/ungedient.de\/blog\/thema\/reserve\/"},{"@type":"ListItem","position":3,"name":"Mehr Geld aufs Konto"}]},{"@type":"WebSite","@id":"https:\/\/ungedient.de\/blog\/#website","url":"https:\/\/ungedient.de\/blog\/","name":"UNgedient. Vom Ungedienten zur Bundeswehr.","description":"Dein Weg in die Reserve der Bundeswehr","publisher":{"@id":"https:\/\/ungedient.de\/blog\/#organization"},"alternateName":"Ausbildung f\u00fcr Ungediente","potentialAction":[{"@type":"SearchAction","target":{"@type":"EntryPoint","urlTemplate":"https:\/\/ungedient.de\/blog\/?s={search_term_string}"},"query-input":{"@type":"PropertyValueSpecification","valueRequired":true,"valueName":"search_term_string"}}],"inLanguage":"de"},{"@type":"Organization","@id":"https:\/\/ungedient.de\/blog\/#organization","name":"UNgedient. Vom Ungedienten zur Bundeswehr.","alternateName":"Ausbildung Ungedienter zum Reservisten der Bundeswehr","url":"https:\/\/ungedient.de\/blog\/","logo":{"@type":"ImageObject","inLanguage":"de","@id":"https:\/\/ungedient.de\/blog\/#\/schema\/logo\/image\/","url":"https:\/\/ungedient.de\/blog\/wp-content\/uploads\/2023\/03\/ungedient-favicon.jpg","contentUrl":"https:\/\/ungedient.de\/blog\/wp-content\/uploads\/2023\/03\/ungedient-favicon.jpg","width":520,"height":520,"caption":"UNgedient. Vom Ungedienten zur Bundeswehr."},"image":{"@id":"https:\/\/ungedient.de\/blog\/#\/schema\/logo\/image\/"},"sameAs":["https:\/\/www.facebook.com\/fuchs52y"]},{"@type":"Person","@id":"https:\/\/ungedient.de\/blog\/#\/schema\/person\/1648f47e5e180daeaa9f15f2dd485bf5","name":"Daniel","image":{"@type":"ImageObject","inLanguage":"de","@id":"https:\/\/secure.gravatar.com\/avatar\/ef3cfcfe1a934ab692f6ac8a025998218be6f7edf0973bf6f01a1c8634236232?s=96&d=mm&r=g","url":"https:\/\/secure.gravatar.com\/avatar\/ef3cfcfe1a934ab692f6ac8a025998218be6f7edf0973bf6f01a1c8634236232?s=96&d=mm&r=g","contentUrl":"https:\/\/secure.gravatar.com\/avatar\/ef3cfcfe1a934ab692f6ac8a025998218be6f7edf0973bf6f01a1c8634236232?s=96&d=mm&r=g","caption":"Daniel"},"description":"Daniel absolvierte die Ausbildung f\u00fcr Ungediente 2023 in Rheinland-Pfalz und ist mittlerweile in der 5.\/HSchRgt 3 beordert. Er arbeitete als Reservistendienstleistender in einer Projektgruppe des Territorialen F\u00fchrungskommandos der Bundeswehr und engagiert sich als einer von zwei Beauftragten der Landesgruppe Baden-W\u00fcrttemberg des Verbandes der Reservisten der Deutschen Bundeswehr f\u00fcr die Ausbildung Ungediente. 2025 wurde er Vorsitzender der Reservistenarbeitsgemeinschaft Drohne MO. Daniel ist verheiratet und Vater von drei T\u00f6chtern.","sameAs":["https:\/\/facebook.com\/fuchs52y"]}]}},"_links":{"self":[{"href":"https:\/\/ungedient.de\/blog\/wp-json\/wp\/v2\/posts\/3514","targetHints":{"allow":["GET"]}}],"collection":[{"href":"https:\/\/ungedient.de\/blog\/wp-json\/wp\/v2\/posts"}],"about":[{"href":"https:\/\/ungedient.de\/blog\/wp-json\/wp\/v2\/types\/post"}],"author":[{"embeddable":true,"href":"https:\/\/ungedient.de\/blog\/wp-json\/wp\/v2\/users\/1"}],"replies":[{"embeddable":true,"href":"https:\/\/ungedient.de\/blog\/wp-json\/wp\/v2\/comments?post=3514"}],"version-history":[{"count":0,"href":"https:\/\/ungedient.de\/blog\/wp-json\/wp\/v2\/posts\/3514\/revisions"}],"wp:featuredmedia":[{"embeddable":true,"href":"https:\/\/ungedient.de\/blog\/wp-json\/wp\/v2\/media\/3516"}],"wp:attachment":[{"href":"https:\/\/ungedient.de\/blog\/wp-json\/wp\/v2\/media?parent=3514"}],"wp:term":[{"taxonomy":"category","embeddable":true,"href":"https:\/\/ungedient.de\/blog\/wp-json\/wp\/v2\/categories?post=3514"},{"taxonomy":"post_tag","embeddable":true,"href":"https:\/\/ungedient.de\/blog\/wp-json\/wp\/v2\/tags?post=3514"}],"curies":[{"name":"wp","href":"https:\/\/api.w.org\/{rel}","templated":true}]}}