{"id":3844,"date":"2024-05-17T17:34:24","date_gmt":"2024-05-17T15:34:24","guid":{"rendered":"https:\/\/ungedient.de\/blog\/?p=3844"},"modified":"2024-05-27T10:55:25","modified_gmt":"2024-05-27T08:55:25","slug":"nachgefragt-oberst-schreiber","status":"publish","type":"post","link":"https:\/\/ungedient.de\/blog\/neuigkeiten\/nachgefragt-oberst-schreiber\/","title":{"rendered":"Nachgefragt bei Oberst Schreiber"},"content":{"rendered":"<div class=\"wpb-content-wrapper\">[vc_row][vc_column width=&#8220;1\/2&#8243;][vc_column_text css=&#8220;&#8220;]In einem Interview f\u00fcr <a href=\"https:\/\/www.bundeswehr.de\/de\/aktuelles\/meldungen\/nachgefragt-heimatschutz-verteidigung-5783048\" target=\"_blank\" rel=\"noopener\">\u201eNachgefragt\u201c<\/a> hat Oberst Manfred Schreiber, Regimentskommandeur des Heimatschutzregiments 3 in Nienburg, \u00fcber die Bedeutung und die Aufgaben des Heimatschutzes in Deutschland gesprochen. Angesichts der aktuellen weltpolitischen Lage, insbesondere in der Ukraine und Israel, wird die Rolle der Reservekr\u00e4fte immer wichtiger. Doch was genau macht den Heimatschutz aus und welche F\u00e4higkeiten werden besonders ben\u00f6tigt?[\/vc_column_text][\/vc_column][vc_column width=&#8220;1\/2&#8243;][vc_video link=&#8220;https:\/\/youtu.be\/K-s6zXRDows&#8220; align=&#8220;right&#8220; css=&#8220;&#8220;][\/vc_column][\/vc_row][vc_row][vc_column][vc_tta_accordion active_section=&#8220;99&#8243; collapsible_all=&#8220;true&#8220;][vc_tta_section title=&#8220;Das Wichtigste auf einen Blick&#8220; tab_id=&#8220;1715958293383-15de2942-2c90&#8243;][vc_column_text css=&#8220;&#8220;]\n<ol>\n<li><strong>Bedeutung des Heimatschutzes<\/strong>:\n<ul>\n<li>Wichtigkeit der Reserve f\u00fcr Landesverteidigung (Beispiele: Ukraine, Israel, Frankreich).<\/li>\n<li>Wiederaufbau der Reservestrukturen in Deutschland seit der Annexion der Krim durch Russland.<\/li>\n<li>Heimatschutzregimenter sollen verteidigungswichtige Infrastruktur sch\u00fctzen und im Katastrophenfall helfen.<\/li>\n<\/ul>\n<\/li>\n<li><strong>Drehscheibe Deutschland\/Europa<\/strong>:\n<ul>\n<li>Deutschland als Transitland f\u00fcr alliierte Truppen aufgrund seiner zentralen Lage und guten Infrastruktur.<\/li>\n<li>Heimatschutzkr\u00e4fte sollen diese Truppentransporte absichern.<\/li>\n<\/ul>\n<\/li>\n<li><strong>Aufbau der Heimatschutzregimenter<\/strong>:\n<ul>\n<li>Regimenter bestehen aus aktiven Soldaten und Reservisten.<\/li>\n<li>Drei Gruppen: aktive Soldaten, Heimatsch\u00fctzer seit 2013, und Ungediente seit 2020.<\/li>\n<li>Online- und Fernausbildung zur Vorbereitung der Rekruten.<\/li>\n<\/ul>\n<\/li>\n<li><strong>Reserve und Ausbildung<\/strong>:\n<ul>\n<li>Reservisten m\u00fcssen k\u00f6rperlich fit sein und eine Sicherheits\u00fcberpr\u00fcfung bestehen.<\/li>\n<li>Ausbildung erfolgt in Modulen, um Beruf und Familie zu ber\u00fccksichtigen.<\/li>\n<li>Gel\u00f6bnis als Abschluss der Ausbildung.<\/li>\n<\/ul>\n<\/li>\n<li><strong>Kapazit\u00e4ten und Planungen<\/strong>:\n<ul>\n<li>Geplante Zahl: 6.000 Heimatsch\u00fctzer, langfristig 120.000 Reservisten bis 2032.<\/li>\n<li>Reservisten sollen 14 Tage pro Jahr dienen, einige dienen bis zu 300 Tage.<\/li>\n<\/ul>\n<\/li>\n<li><strong>\u201eDein Jahr f\u00fcr Deutschland\u201c<\/strong>:\n<ul>\n<li>Initiative f\u00fcr einj\u00e4hrige Dienstleistung in der Bundeswehr.<\/li>\n<li>Zw\u00f6lf Monate Dienst, aufgeteilt in sieben Monate aktive Dienstzeit und f\u00fcnf Monate Reserve.<\/li>\n<\/ul>\n<\/li>\n<li><strong>Ben\u00f6tigte F\u00e4higkeiten<\/strong>:\n<ul>\n<li>Bedarf an spezifischen Qualifikationen wie Kraftfahrer und Pioniere.<\/li>\n<li>Adaptation der zivilen F\u00e4higkeiten in die milit\u00e4rische Verwendung.<\/li>\n<\/ul>\n<\/li>\n<li><strong>Einsatz im Heimatschutz<\/strong>:\n<ul>\n<li>Regionalit\u00e4tsprinzip: Heimatsch\u00fctzer werden m\u00f6glichst in ihrer Heimat eingesetzt.<\/li>\n<li>H\u00f6here Motivation durch Einsatz in vertrauter Umgebung.<\/li>\n<\/ul>\n<\/li>\n<li><strong>Reaktion der Bev\u00f6lkerung<\/strong>:\n<ul>\n<li>Positive Resonanz und Unterst\u00fctzung f\u00fcr die Bundeswehr.<\/li>\n<li>Wichtigkeit bewusster Entscheidung f\u00fcr den Dienst unabh\u00e4ngig von Krisen.<\/li>\n<\/ul>\n<\/li>\n<li><strong>\u00dcbung National Guardian<\/strong>:\n<ul>\n<li>\u00dcbung zur Absicherung von Infrastrukturen und Truppenteilen.<\/li>\n<li>Zusammenarbeit mit zivilen Organisationen wie Polizei, THW und Rotem Kreuz.<\/li>\n<\/ul>\n<\/li>\n<li><strong>Krisenfall und Alarmierung<\/strong>:\n<ul>\n<li>Parlament entscheidet \u00fcber Verteidigungsfall.<\/li>\n<li>Gesetze regeln die Alarmierung und Einberufung.<\/li>\n<\/ul>\n<\/li>\n<li><strong>Zukunftsw\u00fcnsche f\u00fcr den Heimatschutz<\/strong>:\n<ul>\n<li>Betonung auf Engagement f\u00fcr die Demokratie und das Land.<\/li>\n<li>Wichtigkeit von Menschen, die sich aktiv f\u00fcr ihre Heimat einsetzen.<\/li>\n<\/ul>\n<\/li>\n<li><strong>Kontakt und Engagement<\/strong>:\n<ul>\n<li>Interessenten k\u00f6nnen sich bei bundeswehrkarriere.de melden.<\/li>\n<li>Sicherheits\u00fcberpr\u00fcfung und Musterung notwendig f\u00fcr die Aufnahme in Heimatschutzregimenter.<\/li>\n<\/ul>\n<\/li>\n<\/ol>\n[\/vc_column_text][\/vc_tta_section][vc_tta_section title=&#8220;Zusammenfassung des Interviews&#8220; tab_id=&#8220;1715958293388-c35aab5e-3652&#8243;][vc_column_text css=&#8220;&#8220;]\n<h3>Die Wiedergeburt des Heimatschutzes<\/h3>\n<p>Nach der Wende wurden viele Reservestrukturen in Deutschland aufgel\u00f6st. Erst die Annexion der Krim durch Russland f\u00fchrte zu einem Umdenken und der Entscheidung, diese Strukturen wieder aufzubauen. Heute besteht der Heimatschutz aus sechs Regimentern mit rund 6.000 M\u00e4nnern und Frauen, die daf\u00fcr ausgebildet sind, verteidigungswichtige Infrastruktur zu sch\u00fctzen und im Katastrophenfall Hilfe zu leisten.<\/p>\n<h3>Drehscheibe Deutschland: Zentral f\u00fcr die B\u00fcndnisverteidigung<\/h3>\n<p>Deutschland spielt eine zentrale Rolle als Transitland f\u00fcr alliierte Truppen. Dank seiner Lage und Infrastruktur (See- und Flugh\u00e4fen, Autobahnen und Bahnnetz) wird es zur \u201eDrehscheibe Europa\u201c. Heimatsch\u00fctzer sichern diese Transporte ab und gew\u00e4hrleisten die reibungslose Bewegung von Truppen durch unser Land.<\/p>\n<h3>Der Aufbau der Heimatschutzregimenter<\/h3>\n<p>Ein Heimatschutzregiment besteht aus verschiedenen Gruppen: aktive Soldaten, Heimatsch\u00fctzer aus den regionalen Sicherungs- und Unterst\u00fctzungskompanien und Ungediente. Die Ungedienten, die seit 2020 in die Bundeswehr aufgenommen werden, durchlaufen eine strenge Eignungspr\u00fcfung und eine Sicherheits\u00fcberpr\u00fcfung durch den Milit\u00e4rischen Abschirmdienst.<\/p>\n<h3>Flexibilit\u00e4t in der Ausbildung<\/h3>\n<p>Um den Bed\u00fcrfnissen von Beruf und Familie gerecht zu werden, erfolgt die Ausbildung der Ungedienten modular. Statt durchgehender Trainings von mehreren Wochen, sind die Module flexibel gestaltet, um eine bessere Vereinbarkeit zu erm\u00f6glichen. Diese Methode sorgt daf\u00fcr, dass die Rekruten die Bundeswehr kennenlernen und auf ihren Dienst vorbereitet werden, ohne ihre zivilen Verpflichtungen zu vernachl\u00e4ssigen.<\/p>\n<h3>Dein Jahr f\u00fcr Deutschland<\/h3>\n<p>Das Programm \u201eDein Jahr f\u00fcr Deutschland\u201c bietet jungen Menschen die M\u00f6glichkeit, zw\u00f6lf Monate in der Bundeswehr zu dienen. Nach einer siebenmonatigen aktiven Dienstzeit, verpflichten sie sich, f\u00fcr weitere f\u00fcnf Monate in der Reserve zu dienen. Dieses Modell f\u00f6rdert die Bereitschaft und Bindung der Teilnehmenden an die Bundeswehr.<\/p>\n<h3>Einsatzbereitschaft und regionale Verwurzelung<\/h3>\n<p>Heimatsch\u00fctzer werden bevorzugt in ihrer Heimatregion eingesetzt. Dieses Regionalit\u00e4tsprinzip st\u00e4rkt die Motivation, da die Soldaten ihre vertraute Umgebung sch\u00fctzen. Zudem sorgt es f\u00fcr eine bessere lokale Vernetzung und Zusammenarbeit mit zivilen Organisationen wie Polizei, THW und Rotem Kreuz. (Anm. d. Red.:\u00a0<a href=\"https:\/\/ungedient.de\/blog\/reserve\/heimatnah-im-heimatschutz\/\">Heimatnah im Heimatschutz?<\/a>)<\/p>\n<h3>Perspektiven und Herausforderungen<\/h3>\n<p>Obwohl die Zahl von 6.000 Heimatsch\u00fctzern ein Anfang ist, plant die Bundeswehr bis 2032 auf 120.000 Reservisten zu wachsen. Die Integration der Ungedienten und die Flexibilit\u00e4t in der Ausbildung sind Schl\u00fcsselkomponenten, um dieses Ziel zu erreichen. Oberst Schreiber betont, dass eine wehrhafte Demokratie auf Menschen angewiesen ist, die bereit sind, sich f\u00fcr ihr Land einzusetzen. (Anm. d. Red.:\u00a0<a href=\"https:\/\/ungedient.de\/blog\/reserve\/geschrieben-mit-herzblut\/\">Geschrieben mit Herzblut\u2026<\/a>)[\/vc_column_text][\/vc_tta_section][\/vc_tta_accordion][\/vc_column][\/vc_row][vc_row][vc_column][vc_column_text css=&#8220;&#8220;]\n<h3>Fazit<\/h3>\n<p>Das Interview mit Oberst Schreiber gibt einen guten Einblick in die aktuellen Entwicklungen und Herausforderungen des Heimatschutzes in Deutschland. Die Kombination aus flexibler Ausbildung, regionaler Verwurzelung und dem Engagement der Reservisten zeigt, wie wichtig der Heimatschutz f\u00fcr die Verteidigung und den Katastrophenschutz unseres Landes ist.<\/p>\n<p>Es sei die <strong>Anmerkung<\/strong> gestattet, dass der Verweis auf die Website <em>&#8222;Bundeswehr Karriere&#8220;<\/em> zumindest f\u00fcr Ungediente eine <em>bittere Sackgasse<\/em> ist. (Wer sich hingegen f\u00fcr <a href=\"https:\/\/www.bundeswehrkarriere.de\/freiwilliger-wehrdienst-im-heimatschutz-dein-jahr-fuer-deutschland-360\" target=\"_blank\" rel=\"noopener\">FWD (&#8222;Dein Jahr f\u00fcr Deutschland&#8220;)<\/a> interessiert wird f\u00fcndig.) Ich m\u00f6chte daher interessierten Ungedienten die weitere Infos w\u00fcnschen oder sich bewerben m\u00f6chten die Projektgruppe <a href=\"https:\/\/ungedient.de\/blog\/reserve\/fast-lane-fuer-bewerber\/\">antreten.jetzt<\/a> erneut ans Herz legen&#8230; F\u00fcr Interessenten aus dem Norden Deutschlands bietet der Internetauftritt <a href=\"https:\/\/kameraden-in-norddeutschland.de\/\" target=\"_blank\" rel=\"noopener\">&#8222;Kameraden in Norddeutschland&#8220;<\/a> eine Anlaufstelle \u2013 hier steht Herr Oberst Schreiber sogar im Impressum. Er wei\u00df also nur zu gut, welche Wege wirklich funktionieren\u2026 \ud83d\ude09<\/p>\n<p>Ich finde es beachtlich, dass das Interview innerhalb weniger Stunden auf 10.000 Views gekommen ist. Dies zeigt, dass das Thema interessierte B\u00fcrgerinnen und B\u00fcrger bewegt und macht Hoffnung, dass das <a href=\"https:\/\/ungedient.de\/blog\/reserve\/bundeswehr-der-zeitenwende\/\" target=\"_blank\" rel=\"noopener\">Umdenken<\/a> so langsam in der Gesellschaft \u2013 und auch in der Politik \u2013 ankommt.[\/vc_column_text][\/vc_column][\/vc_row]\n\r\n\t\t\t<div id=\"daexthefu-container\"\r\n\t\t\t\tclass=\"daexthefu-container daexthefu-layout-stacked daexthefu-alignment-center\"\r\n\t\t\t\tdata-post-id=\"3844\">\r\n\r\n\t\t\t\t<div class=\"daexthefu-feedback\">\r\n\t\t\t\t\t<div class=\"daexthefu-text\">\r\n\t\t\t\t\t\t<h3 class=\"daexthefu-title\">War dieser Artikel f\u00fcr dich hilfreich?<\/h3>\r\n\t\t\t\t\t<\/div>\r\n\t\t\t\t\t<div class=\"daexthefu-buttons-container\">\r\n\t\t\t\t\t\t<div class=\"daexthefu-buttons\">\r\n\t\t\t\t\t\t\t\r\n\t\t\t<div class=\"daexthefu-yes daexthefu-button daexthefu-button-type-icon\" data-value=\"1\">\r\n\t\t\t\t\r\n                <svg>\r\n                    <defs>\r\n                        <style>.thumb-up-cls-1{fill:#c9c9c9;}.thumb-up-cls-2{fill:#e1e1e1;}.thumb-up-cls-3{fill:#676767;}<\/style>\r\n                    <\/defs>\r\n                    <g id=\"thumb_up\">\r\n                        <path class=\"thumb-up-cls-2 daexthefu-icon-circle\" d=\"m24,3c11.58,0,21,9.42,21,21s-9.42,21-21,21S3,35.58,3,24,12.42,3,24,3m0-1C11.85,2,2,11.85,2,24s9.85,22,22,22,22-9.85,22-22S36.15,2,24,2h0Z\" \/>\r\n                        <g>\r\n                            <rect class=\"thumb-up-cls-3 daexthefu-icon-secondary-color\" x=\"10\" y=\"20\" width=\"6\" height=\"15\" rx=\"1.5\" ry=\"1.5\" \/>\r\n                            <path class=\"thumb-up-cls-1 daexthefu-icon-primary-color\" d=\"m30.57,9.06l-.49-.1c-.81-.17-1.61.35-1.78,1.16l-5.3,11.74c-.17.81,3.16,1.61,3.97,1.78l1.96.41c.81.17,1.61-.35,1.78-1.16l2.18-10.27c.34-1.61-.7-3.21-2.31-3.56Z\" \/>\r\n                            <path class=\"thumb-up-cls-1 daexthefu-icon-primary-color\" d=\"m38.17,20h-18.67c-.83,0-1.5.67-1.5,1.5v12c0,.83.67,1.5,1.5,1.5h16.27c.71,0,1.33-.5,1.47-1.21l2.4-12c.19-.93-.53-1.8-1.47-1.8Z\" \/>\r\n                        <\/g>\r\n                    <\/g>\r\n                <\/svg>\t\t\t<\/div>\r\n\r\n\t\t\t\t\t\t\t\t\t\t\r\n\t\t\t<div class=\"daexthefu-no daexthefu-button daexthefu-button-type-icon\" data-value=\"0\">\r\n\t\t\t\t\r\n                <svg>\r\n                    <defs>\r\n                        <style>.thumb-down-cls-1{fill:#c9c9c9;}.thumb-down-cls-2{fill:#e1e1e1;}.thumb-down-cls-3{fill:#676767;}<\/style>\r\n                    <\/defs>\r\n                    <g id=\"thumb_down\">\r\n                        <path class=\"thumb-down-cls-2 daexthefu-icon-circle\" d=\"m24,3c11.58,0,21,9.42,21,21s-9.42,21-21,21S3,35.58,3,24,12.42,3,24,3m0-1C11.85,2,2,11.85,2,24s9.85,22,22,22,22-9.85,22-22S36.15,2,24,2h0Z\" \/>\r\n                        <g>\r\n                            <rect class=\"thumb-down-cls-3 daexthefu-icon-secondary-color\" x=\"10\" y=\"13\" width=\"6\" height=\"15\" rx=\"1.5\" ry=\"1.5\" \/>\r\n                            <path class=\"thumb-down-cls-1 daexthefu-icon-primary-color\" d=\"m30.57,38.94l-.49.1c-.81.17-1.61-.35-1.78-1.16l-5.3-11.74c-.17-.81,3.16-1.61,3.97-1.78l1.96-.41c.81-.17,1.61.35,1.78,1.16l2.18,10.27c.34,1.61-.7,3.21-2.31,3.56Z\" \/>\r\n                            <path class=\"thumb-down-cls-1 daexthefu-icon-primary-color\" d=\"m38.17,28h-18.67c-.83,0-1.5-.67-1.5-1.5v-12c0-.83.67-1.5,1.5-1.5h16.27c.71,0,1.33.5,1.47,1.21l2.4,12c.19.93-.53,1.8-1.47,1.8Z\" \/>\r\n                        <\/g>\r\n                    <\/g>\r\n                <\/svg>\t\t\t<\/div>\r\n\r\n\t\t\t\t\t\t\t\t\t<\/div>\r\n\t\t\t\t\t<\/div>\r\n\t\t\t\t<\/div>\r\n\r\n\t\t\t\t<div class=\"daexthefu-comment\">\r\n\t\t\t\t\t<div class=\"daexthefu-comment-top-container\">\r\n\t\t\t\t\t\t<label id=\"daexthefu-comment-label\" class=\"daexthefu-comment-label\"><\/label>\r\n\t\t\t\t\t\t\t\t\t\t\t\t\t<div class=\"daexthefu-comment-character-counter-container\">\r\n\t\t\t\t\t\t\t\t<div id=\"daexthefu-comment-character-counter-number\"\r\n\t\t\t\t\t\t\t\t\tclass=\"daexthefu-comment-character-counter-number\"><\/div>\r\n\t\t\t\t\t\t\t\t<div class=\"daexthefu-comment-character-counter-text\"><\/div>\r\n\t\t\t\t\t\t\t<\/div>\r\n\t\t\t\t\t\t\t\t\t\t\t<\/div>\r\n\t\t\t\t\t<textarea id=\"daexthefu-comment-textarea\" class=\"daexthefu-comment-textarea\"\r\n\t\t\t\t\t\t\t\tplaceholder=\"Dein Feedback\u2026\"\r\n\t\t\t\t\t\t\t\tmaxlength=\"\r\n\t\t\t\t\t\t\t\t500\t\t\t\t\t\t\t\t\t\"><\/textarea>\r\n\t\t\t\t\t<div class=\"daexthefu-comment-buttons-container\">\r\n\t\t\t\t\t\t<button class=\"daexthefu-comment-submit daexthefu-button\">senden<\/button>\r\n\t\t\t\t\t\t<button class=\"daexthefu-comment-cancel daexthefu-button\">abbrechen<\/button>\r\n\t\t\t\t\t<\/div>\r\n\t\t\t\t<\/div>\r\n\r\n\t\t\t\t<div class=\"daexthefu-successful-submission-text\">Vielen Dank!<\/div>\r\n\r\n\t\t\t<\/div>\r\n\r\n\t\t\t<\/div>","protected":false},"excerpt":{"rendered":"<p>Endlich befasst sich &#8222;Nachgefragt&#8220; intensiv mit dem Heimatschutz!<\/p>\n","protected":false},"author":1,"featured_media":3849,"comment_status":"open","ping_status":"open","sticky":false,"template":"","format":"status","meta":{"_helpful_status":1,"inline_featured_image":false,"footnotes":""},"categories":[21],"tags":[25,27,43,241,270],"class_list":["post-3844","post","type-post","status-publish","format-status","has-post-thumbnail","hentry","category-neuigkeiten","tag-presse","tag-nachgefragt","tag-ungedient","tag-heimatschutz","tag-schreiber","post_format-post-format-status"],"acf":[],"yoast_head":"<!-- This site is optimized with the Yoast SEO plugin v27.5 - https:\/\/yoast.com\/product\/yoast-seo-wordpress\/ -->\n<title>Nachgefragt bei Oberst Schreiber &#8226; UNgedient.<\/title>\n<meta name=\"robots\" content=\"index, follow, max-snippet:-1, max-image-preview:large, max-video-preview:-1\" \/>\n<link rel=\"canonical\" href=\"https:\/\/ungedient.de\/blog\/neuigkeiten\/nachgefragt-oberst-schreiber\/\" \/>\n<meta property=\"og:locale\" content=\"de_DE\" \/>\n<meta property=\"og:type\" content=\"article\" \/>\n<meta property=\"og:title\" content=\"Nachgefragt bei Oberst Schreiber &#8226; UNgedient.\" \/>\n<meta property=\"og:description\" content=\"Endlich befasst sich &quot;Nachgefragt&quot; intensiv mit dem Heimatschutz!\" \/>\n<meta property=\"og:url\" content=\"https:\/\/ungedient.de\/blog\/neuigkeiten\/nachgefragt-oberst-schreiber\/\" \/>\n<meta property=\"og:site_name\" content=\"UNgedient.\" \/>\n<meta property=\"article:publisher\" content=\"https:\/\/www.facebook.com\/fuchs52y\" \/>\n<meta property=\"article:author\" content=\"https:\/\/facebook.com\/fuchs52y\" \/>\n<meta property=\"article:published_time\" content=\"2024-05-17T15:34:24+00:00\" \/>\n<meta property=\"article:modified_time\" content=\"2024-05-27T08:55:25+00:00\" \/>\n<meta property=\"og:image\" content=\"https:\/\/ungedient.de\/blog\/wp-content\/uploads\/2024\/05\/schreiber_interview-nachgefragt.jpg\" \/>\n\t<meta property=\"og:image:width\" content=\"950\" \/>\n\t<meta property=\"og:image:height\" content=\"500\" \/>\n\t<meta property=\"og:image:type\" content=\"image\/jpeg\" \/>\n<meta name=\"author\" content=\"Daniel\" \/>\n<meta name=\"twitter:card\" content=\"summary_large_image\" \/>\n<meta name=\"twitter:label1\" content=\"Verfasst von\" \/>\n\t<meta name=\"twitter:data1\" content=\"Daniel\" \/>\n\t<meta name=\"twitter:label2\" content=\"Gesch\u00e4tzte Lesezeit\" \/>\n\t<meta name=\"twitter:data2\" content=\"6\u00a0Minuten\" \/>\n<script type=\"application\/ld+json\" class=\"yoast-schema-graph\">{\"@context\":\"https:\\\/\\\/schema.org\",\"@graph\":[{\"@type\":\"Article\",\"@id\":\"https:\\\/\\\/ungedient.de\\\/blog\\\/neuigkeiten\\\/nachgefragt-oberst-schreiber\\\/#article\",\"isPartOf\":{\"@id\":\"https:\\\/\\\/ungedient.de\\\/blog\\\/neuigkeiten\\\/nachgefragt-oberst-schreiber\\\/\"},\"author\":{\"name\":\"Daniel\",\"@id\":\"https:\\\/\\\/ungedient.de\\\/blog\\\/#\\\/schema\\\/person\\\/1648f47e5e180daeaa9f15f2dd485bf5\"},\"headline\":\"Nachgefragt bei Oberst Schreiber\",\"datePublished\":\"2024-05-17T15:34:24+00:00\",\"dateModified\":\"2024-05-27T08:55:25+00:00\",\"mainEntityOfPage\":{\"@id\":\"https:\\\/\\\/ungedient.de\\\/blog\\\/neuigkeiten\\\/nachgefragt-oberst-schreiber\\\/\"},\"wordCount\":1083,\"commentCount\":1,\"publisher\":{\"@id\":\"https:\\\/\\\/ungedient.de\\\/blog\\\/#organization\"},\"image\":{\"@id\":\"https:\\\/\\\/ungedient.de\\\/blog\\\/neuigkeiten\\\/nachgefragt-oberst-schreiber\\\/#primaryimage\"},\"thumbnailUrl\":\"https:\\\/\\\/ungedient.de\\\/blog\\\/wp-content\\\/uploads\\\/2024\\\/05\\\/schreiber_interview-nachgefragt.jpg\",\"keywords\":[\"presse\",\"nachgefragt\",\"ungedient\",\"heimatschutz\",\"schreiber\"],\"articleSection\":[\"Notizen\"],\"inLanguage\":\"de\",\"potentialAction\":[{\"@type\":\"CommentAction\",\"name\":\"Comment\",\"target\":[\"https:\\\/\\\/ungedient.de\\\/blog\\\/neuigkeiten\\\/nachgefragt-oberst-schreiber\\\/#respond\"]}]},{\"@type\":\"WebPage\",\"@id\":\"https:\\\/\\\/ungedient.de\\\/blog\\\/neuigkeiten\\\/nachgefragt-oberst-schreiber\\\/\",\"url\":\"https:\\\/\\\/ungedient.de\\\/blog\\\/neuigkeiten\\\/nachgefragt-oberst-schreiber\\\/\",\"name\":\"Nachgefragt bei Oberst Schreiber &#8226; UNgedient.\",\"isPartOf\":{\"@id\":\"https:\\\/\\\/ungedient.de\\\/blog\\\/#website\"},\"primaryImageOfPage\":{\"@id\":\"https:\\\/\\\/ungedient.de\\\/blog\\\/neuigkeiten\\\/nachgefragt-oberst-schreiber\\\/#primaryimage\"},\"image\":{\"@id\":\"https:\\\/\\\/ungedient.de\\\/blog\\\/neuigkeiten\\\/nachgefragt-oberst-schreiber\\\/#primaryimage\"},\"thumbnailUrl\":\"https:\\\/\\\/ungedient.de\\\/blog\\\/wp-content\\\/uploads\\\/2024\\\/05\\\/schreiber_interview-nachgefragt.jpg\",\"datePublished\":\"2024-05-17T15:34:24+00:00\",\"dateModified\":\"2024-05-27T08:55:25+00:00\",\"breadcrumb\":{\"@id\":\"https:\\\/\\\/ungedient.de\\\/blog\\\/neuigkeiten\\\/nachgefragt-oberst-schreiber\\\/#breadcrumb\"},\"inLanguage\":\"de\",\"potentialAction\":[{\"@type\":\"ReadAction\",\"target\":[\"https:\\\/\\\/ungedient.de\\\/blog\\\/neuigkeiten\\\/nachgefragt-oberst-schreiber\\\/\"]}]},{\"@type\":\"ImageObject\",\"inLanguage\":\"de\",\"@id\":\"https:\\\/\\\/ungedient.de\\\/blog\\\/neuigkeiten\\\/nachgefragt-oberst-schreiber\\\/#primaryimage\",\"url\":\"https:\\\/\\\/ungedient.de\\\/blog\\\/wp-content\\\/uploads\\\/2024\\\/05\\\/schreiber_interview-nachgefragt.jpg\",\"contentUrl\":\"https:\\\/\\\/ungedient.de\\\/blog\\\/wp-content\\\/uploads\\\/2024\\\/05\\\/schreiber_interview-nachgefragt.jpg\",\"width\":950,\"height\":500},{\"@type\":\"BreadcrumbList\",\"@id\":\"https:\\\/\\\/ungedient.de\\\/blog\\\/neuigkeiten\\\/nachgefragt-oberst-schreiber\\\/#breadcrumb\",\"itemListElement\":[{\"@type\":\"ListItem\",\"position\":1,\"name\":\"Startseite\",\"item\":\"https:\\\/\\\/ungedient.de\\\/blog\\\/\"},{\"@type\":\"ListItem\",\"position\":2,\"name\":\"Notizen\",\"item\":\"https:\\\/\\\/ungedient.de\\\/blog\\\/thema\\\/neuigkeiten\\\/\"},{\"@type\":\"ListItem\",\"position\":3,\"name\":\"Nachgefragt bei Oberst Schreiber\"}]},{\"@type\":\"WebSite\",\"@id\":\"https:\\\/\\\/ungedient.de\\\/blog\\\/#website\",\"url\":\"https:\\\/\\\/ungedient.de\\\/blog\\\/\",\"name\":\"UNgedient. Vom Ungedienten zur Bundeswehr.\",\"description\":\"Dein Weg in die Reserve der Bundeswehr\",\"publisher\":{\"@id\":\"https:\\\/\\\/ungedient.de\\\/blog\\\/#organization\"},\"alternateName\":\"Ausbildung f\u00fcr Ungediente\",\"potentialAction\":[{\"@type\":\"SearchAction\",\"target\":{\"@type\":\"EntryPoint\",\"urlTemplate\":\"https:\\\/\\\/ungedient.de\\\/blog\\\/?s={search_term_string}\"},\"query-input\":{\"@type\":\"PropertyValueSpecification\",\"valueRequired\":true,\"valueName\":\"search_term_string\"}}],\"inLanguage\":\"de\"},{\"@type\":\"Organization\",\"@id\":\"https:\\\/\\\/ungedient.de\\\/blog\\\/#organization\",\"name\":\"UNgedient. Vom Ungedienten zur Bundeswehr.\",\"alternateName\":\"Ausbildung Ungedienter zum Reservisten der Bundeswehr\",\"url\":\"https:\\\/\\\/ungedient.de\\\/blog\\\/\",\"logo\":{\"@type\":\"ImageObject\",\"inLanguage\":\"de\",\"@id\":\"https:\\\/\\\/ungedient.de\\\/blog\\\/#\\\/schema\\\/logo\\\/image\\\/\",\"url\":\"https:\\\/\\\/ungedient.de\\\/blog\\\/wp-content\\\/uploads\\\/2023\\\/03\\\/ungedient-favicon.jpg\",\"contentUrl\":\"https:\\\/\\\/ungedient.de\\\/blog\\\/wp-content\\\/uploads\\\/2023\\\/03\\\/ungedient-favicon.jpg\",\"width\":520,\"height\":520,\"caption\":\"UNgedient. Vom Ungedienten zur Bundeswehr.\"},\"image\":{\"@id\":\"https:\\\/\\\/ungedient.de\\\/blog\\\/#\\\/schema\\\/logo\\\/image\\\/\"},\"sameAs\":[\"https:\\\/\\\/www.facebook.com\\\/fuchs52y\"]},{\"@type\":\"Person\",\"@id\":\"https:\\\/\\\/ungedient.de\\\/blog\\\/#\\\/schema\\\/person\\\/1648f47e5e180daeaa9f15f2dd485bf5\",\"name\":\"Daniel\",\"image\":{\"@type\":\"ImageObject\",\"inLanguage\":\"de\",\"@id\":\"https:\\\/\\\/secure.gravatar.com\\\/avatar\\\/ef3cfcfe1a934ab692f6ac8a025998218be6f7edf0973bf6f01a1c8634236232?s=96&d=mm&r=g\",\"url\":\"https:\\\/\\\/secure.gravatar.com\\\/avatar\\\/ef3cfcfe1a934ab692f6ac8a025998218be6f7edf0973bf6f01a1c8634236232?s=96&d=mm&r=g\",\"contentUrl\":\"https:\\\/\\\/secure.gravatar.com\\\/avatar\\\/ef3cfcfe1a934ab692f6ac8a025998218be6f7edf0973bf6f01a1c8634236232?s=96&d=mm&r=g\",\"caption\":\"Daniel\"},\"description\":\"Daniel absolvierte die Ausbildung f\u00fcr Ungediente 2023 in Rheinland-Pfalz und ist mittlerweile in der 5.\\\/HSchRgt 3 beordert. Er arbeitete als Reservistendienstleistender in einer Projektgruppe des Territorialen F\u00fchrungskommandos der Bundeswehr und engagiert sich als einer von zwei Beauftragten der Landesgruppe Baden-W\u00fcrttemberg des Verbandes der Reservisten der Deutschen Bundeswehr f\u00fcr die Ausbildung Ungediente. 2025 wurde er Vorsitzender der Reservistenarbeitsgemeinschaft Drohne MO. Daniel ist verheiratet und Vater von drei T\u00f6chtern.\",\"sameAs\":[\"https:\\\/\\\/facebook.com\\\/fuchs52y\"]}]}<\/script>\n<!-- \/ Yoast SEO plugin. -->","yoast_head_json":{"title":"Nachgefragt bei Oberst Schreiber &#8226; UNgedient.","robots":{"index":"index","follow":"follow","max-snippet":"max-snippet:-1","max-image-preview":"max-image-preview:large","max-video-preview":"max-video-preview:-1"},"canonical":"https:\/\/ungedient.de\/blog\/neuigkeiten\/nachgefragt-oberst-schreiber\/","og_locale":"de_DE","og_type":"article","og_title":"Nachgefragt bei Oberst Schreiber &#8226; UNgedient.","og_description":"Endlich befasst sich \"Nachgefragt\" intensiv mit dem Heimatschutz!","og_url":"https:\/\/ungedient.de\/blog\/neuigkeiten\/nachgefragt-oberst-schreiber\/","og_site_name":"UNgedient.","article_publisher":"https:\/\/www.facebook.com\/fuchs52y","article_author":"https:\/\/facebook.com\/fuchs52y","article_published_time":"2024-05-17T15:34:24+00:00","article_modified_time":"2024-05-27T08:55:25+00:00","og_image":[{"width":950,"height":500,"url":"https:\/\/ungedient.de\/blog\/wp-content\/uploads\/2024\/05\/schreiber_interview-nachgefragt.jpg","type":"image\/jpeg"}],"author":"Daniel","twitter_card":"summary_large_image","twitter_misc":{"Verfasst von":"Daniel","Gesch\u00e4tzte Lesezeit":"6\u00a0Minuten"},"schema":{"@context":"https:\/\/schema.org","@graph":[{"@type":"Article","@id":"https:\/\/ungedient.de\/blog\/neuigkeiten\/nachgefragt-oberst-schreiber\/#article","isPartOf":{"@id":"https:\/\/ungedient.de\/blog\/neuigkeiten\/nachgefragt-oberst-schreiber\/"},"author":{"name":"Daniel","@id":"https:\/\/ungedient.de\/blog\/#\/schema\/person\/1648f47e5e180daeaa9f15f2dd485bf5"},"headline":"Nachgefragt bei Oberst Schreiber","datePublished":"2024-05-17T15:34:24+00:00","dateModified":"2024-05-27T08:55:25+00:00","mainEntityOfPage":{"@id":"https:\/\/ungedient.de\/blog\/neuigkeiten\/nachgefragt-oberst-schreiber\/"},"wordCount":1083,"commentCount":1,"publisher":{"@id":"https:\/\/ungedient.de\/blog\/#organization"},"image":{"@id":"https:\/\/ungedient.de\/blog\/neuigkeiten\/nachgefragt-oberst-schreiber\/#primaryimage"},"thumbnailUrl":"https:\/\/ungedient.de\/blog\/wp-content\/uploads\/2024\/05\/schreiber_interview-nachgefragt.jpg","keywords":["presse","nachgefragt","ungedient","heimatschutz","schreiber"],"articleSection":["Notizen"],"inLanguage":"de","potentialAction":[{"@type":"CommentAction","name":"Comment","target":["https:\/\/ungedient.de\/blog\/neuigkeiten\/nachgefragt-oberst-schreiber\/#respond"]}]},{"@type":"WebPage","@id":"https:\/\/ungedient.de\/blog\/neuigkeiten\/nachgefragt-oberst-schreiber\/","url":"https:\/\/ungedient.de\/blog\/neuigkeiten\/nachgefragt-oberst-schreiber\/","name":"Nachgefragt bei Oberst Schreiber &#8226; UNgedient.","isPartOf":{"@id":"https:\/\/ungedient.de\/blog\/#website"},"primaryImageOfPage":{"@id":"https:\/\/ungedient.de\/blog\/neuigkeiten\/nachgefragt-oberst-schreiber\/#primaryimage"},"image":{"@id":"https:\/\/ungedient.de\/blog\/neuigkeiten\/nachgefragt-oberst-schreiber\/#primaryimage"},"thumbnailUrl":"https:\/\/ungedient.de\/blog\/wp-content\/uploads\/2024\/05\/schreiber_interview-nachgefragt.jpg","datePublished":"2024-05-17T15:34:24+00:00","dateModified":"2024-05-27T08:55:25+00:00","breadcrumb":{"@id":"https:\/\/ungedient.de\/blog\/neuigkeiten\/nachgefragt-oberst-schreiber\/#breadcrumb"},"inLanguage":"de","potentialAction":[{"@type":"ReadAction","target":["https:\/\/ungedient.de\/blog\/neuigkeiten\/nachgefragt-oberst-schreiber\/"]}]},{"@type":"ImageObject","inLanguage":"de","@id":"https:\/\/ungedient.de\/blog\/neuigkeiten\/nachgefragt-oberst-schreiber\/#primaryimage","url":"https:\/\/ungedient.de\/blog\/wp-content\/uploads\/2024\/05\/schreiber_interview-nachgefragt.jpg","contentUrl":"https:\/\/ungedient.de\/blog\/wp-content\/uploads\/2024\/05\/schreiber_interview-nachgefragt.jpg","width":950,"height":500},{"@type":"BreadcrumbList","@id":"https:\/\/ungedient.de\/blog\/neuigkeiten\/nachgefragt-oberst-schreiber\/#breadcrumb","itemListElement":[{"@type":"ListItem","position":1,"name":"Startseite","item":"https:\/\/ungedient.de\/blog\/"},{"@type":"ListItem","position":2,"name":"Notizen","item":"https:\/\/ungedient.de\/blog\/thema\/neuigkeiten\/"},{"@type":"ListItem","position":3,"name":"Nachgefragt bei Oberst Schreiber"}]},{"@type":"WebSite","@id":"https:\/\/ungedient.de\/blog\/#website","url":"https:\/\/ungedient.de\/blog\/","name":"UNgedient. Vom Ungedienten zur Bundeswehr.","description":"Dein Weg in die Reserve der Bundeswehr","publisher":{"@id":"https:\/\/ungedient.de\/blog\/#organization"},"alternateName":"Ausbildung f\u00fcr Ungediente","potentialAction":[{"@type":"SearchAction","target":{"@type":"EntryPoint","urlTemplate":"https:\/\/ungedient.de\/blog\/?s={search_term_string}"},"query-input":{"@type":"PropertyValueSpecification","valueRequired":true,"valueName":"search_term_string"}}],"inLanguage":"de"},{"@type":"Organization","@id":"https:\/\/ungedient.de\/blog\/#organization","name":"UNgedient. Vom Ungedienten zur Bundeswehr.","alternateName":"Ausbildung Ungedienter zum Reservisten der Bundeswehr","url":"https:\/\/ungedient.de\/blog\/","logo":{"@type":"ImageObject","inLanguage":"de","@id":"https:\/\/ungedient.de\/blog\/#\/schema\/logo\/image\/","url":"https:\/\/ungedient.de\/blog\/wp-content\/uploads\/2023\/03\/ungedient-favicon.jpg","contentUrl":"https:\/\/ungedient.de\/blog\/wp-content\/uploads\/2023\/03\/ungedient-favicon.jpg","width":520,"height":520,"caption":"UNgedient. Vom Ungedienten zur Bundeswehr."},"image":{"@id":"https:\/\/ungedient.de\/blog\/#\/schema\/logo\/image\/"},"sameAs":["https:\/\/www.facebook.com\/fuchs52y"]},{"@type":"Person","@id":"https:\/\/ungedient.de\/blog\/#\/schema\/person\/1648f47e5e180daeaa9f15f2dd485bf5","name":"Daniel","image":{"@type":"ImageObject","inLanguage":"de","@id":"https:\/\/secure.gravatar.com\/avatar\/ef3cfcfe1a934ab692f6ac8a025998218be6f7edf0973bf6f01a1c8634236232?s=96&d=mm&r=g","url":"https:\/\/secure.gravatar.com\/avatar\/ef3cfcfe1a934ab692f6ac8a025998218be6f7edf0973bf6f01a1c8634236232?s=96&d=mm&r=g","contentUrl":"https:\/\/secure.gravatar.com\/avatar\/ef3cfcfe1a934ab692f6ac8a025998218be6f7edf0973bf6f01a1c8634236232?s=96&d=mm&r=g","caption":"Daniel"},"description":"Daniel absolvierte die Ausbildung f\u00fcr Ungediente 2023 in Rheinland-Pfalz und ist mittlerweile in der 5.\/HSchRgt 3 beordert. Er arbeitete als Reservistendienstleistender in einer Projektgruppe des Territorialen F\u00fchrungskommandos der Bundeswehr und engagiert sich als einer von zwei Beauftragten der Landesgruppe Baden-W\u00fcrttemberg des Verbandes der Reservisten der Deutschen Bundeswehr f\u00fcr die Ausbildung Ungediente. 2025 wurde er Vorsitzender der Reservistenarbeitsgemeinschaft Drohne MO. Daniel ist verheiratet und Vater von drei T\u00f6chtern.","sameAs":["https:\/\/facebook.com\/fuchs52y"]}]}},"_links":{"self":[{"href":"https:\/\/ungedient.de\/blog\/wp-json\/wp\/v2\/posts\/3844","targetHints":{"allow":["GET"]}}],"collection":[{"href":"https:\/\/ungedient.de\/blog\/wp-json\/wp\/v2\/posts"}],"about":[{"href":"https:\/\/ungedient.de\/blog\/wp-json\/wp\/v2\/types\/post"}],"author":[{"embeddable":true,"href":"https:\/\/ungedient.de\/blog\/wp-json\/wp\/v2\/users\/1"}],"replies":[{"embeddable":true,"href":"https:\/\/ungedient.de\/blog\/wp-json\/wp\/v2\/comments?post=3844"}],"version-history":[{"count":0,"href":"https:\/\/ungedient.de\/blog\/wp-json\/wp\/v2\/posts\/3844\/revisions"}],"wp:featuredmedia":[{"embeddable":true,"href":"https:\/\/ungedient.de\/blog\/wp-json\/wp\/v2\/media\/3849"}],"wp:attachment":[{"href":"https:\/\/ungedient.de\/blog\/wp-json\/wp\/v2\/media?parent=3844"}],"wp:term":[{"taxonomy":"category","embeddable":true,"href":"https:\/\/ungedient.de\/blog\/wp-json\/wp\/v2\/categories?post=3844"},{"taxonomy":"post_tag","embeddable":true,"href":"https:\/\/ungedient.de\/blog\/wp-json\/wp\/v2\/tags?post=3844"}],"curies":[{"name":"wp","href":"https:\/\/api.w.org\/{rel}","templated":true}]}}