{"id":4565,"date":"2024-10-12T08:40:23","date_gmt":"2024-10-12T06:40:23","guid":{"rendered":"https:\/\/ungedient.de\/blog\/?p=4565"},"modified":"2024-10-29T11:37:20","modified_gmt":"2024-10-29T10:37:20","slug":"panzerjagd-in-der-heide","status":"publish","type":"post","link":"https:\/\/ungedient.de\/blog\/reserve\/panzerjagd-in-der-heide\/","title":{"rendered":"Panzerjagd in der Heide"},"content":{"rendered":"<div class=\"wpb-content-wrapper\">[vc_row][vc_column][vc_column_text css=&#8220;&#8220;]K\u00fcrzlich hatte ich die M\u00f6glichkeit, Teil einer intensiven Ausbildungswoche in Augustdorf und Sennelager zu sein. Das Thema: <strong>Panzervernichtungstrupp<\/strong> \u2013 Panzerfaust und Granatpistole (Grapi) wirken auf ein Hartziel.\u00a0Wir begannen mit einer umfassenden Einweisung in beide Waffensysteme, gefolgt von \u00dcbungssch\u00fcssen im AGSHP (Ausbildungsger\u00e4t Schie\u00dfsimulator Handwaffen\/Panzerabwehrhandwaffen). Das allein war schon interessant, aber der H\u00f6hepunkt war nat\u00fcrlich das <em>Gefechtsschie\u00dfen<\/em>. Dabei ging es nicht nur darum, aus der eigenen Stellung heraus zu wirken. Es war sehr dynamisch und auf ein realit\u00e4tsnahes Szenario ausgelegt.[\/vc_column_text][vc_empty_space height=&#8220;16px&#8220;][vc_video link=&#8220;https:\/\/youtu.be\/WtB_d3QA1xg&#8220; align=&#8220;center&#8220; css=&#8220;&#8220;][vc_empty_space height=&#8220;16px&#8220;][vc_column_text css=&#8220;&#8220;]\n<h4>Das Szenario: Patrouille und Panzerkontakt<\/h4>\n<p>Wir waren im <em>Widder<\/em> auf Patrouille, als pl\u00f6tzlich ein Funkspruch reinkam: Eine Drohne hat feindliche Panzer im Verantwortungsbereich aufgekl\u00e4rt. Sofort wurde in den Bereich verlegt und eine 360-Grad-Sicherung aufgebaut. Die Panzerfaust wurde vorbereitet, und wir bewegten uns in Y-Formation in Richtung der letzten Deckung. Was dann folgte, war ein Lehrst\u00fcck in koordinierter Panzervernichtung: der erste Schuss der Panzerfaust ging leider daneben, aber der zweite Treffer sa\u00df. Zwischenzeitlich hatten wir mit der Grapi ebenfalls Erfolg. W\u00e4hrend sich dichter Nebel ausbreitete, wichen wir aus, immer in Verbindung mit dem Deckungselement, das uns unterst\u00fctzte.<\/p>\n<p>Die Nachbereitung zeigte mir nochmal, wie wichtig die Details sind: schnelle Verlagerung in neue Positionen, Feuerschutz mit dem G36 und dabei den Feind (ausbootende Infanterie), immer in enger Abstimmung mit den Kameraden. Am Ende waren wir wieder am Widder und bereiteten uns auf weitere Infanteriekontakte vor.[\/vc_column_text][vc_single_image image=&#8220;4578&#8243; img_size=&#8220;full&#8220; add_caption=&#8220;yes&#8220; alignment=&#8220;center&#8220; style=&#8220;vc_box_shadow_3d&#8220; onclick=&#8220;link_image&#8220; css=&#8220;&#8220;][vc_column_text css=&#8220;&#8220;]Es war eine fordernde \u00dcbung, sowohl k\u00f6rperlich als auch mental. Ich war in einem der Rennen einer der beiden Panzerfaustsch\u00fctzen, und, wie es der Zufall wollte, war gerade in unserem Durchgang die Dienstaufsicht da \u2013 also wurde alles nochmal eine Spur intensiver. Unser Feldwebel, ein sehr erfahrener Soldat und toller Ausbilder, war entsprechend motiviert, uns richtig zu fordern.<\/p>\n<p>R\u00fcckblickend bin ich sehr dankbar, dass es nicht blo\u00df eine statische Schie\u00df\u00fcbung war. Durch den Wald zu rennen, auf den Knien zu robben und gleichzeitig die Panzerfaust in Stellung zu bringen, das war eine Herausforderung f\u00fcr sich. Die eigentliche Panzervernichtung war dann fast schon der leichteste Teil. Viel mehr war ich damit besch\u00e4ftigt, die Ausr\u00fcstung richtig zu handhaben, die Kommunikation mit den Kameraden aufrechtzuerhalten und mich an die taktischen Vorgaben zu halten.<\/p>\n<p>Was mir besonders gefallen hat, war der realistische Ansatz der \u00dcbung. Es war kein stumpfes &#8222;Schulschie\u00dfen&#8220;, sondern ein Szenario, das uns wirklich gefordert hat. Gleichzeitig hat es mir aber auch vor Augen gef\u00fchrt, wie viel noch zu lernen ist, um in solchen Situationen wirklich effizient zu sein. Und, wie k\u00f6nnte es anders sein: Die k\u00f6rperliche Fitness spielt dabei eine entscheidende Rolle. Wer denkt, dass Panzervernichtung eine leichte Aufgabe ist, sollte mal mit 20 kg Ausr\u00fcstung und unter Zeitdruck durch die Heide rennen![\/vc_column_text][vc_single_image image=&#8220;4580&#8243; img_size=&#8220;full&#8220; add_caption=&#8220;yes&#8220; alignment=&#8220;center&#8220; style=&#8220;vc_box_shadow_3d&#8220; onclick=&#8220;link_image&#8220; css=&#8220;&#8220;][vc_column_text css=&#8220;&#8220;]\n<h4>Die Pointe&#8230;<\/h4>\n<p>Diese Veranstaltung war eine Initiative des Reservistenverbandes. Dem Truppen\u00fcbungsplatz ging eine mehrstufige digitale Ausbildung voraus, bestehend aus Vortr\u00e4gen, einem E-Learning-Angebot und einer Simulation (Virtual Battle Space). Am besten fasst dies eigentlich das <a href=\"https:\/\/youtu.be\/WtB_d3QA1xg\">Video<\/a> zusammen. In auf <a href=\"https:\/\/www.reservistenverband.de\/wp-content\/uploads\/epaper-loyal_2024-10\/#75\" target=\"_blank\" rel=\"noopener\">Seite 75 der <em>loyal<\/em> Oktober-Ausgabe<\/a> kann man bereits einen kleinen Einblick vom \u00dcbungsvorhaben bekommen &#8211; ein umfangreicherer Artikel ist f\u00fcr die n\u00e4chste Ausgabe geplant.[\/vc_column_text][\/vc_column][\/vc_row][vc_row color=&#8220;&#8220; message_box_style=&#8220;solid&#8220; style=&#8220;rounded&#8220; message_box_color=&#8220;green&#8220; icon_type=&#8220;fontawesome&#8220; icon_fontawesome=&#8220;far fa-lightbulb&#8220; icon_monosocial=&#8220;vc-mono vc-mono-fivehundredpx&#8220; icon_openiconic=&#8220;&#8220; icon_typicons=&#8220;&#8220; icon_entypo=&#8220;&#8220; icon_linecons=&#8220;&#8220; icon_pixelicons=&#8220;&#8220;][vc_column][vc_message message_box_style=&#8220;solid&#8220; message_box_color=&#8220;green&#8220; icon_fontawesome=&#8220;far fa-lightbulb&#8220; css=&#8220;&#8220;]<strong>Mein Tipp<\/strong><br \/>\n\u00dcber <a href=\"https:\/\/ungedient.de\/blog\/reserve\/virtuelle-ausbildung\/\">DARes<\/a> (Digitale Ausbildung Reserve) und die <a href=\"https:\/\/rag-milsim.de\">RAG MilSim<\/a> habe ich bereits an der ein oder anderen Stelle berichtet. Beide Angebote des Reservistenverbandes sind \u00fcberregionale, digitale L\u00f6sungen, welche einen tollen Mehrwert bieten &#8211; auch f\u00fcr interessierte Ungediente.[\/vc_message][vc_single_image image=&#8220;4577&#8243; img_size=&#8220;full&#8220; add_caption=&#8220;yes&#8220; alignment=&#8220;center&#8220; style=&#8220;vc_box_shadow_3d&#8220; onclick=&#8220;link_image&#8220; css=&#8220;&#8220;][vc_single_image image=&#8220;4579&#8243; img_size=&#8220;full&#8220; add_caption=&#8220;yes&#8220; alignment=&#8220;center&#8220; style=&#8220;vc_box_shadow_3d&#8220; onclick=&#8220;link_image&#8220; css=&#8220;&#8220;][vc_message message_box_style=&#8220;solid&#8220; message_box_color=&#8220;grey&#8220; icon_fontawesome=&#8220;fas fa-image&#8220; css=&#8220;&#8220;]<strong>Titelbild<\/strong><br \/>\n\u00a9 Verband der Reservisten der Deutschen Bundes\u00adwehr e. V., eigene Montage<br \/>\n<strong>Fotos<\/strong><br \/>\n\u00a9 von mir, bis auf das von mir<br \/>\n<strong>Video<\/strong><br \/>\n\u00a9 Verband der Reservisten der Deutschen Bundes\u00adwehr e. V., Schnitt von mir[\/vc_message][\/vc_column][\/vc_row]\n\r\n\t\t\t<div id=\"daexthefu-container\"\r\n\t\t\t\tclass=\"daexthefu-container daexthefu-layout-stacked daexthefu-alignment-center\"\r\n\t\t\t\tdata-post-id=\"4565\">\r\n\r\n\t\t\t\t<div class=\"daexthefu-feedback\">\r\n\t\t\t\t\t<div class=\"daexthefu-text\">\r\n\t\t\t\t\t\t<h3 class=\"daexthefu-title\">War dieser Artikel f\u00fcr dich hilfreich?<\/h3>\r\n\t\t\t\t\t<\/div>\r\n\t\t\t\t\t<div class=\"daexthefu-buttons-container\">\r\n\t\t\t\t\t\t<div class=\"daexthefu-buttons\">\r\n\t\t\t\t\t\t\t\r\n\t\t\t<div class=\"daexthefu-yes daexthefu-button daexthefu-button-type-icon\" data-value=\"1\">\r\n\t\t\t\t\r\n                <svg>\r\n                    <defs>\r\n                        <style>.thumb-up-cls-1{fill:#c9c9c9;}.thumb-up-cls-2{fill:#e1e1e1;}.thumb-up-cls-3{fill:#676767;}<\/style>\r\n                    <\/defs>\r\n                    <g id=\"thumb_up\">\r\n                        <path class=\"thumb-up-cls-2 daexthefu-icon-circle\" d=\"m24,3c11.58,0,21,9.42,21,21s-9.42,21-21,21S3,35.58,3,24,12.42,3,24,3m0-1C11.85,2,2,11.85,2,24s9.85,22,22,22,22-9.85,22-22S36.15,2,24,2h0Z\" \/>\r\n                        <g>\r\n                            <rect class=\"thumb-up-cls-3 daexthefu-icon-secondary-color\" x=\"10\" y=\"20\" width=\"6\" height=\"15\" rx=\"1.5\" ry=\"1.5\" \/>\r\n                            <path class=\"thumb-up-cls-1 daexthefu-icon-primary-color\" d=\"m30.57,9.06l-.49-.1c-.81-.17-1.61.35-1.78,1.16l-5.3,11.74c-.17.81,3.16,1.61,3.97,1.78l1.96.41c.81.17,1.61-.35,1.78-1.16l2.18-10.27c.34-1.61-.7-3.21-2.31-3.56Z\" \/>\r\n                            <path class=\"thumb-up-cls-1 daexthefu-icon-primary-color\" d=\"m38.17,20h-18.67c-.83,0-1.5.67-1.5,1.5v12c0,.83.67,1.5,1.5,1.5h16.27c.71,0,1.33-.5,1.47-1.21l2.4-12c.19-.93-.53-1.8-1.47-1.8Z\" \/>\r\n                        <\/g>\r\n                    <\/g>\r\n                <\/svg>\t\t\t<\/div>\r\n\r\n\t\t\t\t\t\t\t\t\t\t\r\n\t\t\t<div class=\"daexthefu-no daexthefu-button daexthefu-button-type-icon\" data-value=\"0\">\r\n\t\t\t\t\r\n                <svg>\r\n                    <defs>\r\n                        <style>.thumb-down-cls-1{fill:#c9c9c9;}.thumb-down-cls-2{fill:#e1e1e1;}.thumb-down-cls-3{fill:#676767;}<\/style>\r\n                    <\/defs>\r\n                    <g id=\"thumb_down\">\r\n                        <path class=\"thumb-down-cls-2 daexthefu-icon-circle\" d=\"m24,3c11.58,0,21,9.42,21,21s-9.42,21-21,21S3,35.58,3,24,12.42,3,24,3m0-1C11.85,2,2,11.85,2,24s9.85,22,22,22,22-9.85,22-22S36.15,2,24,2h0Z\" \/>\r\n                        <g>\r\n                            <rect class=\"thumb-down-cls-3 daexthefu-icon-secondary-color\" x=\"10\" y=\"13\" width=\"6\" height=\"15\" rx=\"1.5\" ry=\"1.5\" \/>\r\n                            <path class=\"thumb-down-cls-1 daexthefu-icon-primary-color\" d=\"m30.57,38.94l-.49.1c-.81.17-1.61-.35-1.78-1.16l-5.3-11.74c-.17-.81,3.16-1.61,3.97-1.78l1.96-.41c.81-.17,1.61.35,1.78,1.16l2.18,10.27c.34,1.61-.7,3.21-2.31,3.56Z\" \/>\r\n                            <path class=\"thumb-down-cls-1 daexthefu-icon-primary-color\" d=\"m38.17,28h-18.67c-.83,0-1.5-.67-1.5-1.5v-12c0-.83.67-1.5,1.5-1.5h16.27c.71,0,1.33.5,1.47,1.21l2.4,12c.19.93-.53,1.8-1.47,1.8Z\" \/>\r\n                        <\/g>\r\n                    <\/g>\r\n                <\/svg>\t\t\t<\/div>\r\n\r\n\t\t\t\t\t\t\t\t\t<\/div>\r\n\t\t\t\t\t<\/div>\r\n\t\t\t\t<\/div>\r\n\r\n\t\t\t\t<div class=\"daexthefu-comment\">\r\n\t\t\t\t\t<div class=\"daexthefu-comment-top-container\">\r\n\t\t\t\t\t\t<label id=\"daexthefu-comment-label\" class=\"daexthefu-comment-label\"><\/label>\r\n\t\t\t\t\t\t\t\t\t\t\t\t\t<div class=\"daexthefu-comment-character-counter-container\">\r\n\t\t\t\t\t\t\t\t<div id=\"daexthefu-comment-character-counter-number\"\r\n\t\t\t\t\t\t\t\t\tclass=\"daexthefu-comment-character-counter-number\"><\/div>\r\n\t\t\t\t\t\t\t\t<div class=\"daexthefu-comment-character-counter-text\"><\/div>\r\n\t\t\t\t\t\t\t<\/div>\r\n\t\t\t\t\t\t\t\t\t\t\t<\/div>\r\n\t\t\t\t\t<textarea id=\"daexthefu-comment-textarea\" class=\"daexthefu-comment-textarea\"\r\n\t\t\t\t\t\t\t\tplaceholder=\"Dein Feedback\u2026\"\r\n\t\t\t\t\t\t\t\tmaxlength=\"\r\n\t\t\t\t\t\t\t\t500\t\t\t\t\t\t\t\t\t\"><\/textarea>\r\n\t\t\t\t\t<div class=\"daexthefu-comment-buttons-container\">\r\n\t\t\t\t\t\t<button class=\"daexthefu-comment-submit daexthefu-button\">senden<\/button>\r\n\t\t\t\t\t\t<button class=\"daexthefu-comment-cancel daexthefu-button\">abbrechen<\/button>\r\n\t\t\t\t\t<\/div>\r\n\t\t\t\t<\/div>\r\n\r\n\t\t\t\t<div class=\"daexthefu-successful-submission-text\">Vielen Dank!<\/div>\r\n\r\n\t\t\t<\/div>\r\n\r\n\t\t\t<\/div>","protected":false},"excerpt":{"rendered":"<p>Ausbildung und Gefechtsschie\u00dfen mit Panzerfaust und Grapi.<\/p>\n","protected":false},"author":1,"featured_media":4570,"comment_status":"open","ping_status":"open","sticky":false,"template":"","format":"status","meta":{"_helpful_status":1,"inline_featured_image":false,"footnotes":""},"categories":[20],"tags":[136,137,271,288,289],"class_list":["post-4565","post","type-post","status-publish","format-status","has-post-thumbnail","hentry","category-reserve","tag-milsim","tag-dares","tag-vdrbw","tag-panzerfaust","tag-truppenuebungsplatz","post_format-post-format-status"],"acf":[],"yoast_head":"<!-- This site is optimized with the Yoast SEO plugin v27.5 - https:\/\/yoast.com\/product\/yoast-seo-wordpress\/ -->\n<title>Panzerjagd in der Heide &#8226; UNgedient.<\/title>\n<meta name=\"robots\" content=\"index, follow, max-snippet:-1, max-image-preview:large, max-video-preview:-1\" \/>\n<link rel=\"canonical\" href=\"https:\/\/ungedient.de\/blog\/reserve\/panzerjagd-in-der-heide\/\" \/>\n<meta property=\"og:locale\" content=\"de_DE\" \/>\n<meta property=\"og:type\" content=\"article\" \/>\n<meta property=\"og:title\" content=\"Panzerjagd in der Heide &#8226; UNgedient.\" \/>\n<meta property=\"og:description\" content=\"Ausbildung und Gefechtsschie\u00dfen mit Panzerfaust und Grapi.\" \/>\n<meta property=\"og:url\" content=\"https:\/\/ungedient.de\/blog\/reserve\/panzerjagd-in-der-heide\/\" \/>\n<meta property=\"og:site_name\" content=\"UNgedient.\" \/>\n<meta property=\"article:publisher\" content=\"https:\/\/www.facebook.com\/fuchs52y\" \/>\n<meta property=\"article:author\" content=\"https:\/\/facebook.com\/fuchs52y\" \/>\n<meta property=\"article:published_time\" content=\"2024-10-12T06:40:23+00:00\" \/>\n<meta property=\"article:modified_time\" content=\"2024-10-29T10:37:20+00:00\" \/>\n<meta property=\"og:image\" content=\"https:\/\/ungedient.de\/blog\/wp-content\/uploads\/2024\/10\/dares-panzervernichtungstrupp.jpg\" \/>\n\t<meta property=\"og:image:width\" content=\"950\" \/>\n\t<meta property=\"og:image:height\" content=\"500\" \/>\n\t<meta property=\"og:image:type\" content=\"image\/jpeg\" \/>\n<meta name=\"author\" content=\"Daniel\" \/>\n<meta name=\"twitter:card\" content=\"summary_large_image\" \/>\n<meta name=\"twitter:label1\" content=\"Verfasst von\" \/>\n\t<meta name=\"twitter:data1\" content=\"Daniel\" \/>\n\t<meta name=\"twitter:label2\" content=\"Gesch\u00e4tzte Lesezeit\" \/>\n\t<meta name=\"twitter:data2\" content=\"5\u00a0Minuten\" \/>\n<script type=\"application\/ld+json\" class=\"yoast-schema-graph\">{\"@context\":\"https:\\\/\\\/schema.org\",\"@graph\":[{\"@type\":\"Article\",\"@id\":\"https:\\\/\\\/ungedient.de\\\/blog\\\/reserve\\\/panzerjagd-in-der-heide\\\/#article\",\"isPartOf\":{\"@id\":\"https:\\\/\\\/ungedient.de\\\/blog\\\/reserve\\\/panzerjagd-in-der-heide\\\/\"},\"author\":{\"name\":\"Daniel\",\"@id\":\"https:\\\/\\\/ungedient.de\\\/blog\\\/#\\\/schema\\\/person\\\/1648f47e5e180daeaa9f15f2dd485bf5\"},\"headline\":\"Panzerjagd in der Heide\",\"datePublished\":\"2024-10-12T06:40:23+00:00\",\"dateModified\":\"2024-10-29T10:37:20+00:00\",\"mainEntityOfPage\":{\"@id\":\"https:\\\/\\\/ungedient.de\\\/blog\\\/reserve\\\/panzerjagd-in-der-heide\\\/\"},\"wordCount\":817,\"commentCount\":0,\"publisher\":{\"@id\":\"https:\\\/\\\/ungedient.de\\\/blog\\\/#organization\"},\"image\":{\"@id\":\"https:\\\/\\\/ungedient.de\\\/blog\\\/reserve\\\/panzerjagd-in-der-heide\\\/#primaryimage\"},\"thumbnailUrl\":\"https:\\\/\\\/ungedient.de\\\/blog\\\/wp-content\\\/uploads\\\/2024\\\/10\\\/dares-panzervernichtungstrupp.jpg\",\"keywords\":[\"milsim\",\"dares\",\"vdrbw\",\"panzerfaust\",\"truppen\u00fcbungsplatz\"],\"articleSection\":[\"Reserve\"],\"inLanguage\":\"de\",\"potentialAction\":[{\"@type\":\"CommentAction\",\"name\":\"Comment\",\"target\":[\"https:\\\/\\\/ungedient.de\\\/blog\\\/reserve\\\/panzerjagd-in-der-heide\\\/#respond\"]}]},{\"@type\":\"WebPage\",\"@id\":\"https:\\\/\\\/ungedient.de\\\/blog\\\/reserve\\\/panzerjagd-in-der-heide\\\/\",\"url\":\"https:\\\/\\\/ungedient.de\\\/blog\\\/reserve\\\/panzerjagd-in-der-heide\\\/\",\"name\":\"Panzerjagd in der Heide &#8226; UNgedient.\",\"isPartOf\":{\"@id\":\"https:\\\/\\\/ungedient.de\\\/blog\\\/#website\"},\"primaryImageOfPage\":{\"@id\":\"https:\\\/\\\/ungedient.de\\\/blog\\\/reserve\\\/panzerjagd-in-der-heide\\\/#primaryimage\"},\"image\":{\"@id\":\"https:\\\/\\\/ungedient.de\\\/blog\\\/reserve\\\/panzerjagd-in-der-heide\\\/#primaryimage\"},\"thumbnailUrl\":\"https:\\\/\\\/ungedient.de\\\/blog\\\/wp-content\\\/uploads\\\/2024\\\/10\\\/dares-panzervernichtungstrupp.jpg\",\"datePublished\":\"2024-10-12T06:40:23+00:00\",\"dateModified\":\"2024-10-29T10:37:20+00:00\",\"breadcrumb\":{\"@id\":\"https:\\\/\\\/ungedient.de\\\/blog\\\/reserve\\\/panzerjagd-in-der-heide\\\/#breadcrumb\"},\"inLanguage\":\"de\",\"potentialAction\":[{\"@type\":\"ReadAction\",\"target\":[\"https:\\\/\\\/ungedient.de\\\/blog\\\/reserve\\\/panzerjagd-in-der-heide\\\/\"]}]},{\"@type\":\"ImageObject\",\"inLanguage\":\"de\",\"@id\":\"https:\\\/\\\/ungedient.de\\\/blog\\\/reserve\\\/panzerjagd-in-der-heide\\\/#primaryimage\",\"url\":\"https:\\\/\\\/ungedient.de\\\/blog\\\/wp-content\\\/uploads\\\/2024\\\/10\\\/dares-panzervernichtungstrupp.jpg\",\"contentUrl\":\"https:\\\/\\\/ungedient.de\\\/blog\\\/wp-content\\\/uploads\\\/2024\\\/10\\\/dares-panzervernichtungstrupp.jpg\",\"width\":950,\"height\":500},{\"@type\":\"BreadcrumbList\",\"@id\":\"https:\\\/\\\/ungedient.de\\\/blog\\\/reserve\\\/panzerjagd-in-der-heide\\\/#breadcrumb\",\"itemListElement\":[{\"@type\":\"ListItem\",\"position\":1,\"name\":\"Startseite\",\"item\":\"https:\\\/\\\/ungedient.de\\\/blog\\\/\"},{\"@type\":\"ListItem\",\"position\":2,\"name\":\"Reserve\",\"item\":\"https:\\\/\\\/ungedient.de\\\/blog\\\/thema\\\/reserve\\\/\"},{\"@type\":\"ListItem\",\"position\":3,\"name\":\"Panzerjagd in der Heide\"}]},{\"@type\":\"WebSite\",\"@id\":\"https:\\\/\\\/ungedient.de\\\/blog\\\/#website\",\"url\":\"https:\\\/\\\/ungedient.de\\\/blog\\\/\",\"name\":\"UNgedient. Vom Ungedienten zur Bundeswehr.\",\"description\":\"Dein Weg in die Reserve der Bundeswehr\",\"publisher\":{\"@id\":\"https:\\\/\\\/ungedient.de\\\/blog\\\/#organization\"},\"alternateName\":\"Ausbildung f\u00fcr Ungediente\",\"potentialAction\":[{\"@type\":\"SearchAction\",\"target\":{\"@type\":\"EntryPoint\",\"urlTemplate\":\"https:\\\/\\\/ungedient.de\\\/blog\\\/?s={search_term_string}\"},\"query-input\":{\"@type\":\"PropertyValueSpecification\",\"valueRequired\":true,\"valueName\":\"search_term_string\"}}],\"inLanguage\":\"de\"},{\"@type\":\"Organization\",\"@id\":\"https:\\\/\\\/ungedient.de\\\/blog\\\/#organization\",\"name\":\"UNgedient. Vom Ungedienten zur Bundeswehr.\",\"alternateName\":\"Ausbildung Ungedienter zum Reservisten der Bundeswehr\",\"url\":\"https:\\\/\\\/ungedient.de\\\/blog\\\/\",\"logo\":{\"@type\":\"ImageObject\",\"inLanguage\":\"de\",\"@id\":\"https:\\\/\\\/ungedient.de\\\/blog\\\/#\\\/schema\\\/logo\\\/image\\\/\",\"url\":\"https:\\\/\\\/ungedient.de\\\/blog\\\/wp-content\\\/uploads\\\/2023\\\/03\\\/ungedient-favicon.jpg\",\"contentUrl\":\"https:\\\/\\\/ungedient.de\\\/blog\\\/wp-content\\\/uploads\\\/2023\\\/03\\\/ungedient-favicon.jpg\",\"width\":520,\"height\":520,\"caption\":\"UNgedient. Vom Ungedienten zur Bundeswehr.\"},\"image\":{\"@id\":\"https:\\\/\\\/ungedient.de\\\/blog\\\/#\\\/schema\\\/logo\\\/image\\\/\"},\"sameAs\":[\"https:\\\/\\\/www.facebook.com\\\/fuchs52y\"]},{\"@type\":\"Person\",\"@id\":\"https:\\\/\\\/ungedient.de\\\/blog\\\/#\\\/schema\\\/person\\\/1648f47e5e180daeaa9f15f2dd485bf5\",\"name\":\"Daniel\",\"image\":{\"@type\":\"ImageObject\",\"inLanguage\":\"de\",\"@id\":\"https:\\\/\\\/secure.gravatar.com\\\/avatar\\\/ef3cfcfe1a934ab692f6ac8a025998218be6f7edf0973bf6f01a1c8634236232?s=96&d=mm&r=g\",\"url\":\"https:\\\/\\\/secure.gravatar.com\\\/avatar\\\/ef3cfcfe1a934ab692f6ac8a025998218be6f7edf0973bf6f01a1c8634236232?s=96&d=mm&r=g\",\"contentUrl\":\"https:\\\/\\\/secure.gravatar.com\\\/avatar\\\/ef3cfcfe1a934ab692f6ac8a025998218be6f7edf0973bf6f01a1c8634236232?s=96&d=mm&r=g\",\"caption\":\"Daniel\"},\"description\":\"Daniel absolvierte die Ausbildung f\u00fcr Ungediente 2023 in Rheinland-Pfalz und ist mittlerweile in der 5.\\\/HSchRgt 3 beordert. Er arbeitete als Reservistendienstleistender in einer Projektgruppe des Territorialen F\u00fchrungskommandos der Bundeswehr und engagiert sich als einer von zwei Beauftragten der Landesgruppe Baden-W\u00fcrttemberg des Verbandes der Reservisten der Deutschen Bundeswehr f\u00fcr die Ausbildung Ungediente. 2025 wurde er Vorsitzender der Reservistenarbeitsgemeinschaft Drohne MO. Daniel ist verheiratet und Vater von drei T\u00f6chtern.\",\"sameAs\":[\"https:\\\/\\\/facebook.com\\\/fuchs52y\"]}]}<\/script>\n<!-- \/ Yoast SEO plugin. -->","yoast_head_json":{"title":"Panzerjagd in der Heide &#8226; UNgedient.","robots":{"index":"index","follow":"follow","max-snippet":"max-snippet:-1","max-image-preview":"max-image-preview:large","max-video-preview":"max-video-preview:-1"},"canonical":"https:\/\/ungedient.de\/blog\/reserve\/panzerjagd-in-der-heide\/","og_locale":"de_DE","og_type":"article","og_title":"Panzerjagd in der Heide &#8226; UNgedient.","og_description":"Ausbildung und Gefechtsschie\u00dfen mit Panzerfaust und Grapi.","og_url":"https:\/\/ungedient.de\/blog\/reserve\/panzerjagd-in-der-heide\/","og_site_name":"UNgedient.","article_publisher":"https:\/\/www.facebook.com\/fuchs52y","article_author":"https:\/\/facebook.com\/fuchs52y","article_published_time":"2024-10-12T06:40:23+00:00","article_modified_time":"2024-10-29T10:37:20+00:00","og_image":[{"width":950,"height":500,"url":"https:\/\/ungedient.de\/blog\/wp-content\/uploads\/2024\/10\/dares-panzervernichtungstrupp.jpg","type":"image\/jpeg"}],"author":"Daniel","twitter_card":"summary_large_image","twitter_misc":{"Verfasst von":"Daniel","Gesch\u00e4tzte Lesezeit":"5\u00a0Minuten"},"schema":{"@context":"https:\/\/schema.org","@graph":[{"@type":"Article","@id":"https:\/\/ungedient.de\/blog\/reserve\/panzerjagd-in-der-heide\/#article","isPartOf":{"@id":"https:\/\/ungedient.de\/blog\/reserve\/panzerjagd-in-der-heide\/"},"author":{"name":"Daniel","@id":"https:\/\/ungedient.de\/blog\/#\/schema\/person\/1648f47e5e180daeaa9f15f2dd485bf5"},"headline":"Panzerjagd in der Heide","datePublished":"2024-10-12T06:40:23+00:00","dateModified":"2024-10-29T10:37:20+00:00","mainEntityOfPage":{"@id":"https:\/\/ungedient.de\/blog\/reserve\/panzerjagd-in-der-heide\/"},"wordCount":817,"commentCount":0,"publisher":{"@id":"https:\/\/ungedient.de\/blog\/#organization"},"image":{"@id":"https:\/\/ungedient.de\/blog\/reserve\/panzerjagd-in-der-heide\/#primaryimage"},"thumbnailUrl":"https:\/\/ungedient.de\/blog\/wp-content\/uploads\/2024\/10\/dares-panzervernichtungstrupp.jpg","keywords":["milsim","dares","vdrbw","panzerfaust","truppen\u00fcbungsplatz"],"articleSection":["Reserve"],"inLanguage":"de","potentialAction":[{"@type":"CommentAction","name":"Comment","target":["https:\/\/ungedient.de\/blog\/reserve\/panzerjagd-in-der-heide\/#respond"]}]},{"@type":"WebPage","@id":"https:\/\/ungedient.de\/blog\/reserve\/panzerjagd-in-der-heide\/","url":"https:\/\/ungedient.de\/blog\/reserve\/panzerjagd-in-der-heide\/","name":"Panzerjagd in der Heide &#8226; UNgedient.","isPartOf":{"@id":"https:\/\/ungedient.de\/blog\/#website"},"primaryImageOfPage":{"@id":"https:\/\/ungedient.de\/blog\/reserve\/panzerjagd-in-der-heide\/#primaryimage"},"image":{"@id":"https:\/\/ungedient.de\/blog\/reserve\/panzerjagd-in-der-heide\/#primaryimage"},"thumbnailUrl":"https:\/\/ungedient.de\/blog\/wp-content\/uploads\/2024\/10\/dares-panzervernichtungstrupp.jpg","datePublished":"2024-10-12T06:40:23+00:00","dateModified":"2024-10-29T10:37:20+00:00","breadcrumb":{"@id":"https:\/\/ungedient.de\/blog\/reserve\/panzerjagd-in-der-heide\/#breadcrumb"},"inLanguage":"de","potentialAction":[{"@type":"ReadAction","target":["https:\/\/ungedient.de\/blog\/reserve\/panzerjagd-in-der-heide\/"]}]},{"@type":"ImageObject","inLanguage":"de","@id":"https:\/\/ungedient.de\/blog\/reserve\/panzerjagd-in-der-heide\/#primaryimage","url":"https:\/\/ungedient.de\/blog\/wp-content\/uploads\/2024\/10\/dares-panzervernichtungstrupp.jpg","contentUrl":"https:\/\/ungedient.de\/blog\/wp-content\/uploads\/2024\/10\/dares-panzervernichtungstrupp.jpg","width":950,"height":500},{"@type":"BreadcrumbList","@id":"https:\/\/ungedient.de\/blog\/reserve\/panzerjagd-in-der-heide\/#breadcrumb","itemListElement":[{"@type":"ListItem","position":1,"name":"Startseite","item":"https:\/\/ungedient.de\/blog\/"},{"@type":"ListItem","position":2,"name":"Reserve","item":"https:\/\/ungedient.de\/blog\/thema\/reserve\/"},{"@type":"ListItem","position":3,"name":"Panzerjagd in der Heide"}]},{"@type":"WebSite","@id":"https:\/\/ungedient.de\/blog\/#website","url":"https:\/\/ungedient.de\/blog\/","name":"UNgedient. Vom Ungedienten zur Bundeswehr.","description":"Dein Weg in die Reserve der Bundeswehr","publisher":{"@id":"https:\/\/ungedient.de\/blog\/#organization"},"alternateName":"Ausbildung f\u00fcr Ungediente","potentialAction":[{"@type":"SearchAction","target":{"@type":"EntryPoint","urlTemplate":"https:\/\/ungedient.de\/blog\/?s={search_term_string}"},"query-input":{"@type":"PropertyValueSpecification","valueRequired":true,"valueName":"search_term_string"}}],"inLanguage":"de"},{"@type":"Organization","@id":"https:\/\/ungedient.de\/blog\/#organization","name":"UNgedient. Vom Ungedienten zur Bundeswehr.","alternateName":"Ausbildung Ungedienter zum Reservisten der Bundeswehr","url":"https:\/\/ungedient.de\/blog\/","logo":{"@type":"ImageObject","inLanguage":"de","@id":"https:\/\/ungedient.de\/blog\/#\/schema\/logo\/image\/","url":"https:\/\/ungedient.de\/blog\/wp-content\/uploads\/2023\/03\/ungedient-favicon.jpg","contentUrl":"https:\/\/ungedient.de\/blog\/wp-content\/uploads\/2023\/03\/ungedient-favicon.jpg","width":520,"height":520,"caption":"UNgedient. Vom Ungedienten zur Bundeswehr."},"image":{"@id":"https:\/\/ungedient.de\/blog\/#\/schema\/logo\/image\/"},"sameAs":["https:\/\/www.facebook.com\/fuchs52y"]},{"@type":"Person","@id":"https:\/\/ungedient.de\/blog\/#\/schema\/person\/1648f47e5e180daeaa9f15f2dd485bf5","name":"Daniel","image":{"@type":"ImageObject","inLanguage":"de","@id":"https:\/\/secure.gravatar.com\/avatar\/ef3cfcfe1a934ab692f6ac8a025998218be6f7edf0973bf6f01a1c8634236232?s=96&d=mm&r=g","url":"https:\/\/secure.gravatar.com\/avatar\/ef3cfcfe1a934ab692f6ac8a025998218be6f7edf0973bf6f01a1c8634236232?s=96&d=mm&r=g","contentUrl":"https:\/\/secure.gravatar.com\/avatar\/ef3cfcfe1a934ab692f6ac8a025998218be6f7edf0973bf6f01a1c8634236232?s=96&d=mm&r=g","caption":"Daniel"},"description":"Daniel absolvierte die Ausbildung f\u00fcr Ungediente 2023 in Rheinland-Pfalz und ist mittlerweile in der 5.\/HSchRgt 3 beordert. Er arbeitete als Reservistendienstleistender in einer Projektgruppe des Territorialen F\u00fchrungskommandos der Bundeswehr und engagiert sich als einer von zwei Beauftragten der Landesgruppe Baden-W\u00fcrttemberg des Verbandes der Reservisten der Deutschen Bundeswehr f\u00fcr die Ausbildung Ungediente. 2025 wurde er Vorsitzender der Reservistenarbeitsgemeinschaft Drohne MO. Daniel ist verheiratet und Vater von drei T\u00f6chtern.","sameAs":["https:\/\/facebook.com\/fuchs52y"]}]}},"_links":{"self":[{"href":"https:\/\/ungedient.de\/blog\/wp-json\/wp\/v2\/posts\/4565","targetHints":{"allow":["GET"]}}],"collection":[{"href":"https:\/\/ungedient.de\/blog\/wp-json\/wp\/v2\/posts"}],"about":[{"href":"https:\/\/ungedient.de\/blog\/wp-json\/wp\/v2\/types\/post"}],"author":[{"embeddable":true,"href":"https:\/\/ungedient.de\/blog\/wp-json\/wp\/v2\/users\/1"}],"replies":[{"embeddable":true,"href":"https:\/\/ungedient.de\/blog\/wp-json\/wp\/v2\/comments?post=4565"}],"version-history":[{"count":0,"href":"https:\/\/ungedient.de\/blog\/wp-json\/wp\/v2\/posts\/4565\/revisions"}],"wp:featuredmedia":[{"embeddable":true,"href":"https:\/\/ungedient.de\/blog\/wp-json\/wp\/v2\/media\/4570"}],"wp:attachment":[{"href":"https:\/\/ungedient.de\/blog\/wp-json\/wp\/v2\/media?parent=4565"}],"wp:term":[{"taxonomy":"category","embeddable":true,"href":"https:\/\/ungedient.de\/blog\/wp-json\/wp\/v2\/categories?post=4565"},{"taxonomy":"post_tag","embeddable":true,"href":"https:\/\/ungedient.de\/blog\/wp-json\/wp\/v2\/tags?post=4565"}],"curies":[{"name":"wp","href":"https:\/\/api.w.org\/{rel}","templated":true}]}}