{"id":4683,"date":"2024-10-15T12:30:31","date_gmt":"2024-10-15T10:30:31","guid":{"rendered":"https:\/\/ungedient.de\/blog\/?p=4683"},"modified":"2024-10-15T16:57:07","modified_gmt":"2024-10-15T14:57:07","slug":"who-is-who","status":"publish","type":"post","link":"https:\/\/ungedient.de\/blog\/reserve\/who-is-who\/","title":{"rendered":"Who is Who"},"content":{"rendered":"<div class=\"wpb-content-wrapper\">[vc_row][vc_column el_id=&#8220;coloso&#8220;][vc_message message_box_style=&#8220;solid&#8220; message_box_color=&#8220;green&#8220; icon_fontawesome=&#8220;fas fa-feather&#8220; css=&#8220;&#8220;]<strong>Kleine Bitte<\/strong><br \/>\nBitte erg\u00e4nzt die <em>Rollen<\/em>, die euch noch so einfallen in den <a href=\"#comments\">Kommentaren<\/a>![\/vc_message][vc_column_text css=&#8220;&#8220;]Als beorderte Reservistin oder Reservist kann es herausfordernd sein, den \u00dcberblick \u00fcber die verschiedenen Ansprechpersonen innerhalb der Bundeswehr zu behalten. Dieser Leitfaden soll dir dabei helfen, die wichtigsten Rollen und deren Zust\u00e4ndigkeiten zu verstehen. <em>(Liste gilt f\u00fcr s\u00e4mtliche Geschlechter.)<\/em><\/p>\n<h2>S1 (Personalf\u00fchrung)<\/h2>\n<ul>\n<li><strong>Rolle:<\/strong> Verantwortlich f\u00fcr Personalangelegenheiten innerhalb der Einheit.<\/li>\n<li><strong>Aufgaben:<\/strong>\n<ul>\n<li>Verwaltung von Personalakten und pers\u00f6nliche Daten<\/li>\n<li>Bef\u00f6rderungen, Versetzungen<\/li>\n<li>Fahrtkosten-\/Reinigungskosten<\/li>\n<\/ul>\n<\/li>\n<li><strong>Kontaktieren bei:<\/strong> \u00c4nderungen pers\u00f6nlicher Daten, Fragen zu Bef\u00f6rderungen, Urlaubsantr\u00e4gen und allgemeinen Personalthemen.<\/li>\n<\/ul>\n<h2>Kompaniechef (KpChef)<\/h2>\n<ul>\n<li><strong>Rolle:<\/strong> F\u00fchrt die Kompanie und tr\u00e4gt die Gesamtverantwortung.<\/li>\n<li><strong>Aufgaben:<\/strong>\n<ul>\n<li>Operative F\u00fchrung<\/li>\n<li>Ausbildungsplanung<\/li>\n<li>Disziplin und Einsatzbereitschaft der Einheit.<\/li>\n<\/ul>\n<\/li>\n<li><strong>Kontaktieren bei:<\/strong> Wichtigen pers\u00f6nlichen Anliegen, Karriereplanung oder wenn andere Stellen nicht weiterhelfen k\u00f6nnen.<\/li>\n<\/ul>\n<h2>Kompaniefeldwebel (Spie\u00df)<\/h2>\n<ul>\n<li><strong>Rolle:<\/strong> &#8222;Mutter der Kompanie&#8220; und Bindeglied zwischen Mannschaft und F\u00fchrung.<\/li>\n<li><strong>Aufgaben:<\/strong>\n<ul>\n<li>Tagesdienstgestaltung<\/li>\n<li>Disziplinarangelegenheiten<\/li>\n<li>Betreuung der Soldatinnen und Soldaten, meist auch Versorgungstrupp s.u.<\/li>\n<\/ul>\n<\/li>\n<li><strong>Kontaktieren bei:<\/strong> Allt\u00e4glichen Anliegen, Dienstpl\u00e4nen, Unterkunftsfragen und pers\u00f6nlichen Problemen.<\/li>\n<\/ul>\n<h2>Versorgungsfeldwebel (Versorger)<\/h2>\n<ul>\n<li><strong>Rolle:<\/strong> Verantwortlich f\u00fcr die Logistik und Versorgung der Einheit.<\/li>\n<li><strong>Aufgaben:<\/strong>\n<ul>\n<li>Materialverwaltung<\/li>\n<li>Beschaffung von Ausr\u00fcstung<\/li>\n<li>Verpflegung und Instandhaltung.<\/li>\n<\/ul>\n<\/li>\n<li><strong>Kontaktieren bei:<\/strong> Bedarf an Ausr\u00fcstung, Uniformteilen oder Problemen mit dem Material.<\/li>\n<\/ul>\n<h2>Kompanietruppf\u00fchrer<\/h2>\n<ul>\n<li><strong>Rolle:<\/strong> F\u00fchrt den Kompanietrupp und unterst\u00fctzt den Kompaniechef bei der F\u00fchrung der Einheit.<\/li>\n<li><strong>Aufgaben:<\/strong>\n<ul>\n<li>Planung und Durchf\u00fchrung von Ausbildungsma\u00dfnahmen<\/li>\n<li>Koordination zwischen den Z\u00fcgen<\/li>\n<li>Unterst\u00fctzung bei der Einsatzplanung<\/li>\n<\/ul>\n<\/li>\n<li><strong>Kontaktieren bei:<\/strong> Fragen zur Ausbildung, Dienstpl\u00e4nen oder organisatorischen Abl\u00e4ufen innerhalb der Kompanie.<\/li>\n<\/ul>\n<h2>Zugf\u00fchrer<\/h2>\n<ul>\n<li><strong>Rolle:<\/strong> F\u00fchrt einen Zug innerhalb der Kompanie und ist f\u00fcr die taktische F\u00fchrung verantwortlich.<\/li>\n<li><strong>Aufgaben:<\/strong>\n<ul>\n<li>Planung und Durchf\u00fchrung von Ausbildung und \u00dcbungen auf Zug-Ebene<\/li>\n<li>F\u00fchrung der unterstellten Soldatinnen und Soldaten<\/li>\n<li>Sicherstellung der Einsatzbereitschaft des Zuges<\/li>\n<\/ul>\n<\/li>\n<li><strong>Kontaktieren bei:<\/strong> Zugbezogenen Fragen, Ausbildungsthemen oder pers\u00f6nlichen Anliegen innerhalb des Zuges.<\/li>\n<\/ul>\n<h2>Gruppenf\u00fchrer<\/h2>\n<ul>\n<li><strong>Rolle:<\/strong> F\u00fchrt eine Gruppe innerhalb eines Zuges und ist direkt f\u00fcr die Soldatinnen und Soldaten der Gruppe verantwortlich.<\/li>\n<li><strong>Aufgaben:<\/strong>\n<ul>\n<li>Anleitung und F\u00fchrung der Gruppenmitglieder<\/li>\n<li>Durchf\u00fchrung von Ausbildungen und \u00dcbungen auf Gruppen-Ebene<\/li>\n<li>\u00dcberwachung der Ausr\u00fcstung und pers\u00f6nlichen Ausstattung<\/li>\n<\/ul>\n<\/li>\n<li><strong>Kontaktieren bei:<\/strong> Direkten Anliegen, Fragen zur pers\u00f6nlichen Ausr\u00fcstung oder Ausbildung auf Gruppen-Ebene.<\/li>\n<\/ul>\n<h2>Organisationsfeldwebel (OrgFw)<\/h2>\n<ul>\n<li><strong>Rolle:<\/strong> Verantwortlich f\u00fcr organisatorische Aufgaben innerhalb der Einheit, insbesondere im Bereich der Personal- und Materialplanung.<\/li>\n<li><strong>Aufgaben:<\/strong>\n<ul>\n<li>Organisation und Verwaltung von Personal und Materialeinsatz<\/li>\n<li>Koordination von \u00dcbungen und Man\u00f6vern<\/li>\n<li>Unterst\u00fctzung der F\u00fchrung bei administrativen Aufgaben<\/li>\n<\/ul>\n<\/li>\n<li><strong>Kontaktieren bei:<\/strong> Fragen zur Organisation von \u00dcbungen, Materialplanung oder administrativen Angelegenheiten.<\/li>\n<\/ul>\n<h2>Schirrmeister<\/h2>\n<ul>\n<li><strong>Rolle:<\/strong> Verantwortlich f\u00fcr die Instandhaltung und Verwaltung der Fahrzeuge und technischen Ger\u00e4te.<\/li>\n<li><strong>Aufgaben:<\/strong>\n<ul>\n<li>Wartung und Pflege der Fahrzeuge<\/li>\n<li>Organisation von Reparaturen<\/li>\n<li>Verwaltung des technischen Materials<\/li>\n<\/ul>\n<\/li>\n<li><strong>Kontaktieren bei:<\/strong> Problemen mit Fahrzeugen oder technischen Ger\u00e4ten, Bedarf an technischem Material.<\/li>\n<\/ul>\n<h2>Sanit\u00e4tsdienst<\/h2>\n<ul>\n<li><strong>Rolle:<\/strong> Medizinische Versorgung der Soldatinnen und Soldaten (im San-Bereich, San-Versorgungszentrum).<\/li>\n<li><strong>Aufgaben:<\/strong>\n<ul>\n<li>Erste Hilfe und medizinische Betreuung<\/li>\n<li>Durchf\u00fchrung von Gesundheitschecks<\/li>\n<li>Die HSchKr verf\u00fcgen nicht \u00fcber eigene Sanit\u00e4ter, aber besitzen alle eine Ersthelfer-Ausbildung<\/li>\n<\/ul>\n<\/li>\n<li><strong>Kontaktieren bei:<\/strong> Medizinischen Anliegen, Verletzungen oder Fragen zur Gesundheitsvorsorge.<\/li>\n<\/ul>\n<h2>Munitionsfeldwebel \/ &#8222;Waffenk\u00e4mmerer&#8220;<\/h2>\n<ul>\n<li><strong>Rolle:<\/strong> Zust\u00e4ndig f\u00fcr die Verwaltung und Ausgabe von Munition und Waffen.<\/li>\n<li><strong>Aufgaben:<\/strong>\n<ul>\n<li>Bestandsf\u00fchrung von Munition und Waffen<\/li>\n<li>Organisation der Munitions- und Waffenversorgung<\/li>\n<li>Einhaltung von Sicherheitsvorschriften<\/li>\n<\/ul>\n<\/li>\n<li><strong>Kontaktieren bei:<\/strong> Bedarf an Munition, Fragen zur Handhabung und Sicherheit von Munition.<\/li>\n<\/ul>\n<h2>Versorgungstruppf\u00fchrer<\/h2>\n<ul>\n<li><strong>Rolle:<\/strong> F\u00fchrt den Versorgungstrupp und ist f\u00fcr die logistische Unterst\u00fctzung verantwortlich.<\/li>\n<li><strong>Aufgaben:<\/strong>\n<ul>\n<li>Organisation von Nachschub und Versorgungsg\u00fctern<\/li>\n<li>Verteilung von Verpflegung, Treibstoff und Material<\/li>\n<li>Koordination von Transportaufgaben<\/li>\n<\/ul>\n<\/li>\n<li><strong>Kontaktieren bei:<\/strong> Anliegen bez\u00fcglich Versorgung, Nachschub oder logistischen Fragen.<\/li>\n<\/ul>\n<h2>Kraftfahrer<\/h2>\n<ul>\n<li><strong>Rolle:<\/strong> Verantwortlich f\u00fcr den Transport von Personal und Material. (Besitzt einen Bundeswehrf\u00fchrerschein und die Einweisung in das jeweilige Fahrzeug z.B. Wolf oder Widder.)<\/li>\n<li><strong>Aufgaben:<\/strong>\n<ul>\n<li>F\u00fchren von Milit\u00e4rfahrzeugen<\/li>\n<li>Sicherstellung der Fahrbereitschaft, Ladungssicherung<\/li>\n<li>Unterst\u00fctzung bei logistischen Aufgaben<\/li>\n<\/ul>\n<\/li>\n<li><strong>Kontaktieren bei:<\/strong> Bedarf an Transport oder Fragen zu Fahrzeugen.<\/li>\n<\/ul>\n<h2>Feldwebel f\u00fcr Reservistenangelegenheiten (FwRes)<\/h2>\n<ul>\n<li><strong>Rolle:<\/strong> Verantwortlich f\u00fcr die Betreuung und Verwaltung der unbeorderten Reservisten innerhalb der Region.<\/li>\n<li><strong>Aufgaben:<\/strong>\n<ul>\n<li>Verwaltung von Reservistenakten und Informationen<\/li>\n<li>Organisation von \u00dcbungen und Ausbildungsma\u00dfnahmen f\u00fcr Reservisten (DVags)<\/li>\n<li>Bindeglied zwischen VdRBw und Bundeswehr<\/li>\n<\/ul>\n<\/li>\n<li><strong>Kontaktieren bei:<\/strong> Teilnahme an DVags.<\/li>\n<\/ul>\n[\/vc_column_text][vc_separator][vc_column_text css=&#8220;&#8220;]\n<h1>Die Rollen von S1 bis S5 in der Bundeswehr<\/h1>\n<p><em>In der Bundeswehr sind die Stabsabteilungen S1 bis S5 f\u00fcr verschiedene Fachbereiche innerhalb eines Verbandes oder einer Einheit zust\u00e4ndig.\u00a0<\/em><\/p>\n<h2>S1 \u2013 Personalwesen<\/h2>\n<ul>\n<li><strong>Rolle:<\/strong> Verantwortlich f\u00fcr alle Personalangelegenheiten innerhalb der Einheit.<\/li>\n<li><strong>Aufgaben:<\/strong>\n<ul>\n<li>Verwaltung von Personalakten<\/li>\n<li>Bef\u00f6rderungen und Versetzungen<\/li>\n<li>Ausbildungsplanung und -\u00fcberwachung<\/li>\n<li>Erstellung von Dienstpl\u00e4nen<\/li>\n<\/ul>\n<\/li>\n<li><strong>Kontaktieren bei:<\/strong> Fragen zu pers\u00f6nlichen Daten, Karriereplanung, Bef\u00f6rderungen und Urlaubsantr\u00e4gen.<\/li>\n<\/ul>\n<h2>S2 \u2013 Milit\u00e4risches Nachrichtenwesen<\/h2>\n<ul>\n<li><strong>Rolle:<\/strong> Zust\u00e4ndig f\u00fcr die Informationsbeschaffung und -auswertung bez\u00fcglich der Sicherheitslage.<\/li>\n<li><strong>Aufgaben:<\/strong>\n<ul>\n<li>Sicherheits\u00fcberpr\u00fcfungen<\/li>\n<li>Lagebeurteilungen<\/li>\n<li>Gefahrenanalysen<\/li>\n<li>Sicherheitsbriefings f\u00fcr Personal<\/li>\n<\/ul>\n<\/li>\n<li><strong>Kontaktieren bei:<\/strong> Sicherheitsrelevanten Informationen.<\/li>\n<\/ul>\n<h2>S3 \u2013 Operationen<\/h2>\n<ul>\n<li><strong>Rolle:<\/strong> Planung und Durchf\u00fchrung von Eins\u00e4tzen und \u00dcbungen.<\/li>\n<li><strong>Aufgaben:<\/strong>\n<ul>\n<li>Einsatzplanung<\/li>\n<li>Koordination von Trainings und Man\u00f6vern<\/li>\n<li>Planung von Ausbildungsvorhaben<\/li>\n<li>Auswertung von Einsatzberichten<\/li>\n<\/ul>\n<\/li>\n<li><strong>Kontaktieren bei:<\/strong> Fragen zu Einsatzabl\u00e4ufen, \u00dcbungspl\u00e4nen und operativen Aufgaben.<\/li>\n<\/ul>\n<h2>S4 \u2013 Logistik<\/h2>\n<ul>\n<li><strong>Rolle:<\/strong> Verantwortlich f\u00fcr die materielle Versorgung der Einheit.<\/li>\n<li><strong>Aufgaben:<\/strong>\n<ul>\n<li>Materialbeschaffung und -verwaltung<\/li>\n<li>Instandhaltung von Ausr\u00fcstung<\/li>\n<li>Transportkoordination<\/li>\n<li>Verpflegung und Unterkunft<\/li>\n<\/ul>\n<\/li>\n<li><strong>Kontaktieren bei:<\/strong> Bedarf an Ausr\u00fcstung, Meldung von Defekten oder logistischen Anliegen.<\/li>\n<\/ul>\n<h2>S5 \u2013 Zivil-Milit\u00e4rische Zusammenarbeit (ZMZ)<\/h2>\n<ul>\n<li><strong>Rolle:<\/strong> Schnittstelle zwischen milit\u00e4rischen Operationen und zivilen Organisationen. <em>(Nur im Einsatz oder Krieg.)<\/em><\/li>\n<li><strong>Aufgaben:<\/strong>\n<ul>\n<li>Koordination mit zivilen Beh\u00f6rden<\/li>\n<li>Planung von humanit\u00e4ren Eins\u00e4tzen<\/li>\n<li>Unterst\u00fctzung bei Katastrophenhilfe<\/li>\n<li>F\u00f6rderung des zivil-milit\u00e4rischen Dialogs<\/li>\n<\/ul>\n<\/li>\n<li><strong>Kontaktieren bei:<\/strong> Fragen zur Zusammenarbeit mit zivilen Stellen oder bei Beteiligung an zivilen Projekten.<\/li>\n<\/ul>\n<h2>S6 \u2013 F\u00fchrungsunterst\u00fctzung<\/h2>\n<ul>\n<li><strong>Rolle:<\/strong> Verantwortlich f\u00fcr die Kommunikation und Informationssysteme der Einheit.<\/li>\n<li><strong>Aufgaben:<\/strong>\n<ul>\n<li>Betrieb und Wartung von Kommunikationsger\u00e4ten<\/li>\n<li>IT-Sicherheit und Netzwerkinfrastruktur<\/li>\n<li>Unterst\u00fctzung bei technischen Problemen<\/li>\n<li>Planung von Kommunikationsnetzen f\u00fcr Eins\u00e4tze<\/li>\n<\/ul>\n<\/li>\n<li><strong>Kontaktieren bei:<\/strong> IT-bezogenen Anliegen oder St\u00f6rungen in der Kommunikation.<\/li>\n<\/ul>\n[\/vc_column_text][vc_separator][vc_column_text css=&#8220;&#8220; el_class=&#8220;calissis&#8220;]\n<h1>Bundesamt f\u00fcr das Personalmanagement der Bundeswehr (BAPersBw)<\/h1>\n<ul>\n<li><strong>Personalf\u00fchrung:<\/strong> Verwaltung von Personalakten, Organisation von (Um-) Beorderungen und Bef\u00f6rderungen, Planung des Personaleinsatzes.<\/li>\n<li><strong>Personalgewinnung:<\/strong> Rekrutierung, Durchf\u00fchrung von Auswahlverfahren und Einstellungstests.<\/li>\n<li><strong>Personalentwicklung:<\/strong> Karriereberatung und F\u00f6rderung der individuellen Laufbahnentwicklung.<\/li>\n<li><strong>Personalmanagement Reservisten:<\/strong> Betreuung der Reservistinnen und Reservisten, Verwaltung von Beorderungen und Planung von Reservedienstleistungen.<\/li>\n<li><strong>Personalmarketing:<\/strong> Entwicklung von Strategien zur Gewinnung von qualifiziertem Personal, Events, \u00d6ffentlichkeitsarbeit und Imagepflege der Bundeswehr als Arbeitgeber.<\/li>\n<li><strong>Unterhaltssicherung (USG):<\/strong> Abrechnung von USG Leistungen f\u00fcr Reservedienstleistungen.<\/li>\n<\/ul>\n<p><em>und weitere Aufgaben&#8230;<\/em><\/p>\n<h2>Karrierecenter<\/h2>\n<ul>\n<li><strong>Rolle:<\/strong> Anlaufstelle f\u00fcr Karrierefragen <em>(vorher mit KpChef \/ Spie\u00df besprechen!)<\/em>.<\/li>\n<li><strong>Aufgaben:<\/strong>\n<ul>\n<li>Durchf\u00fchrung von Heranziehungen zu einer \u00dcbung<\/li>\n<li>Durchf\u00fchrung von Einstellungsverfahren und Eignungstests<\/li>\n<li>Verwaltung von Bewerbungen und Laufbahnberatungen<\/li>\n<\/ul>\n<\/li>\n<li><strong>Kontaktieren bei:<\/strong> Verz\u00f6gerungen bei Heranziehung, Karriereberatung.<\/li>\n<\/ul>\n[\/vc_column_text][vc_separator][vc_column_text css=&#8220;&#8220; el_class=&#8220;calissis&#8220;]\n<h1>Verband der Reservisten der Deutschen Bundeswehr e.V. (VdRBw)<\/h1>\n<p>Der <strong>Verband der Reservisten der Deutschen Bundeswehr e.V. (VdRBw)<\/strong> ist die offizielle Interessenvertretung der Reservistinnen und Reservisten in Deutschland. Er unterst\u00fctzt sie in ihrer Rolle und f\u00f6rdert die Verbindung zwischen Bundeswehr und Gesellschaft. Die Zusammenarbeit zwischen Verband und Bundeswehr ist regional unterschiedlich ausgepr\u00e4gt. (Die Mitgliedschaft ist freiwillig.)<\/p>\n<h2>Aufgaben und Zust\u00e4ndigkeiten<\/h2>\n<ul>\n<li><strong>Interessenvertretung:<\/strong> Vertretung der Belange der Reservistinnen und Reservisten gegen\u00fcber Politik, Bundeswehr und \u00d6ffentlichkeit.<\/li>\n<li><strong>Aus- und Weiterbildung:<\/strong> Organisation von milit\u00e4rischer Weiterbildung, \u00dcbungen und Schulungen zur Erhaltung und F\u00f6rderung der Einsatzbereitschaft.<\/li>\n<li><strong>Sicherheitspolitische Arbeit:<\/strong> F\u00f6rderung des Verst\u00e4ndnisses f\u00fcr sicherheitspolitische Themen und aktive Teilnahme an \u00f6ffentlichen Diskussionen.<\/li>\n<li><strong>Kameradschaftspflege:<\/strong> F\u00f6rderung des Zusammenhalts und Austauschs unter Reservistinnen und Reservisten durch Veranstaltungen und gemeinsame Aktivit\u00e4ten.<\/li>\n<li><strong>Betreuung und Unterst\u00fctzung:<\/strong> Beratung in sozialen, beruflichen und rechtlichen Fragen im Zusammenhang mit dem Reservedienst.<\/li>\n<li><strong>Netzwerkarbeit:<\/strong> Aufbau und Pflege von Kontakten zu anderen Organisationen, Institutionen und Verb\u00e4nden.<\/li>\n<\/ul>\n<h2>Kontaktieren bei<\/h2>\n<ul>\n<li><strong>Mitgliedschaftsanfragen:<\/strong> Informationen zur Mitgliedschaft und den Vorteilen, die der Verband bietet.<\/li>\n<li><strong>Ausbildungsangebote:<\/strong> Fragen zu Trainings, \u00dcbungen und Weiterbildungsm\u00f6glichkeiten.<\/li>\n<li><strong>Soziale und rechtliche Beratung:<\/strong> Unterst\u00fctzung bei Anliegen rund um soziale Absicherung, Unterhaltssicherung oder rechtliche Fragestellungen.<\/li>\n<li><strong>Veranstaltungen und Projekte:<\/strong> Teilnahme an sicherheitspolitischen Seminaren, gesellschaftlichen Events oder kameradschaftlichen Treffen.<\/li>\n<li><strong>Engagement:<\/strong> Informationen \u00fcber ehrenamtliche T\u00e4tigkeiten innerhalb des Verbandes oder Projekte zur F\u00f6rderung der Reserve.<\/li>\n<\/ul>\n<p>Der VdRBw ist bundesweit in <a href=\"https:\/\/www.reservistenverband.de\/veranstaltungen\/\">Landes- und Kreisgruppen<\/a> organisiert, sodass eine regionale Betreuung und Vernetzung gew\u00e4hrleistet ist. Er bietet eine Plattform f\u00fcr Engagement, Weiterbildung und den Austausch von Erfahrungen und tr\u00e4gt wesentlich zur Integration der Reserve in die Streitkr\u00e4fte und die Gesellschaft bei. Dar\u00fcber hinaus gibt es auch zahlreiche <a href=\"https:\/\/ungedient.de\/blog\/wissen\/dares-digitale-ausbildung\/\">virtuelle Angebote<\/a>, welche \u00f6rtlich ungebunden sind.[\/vc_column_text][vc_empty_space][vc_message message_box_style=&#8220;solid&#8220; message_box_color=&#8220;green&#8220; icon_fontawesome=&#8220;far fa-lightbulb&#8220; css=&#8220;&#8220;]<strong>Mein Tipp<\/strong><br \/>\nVielen Dank an OG d.\u200aR. Harald B. f\u00fcr den Themenvorschlag! \u2013 Wenn auch Du Fragen oder Artikelideen hast, dann schreibe gerne eine Mail an <a href=\"mailto:daniel@ungedient.de\">daniel@ungedient.de<\/a>.<br \/>\nErg\u00e4nzungen zu diesen Beitrag? Ab damit in die <a href=\"#comments\" target=\"_blank\" rel=\"noopener\">Kommentare\u2026<\/a> ;-)[\/vc_message][vc_message message_box_style=&#8220;solid&#8220; message_box_color=&#8220;grey&#8220; icon_fontawesome=&#8220;fas fa-image&#8220; css=&#8220;&#8220;]<strong>Titelbild<\/strong><br \/>\n\u00a9 Bundeswehr \/ Tom Twardy <a href=\"https:\/\/www.flickr.com\/photos\/bundeswehrfoto\/51309461325\/in\/album-72157660787724452\" target=\"_blank\" rel=\"noopener\">(Flickr)<\/a>[\/vc_message][\/vc_column][\/vc_row]\n\r\n\t\t\t<div id=\"daexthefu-container\"\r\n\t\t\t\tclass=\"daexthefu-container daexthefu-layout-stacked daexthefu-alignment-center\"\r\n\t\t\t\tdata-post-id=\"4683\">\r\n\r\n\t\t\t\t<div class=\"daexthefu-feedback\">\r\n\t\t\t\t\t<div class=\"daexthefu-text\">\r\n\t\t\t\t\t\t<h3 class=\"daexthefu-title\">War dieser Artikel f\u00fcr dich hilfreich?<\/h3>\r\n\t\t\t\t\t<\/div>\r\n\t\t\t\t\t<div class=\"daexthefu-buttons-container\">\r\n\t\t\t\t\t\t<div class=\"daexthefu-buttons\">\r\n\t\t\t\t\t\t\t\r\n\t\t\t<div class=\"daexthefu-yes daexthefu-button daexthefu-button-type-icon\" data-value=\"1\">\r\n\t\t\t\t\r\n                <svg>\r\n                    <defs>\r\n                        <style>.thumb-up-cls-1{fill:#c9c9c9;}.thumb-up-cls-2{fill:#e1e1e1;}.thumb-up-cls-3{fill:#676767;}<\/style>\r\n                    <\/defs>\r\n                    <g id=\"thumb_up\">\r\n                        <path class=\"thumb-up-cls-2 daexthefu-icon-circle\" d=\"m24,3c11.58,0,21,9.42,21,21s-9.42,21-21,21S3,35.58,3,24,12.42,3,24,3m0-1C11.85,2,2,11.85,2,24s9.85,22,22,22,22-9.85,22-22S36.15,2,24,2h0Z\" \/>\r\n                        <g>\r\n                            <rect class=\"thumb-up-cls-3 daexthefu-icon-secondary-color\" x=\"10\" y=\"20\" width=\"6\" height=\"15\" rx=\"1.5\" ry=\"1.5\" \/>\r\n                            <path class=\"thumb-up-cls-1 daexthefu-icon-primary-color\" d=\"m30.57,9.06l-.49-.1c-.81-.17-1.61.35-1.78,1.16l-5.3,11.74c-.17.81,3.16,1.61,3.97,1.78l1.96.41c.81.17,1.61-.35,1.78-1.16l2.18-10.27c.34-1.61-.7-3.21-2.31-3.56Z\" \/>\r\n                            <path class=\"thumb-up-cls-1 daexthefu-icon-primary-color\" d=\"m38.17,20h-18.67c-.83,0-1.5.67-1.5,1.5v12c0,.83.67,1.5,1.5,1.5h16.27c.71,0,1.33-.5,1.47-1.21l2.4-12c.19-.93-.53-1.8-1.47-1.8Z\" \/>\r\n                        <\/g>\r\n                    <\/g>\r\n                <\/svg>\t\t\t<\/div>\r\n\r\n\t\t\t\t\t\t\t\t\t\t\r\n\t\t\t<div class=\"daexthefu-no daexthefu-button daexthefu-button-type-icon\" data-value=\"0\">\r\n\t\t\t\t\r\n                <svg>\r\n                    <defs>\r\n                        <style>.thumb-down-cls-1{fill:#c9c9c9;}.thumb-down-cls-2{fill:#e1e1e1;}.thumb-down-cls-3{fill:#676767;}<\/style>\r\n                    <\/defs>\r\n                    <g id=\"thumb_down\">\r\n                        <path class=\"thumb-down-cls-2 daexthefu-icon-circle\" d=\"m24,3c11.58,0,21,9.42,21,21s-9.42,21-21,21S3,35.58,3,24,12.42,3,24,3m0-1C11.85,2,2,11.85,2,24s9.85,22,22,22,22-9.85,22-22S36.15,2,24,2h0Z\" \/>\r\n                        <g>\r\n                            <rect class=\"thumb-down-cls-3 daexthefu-icon-secondary-color\" x=\"10\" y=\"13\" width=\"6\" height=\"15\" rx=\"1.5\" ry=\"1.5\" \/>\r\n                            <path class=\"thumb-down-cls-1 daexthefu-icon-primary-color\" d=\"m30.57,38.94l-.49.1c-.81.17-1.61-.35-1.78-1.16l-5.3-11.74c-.17-.81,3.16-1.61,3.97-1.78l1.96-.41c.81-.17,1.61.35,1.78,1.16l2.18,10.27c.34,1.61-.7,3.21-2.31,3.56Z\" \/>\r\n                            <path class=\"thumb-down-cls-1 daexthefu-icon-primary-color\" d=\"m38.17,28h-18.67c-.83,0-1.5-.67-1.5-1.5v-12c0-.83.67-1.5,1.5-1.5h16.27c.71,0,1.33.5,1.47,1.21l2.4,12c.19.93-.53,1.8-1.47,1.8Z\" \/>\r\n                        <\/g>\r\n                    <\/g>\r\n                <\/svg>\t\t\t<\/div>\r\n\r\n\t\t\t\t\t\t\t\t\t<\/div>\r\n\t\t\t\t\t<\/div>\r\n\t\t\t\t<\/div>\r\n\r\n\t\t\t\t<div class=\"daexthefu-comment\">\r\n\t\t\t\t\t<div class=\"daexthefu-comment-top-container\">\r\n\t\t\t\t\t\t<label id=\"daexthefu-comment-label\" class=\"daexthefu-comment-label\"><\/label>\r\n\t\t\t\t\t\t\t\t\t\t\t\t\t<div class=\"daexthefu-comment-character-counter-container\">\r\n\t\t\t\t\t\t\t\t<div id=\"daexthefu-comment-character-counter-number\"\r\n\t\t\t\t\t\t\t\t\tclass=\"daexthefu-comment-character-counter-number\"><\/div>\r\n\t\t\t\t\t\t\t\t<div class=\"daexthefu-comment-character-counter-text\"><\/div>\r\n\t\t\t\t\t\t\t<\/div>\r\n\t\t\t\t\t\t\t\t\t\t\t<\/div>\r\n\t\t\t\t\t<textarea id=\"daexthefu-comment-textarea\" class=\"daexthefu-comment-textarea\"\r\n\t\t\t\t\t\t\t\tplaceholder=\"Dein Feedback\u2026\"\r\n\t\t\t\t\t\t\t\tmaxlength=\"\r\n\t\t\t\t\t\t\t\t500\t\t\t\t\t\t\t\t\t\"><\/textarea>\r\n\t\t\t\t\t<div class=\"daexthefu-comment-buttons-container\">\r\n\t\t\t\t\t\t<button class=\"daexthefu-comment-submit daexthefu-button\">senden<\/button>\r\n\t\t\t\t\t\t<button class=\"daexthefu-comment-cancel daexthefu-button\">abbrechen<\/button>\r\n\t\t\t\t\t<\/div>\r\n\t\t\t\t<\/div>\r\n\r\n\t\t\t\t<div class=\"daexthefu-successful-submission-text\">Vielen Dank!<\/div>\r\n\r\n\t\t\t<\/div>\r\n\r\n\t\t\t<\/div>","protected":false},"excerpt":{"rendered":"<p>Ein Leitfaden der wichtigsten Ansprechpartner f\u00fcr Reservisten.<\/p>\n","protected":false},"author":1,"featured_media":4686,"comment_status":"open","ping_status":"open","sticky":false,"template":"","format":"status","meta":{"_helpful_status":1,"inline_featured_image":false,"footnotes":""},"categories":[20],"tags":[33,141],"class_list":["post-4683","post","type-post","status-publish","format-status","has-post-thumbnail","hentry","category-reserve","tag-ansprechpartner","tag-hilfe","post_format-post-format-status"],"acf":[],"yoast_head":"<!-- This site is optimized with the Yoast SEO plugin v27.4 - https:\/\/yoast.com\/product\/yoast-seo-wordpress\/ -->\n<title>Who is Who &#8226; UNgedient.<\/title>\n<meta name=\"robots\" content=\"index, follow, max-snippet:-1, max-image-preview:large, max-video-preview:-1\" \/>\n<link rel=\"canonical\" href=\"https:\/\/ungedient.de\/blog\/reserve\/who-is-who\/\" \/>\n<meta property=\"og:locale\" content=\"de_DE\" \/>\n<meta property=\"og:type\" content=\"article\" \/>\n<meta property=\"og:title\" content=\"Who is Who &#8226; UNgedient.\" \/>\n<meta property=\"og:description\" content=\"Ein Leitfaden der wichtigsten Ansprechpartner f\u00fcr Reservisten.\" \/>\n<meta property=\"og:url\" content=\"https:\/\/ungedient.de\/blog\/reserve\/who-is-who\/\" \/>\n<meta property=\"og:site_name\" content=\"UNgedient.\" \/>\n<meta property=\"article:publisher\" content=\"https:\/\/www.facebook.com\/fuchs52y\" \/>\n<meta property=\"article:author\" content=\"https:\/\/facebook.com\/fuchs52y\" \/>\n<meta property=\"article:published_time\" content=\"2024-10-15T10:30:31+00:00\" \/>\n<meta property=\"article:modified_time\" content=\"2024-10-15T14:57:07+00:00\" \/>\n<meta property=\"og:image\" content=\"https:\/\/ungedient.de\/blog\/wp-content\/uploads\/2024\/10\/hilfe.jpg\" \/>\n\t<meta property=\"og:image:width\" content=\"950\" \/>\n\t<meta property=\"og:image:height\" content=\"500\" \/>\n\t<meta property=\"og:image:type\" content=\"image\/jpeg\" \/>\n<meta name=\"author\" content=\"Daniel\" \/>\n<meta name=\"twitter:card\" content=\"summary_large_image\" \/>\n<meta name=\"twitter:label1\" content=\"Verfasst von\" \/>\n\t<meta name=\"twitter:data1\" content=\"Daniel\" \/>\n\t<meta name=\"twitter:label2\" content=\"Gesch\u00e4tzte Lesezeit\" \/>\n\t<meta name=\"twitter:data2\" content=\"8\u00a0Minuten\" \/>\n<script type=\"application\/ld+json\" class=\"yoast-schema-graph\">{\"@context\":\"https:\\\/\\\/schema.org\",\"@graph\":[{\"@type\":\"Article\",\"@id\":\"https:\\\/\\\/ungedient.de\\\/blog\\\/reserve\\\/who-is-who\\\/#article\",\"isPartOf\":{\"@id\":\"https:\\\/\\\/ungedient.de\\\/blog\\\/reserve\\\/who-is-who\\\/\"},\"author\":{\"name\":\"Daniel\",\"@id\":\"https:\\\/\\\/ungedient.de\\\/blog\\\/#\\\/schema\\\/person\\\/1648f47e5e180daeaa9f15f2dd485bf5\"},\"headline\":\"Who is Who\",\"datePublished\":\"2024-10-15T10:30:31+00:00\",\"dateModified\":\"2024-10-15T14:57:07+00:00\",\"mainEntityOfPage\":{\"@id\":\"https:\\\/\\\/ungedient.de\\\/blog\\\/reserve\\\/who-is-who\\\/\"},\"wordCount\":1516,\"commentCount\":0,\"publisher\":{\"@id\":\"https:\\\/\\\/ungedient.de\\\/blog\\\/#organization\"},\"image\":{\"@id\":\"https:\\\/\\\/ungedient.de\\\/blog\\\/reserve\\\/who-is-who\\\/#primaryimage\"},\"thumbnailUrl\":\"https:\\\/\\\/ungedient.de\\\/blog\\\/wp-content\\\/uploads\\\/2024\\\/10\\\/hilfe.jpg\",\"keywords\":[\"ansprechpartner\",\"hilfe\"],\"articleSection\":[\"Reserve\"],\"inLanguage\":\"de\",\"potentialAction\":[{\"@type\":\"CommentAction\",\"name\":\"Comment\",\"target\":[\"https:\\\/\\\/ungedient.de\\\/blog\\\/reserve\\\/who-is-who\\\/#respond\"]}]},{\"@type\":\"WebPage\",\"@id\":\"https:\\\/\\\/ungedient.de\\\/blog\\\/reserve\\\/who-is-who\\\/\",\"url\":\"https:\\\/\\\/ungedient.de\\\/blog\\\/reserve\\\/who-is-who\\\/\",\"name\":\"Who is Who &#8226; UNgedient.\",\"isPartOf\":{\"@id\":\"https:\\\/\\\/ungedient.de\\\/blog\\\/#website\"},\"primaryImageOfPage\":{\"@id\":\"https:\\\/\\\/ungedient.de\\\/blog\\\/reserve\\\/who-is-who\\\/#primaryimage\"},\"image\":{\"@id\":\"https:\\\/\\\/ungedient.de\\\/blog\\\/reserve\\\/who-is-who\\\/#primaryimage\"},\"thumbnailUrl\":\"https:\\\/\\\/ungedient.de\\\/blog\\\/wp-content\\\/uploads\\\/2024\\\/10\\\/hilfe.jpg\",\"datePublished\":\"2024-10-15T10:30:31+00:00\",\"dateModified\":\"2024-10-15T14:57:07+00:00\",\"breadcrumb\":{\"@id\":\"https:\\\/\\\/ungedient.de\\\/blog\\\/reserve\\\/who-is-who\\\/#breadcrumb\"},\"inLanguage\":\"de\",\"potentialAction\":[{\"@type\":\"ReadAction\",\"target\":[\"https:\\\/\\\/ungedient.de\\\/blog\\\/reserve\\\/who-is-who\\\/\"]}]},{\"@type\":\"ImageObject\",\"inLanguage\":\"de\",\"@id\":\"https:\\\/\\\/ungedient.de\\\/blog\\\/reserve\\\/who-is-who\\\/#primaryimage\",\"url\":\"https:\\\/\\\/ungedient.de\\\/blog\\\/wp-content\\\/uploads\\\/2024\\\/10\\\/hilfe.jpg\",\"contentUrl\":\"https:\\\/\\\/ungedient.de\\\/blog\\\/wp-content\\\/uploads\\\/2024\\\/10\\\/hilfe.jpg\",\"width\":950,\"height\":500},{\"@type\":\"BreadcrumbList\",\"@id\":\"https:\\\/\\\/ungedient.de\\\/blog\\\/reserve\\\/who-is-who\\\/#breadcrumb\",\"itemListElement\":[{\"@type\":\"ListItem\",\"position\":1,\"name\":\"Startseite\",\"item\":\"https:\\\/\\\/ungedient.de\\\/blog\\\/\"},{\"@type\":\"ListItem\",\"position\":2,\"name\":\"Reserve\",\"item\":\"https:\\\/\\\/ungedient.de\\\/blog\\\/thema\\\/reserve\\\/\"},{\"@type\":\"ListItem\",\"position\":3,\"name\":\"Who is Who\"}]},{\"@type\":\"WebSite\",\"@id\":\"https:\\\/\\\/ungedient.de\\\/blog\\\/#website\",\"url\":\"https:\\\/\\\/ungedient.de\\\/blog\\\/\",\"name\":\"UNgedient. Vom Ungedienten zur Bundeswehr.\",\"description\":\"Dein Weg in die Reserve der Bundeswehr\",\"publisher\":{\"@id\":\"https:\\\/\\\/ungedient.de\\\/blog\\\/#organization\"},\"alternateName\":\"Ausbildung f\u00fcr Ungediente\",\"potentialAction\":[{\"@type\":\"SearchAction\",\"target\":{\"@type\":\"EntryPoint\",\"urlTemplate\":\"https:\\\/\\\/ungedient.de\\\/blog\\\/?s={search_term_string}\"},\"query-input\":{\"@type\":\"PropertyValueSpecification\",\"valueRequired\":true,\"valueName\":\"search_term_string\"}}],\"inLanguage\":\"de\"},{\"@type\":\"Organization\",\"@id\":\"https:\\\/\\\/ungedient.de\\\/blog\\\/#organization\",\"name\":\"UNgedient. Vom Ungedienten zur Bundeswehr.\",\"alternateName\":\"Ausbildung Ungedienter zum Reservisten der Bundeswehr\",\"url\":\"https:\\\/\\\/ungedient.de\\\/blog\\\/\",\"logo\":{\"@type\":\"ImageObject\",\"inLanguage\":\"de\",\"@id\":\"https:\\\/\\\/ungedient.de\\\/blog\\\/#\\\/schema\\\/logo\\\/image\\\/\",\"url\":\"https:\\\/\\\/ungedient.de\\\/blog\\\/wp-content\\\/uploads\\\/2023\\\/03\\\/ungedient-favicon.jpg\",\"contentUrl\":\"https:\\\/\\\/ungedient.de\\\/blog\\\/wp-content\\\/uploads\\\/2023\\\/03\\\/ungedient-favicon.jpg\",\"width\":520,\"height\":520,\"caption\":\"UNgedient. Vom Ungedienten zur Bundeswehr.\"},\"image\":{\"@id\":\"https:\\\/\\\/ungedient.de\\\/blog\\\/#\\\/schema\\\/logo\\\/image\\\/\"},\"sameAs\":[\"https:\\\/\\\/www.facebook.com\\\/fuchs52y\"]},{\"@type\":\"Person\",\"@id\":\"https:\\\/\\\/ungedient.de\\\/blog\\\/#\\\/schema\\\/person\\\/1648f47e5e180daeaa9f15f2dd485bf5\",\"name\":\"Daniel\",\"image\":{\"@type\":\"ImageObject\",\"inLanguage\":\"de\",\"@id\":\"https:\\\/\\\/secure.gravatar.com\\\/avatar\\\/ef3cfcfe1a934ab692f6ac8a025998218be6f7edf0973bf6f01a1c8634236232?s=96&d=mm&r=g\",\"url\":\"https:\\\/\\\/secure.gravatar.com\\\/avatar\\\/ef3cfcfe1a934ab692f6ac8a025998218be6f7edf0973bf6f01a1c8634236232?s=96&d=mm&r=g\",\"contentUrl\":\"https:\\\/\\\/secure.gravatar.com\\\/avatar\\\/ef3cfcfe1a934ab692f6ac8a025998218be6f7edf0973bf6f01a1c8634236232?s=96&d=mm&r=g\",\"caption\":\"Daniel\"},\"description\":\"Daniel absolvierte die Ausbildung f\u00fcr Ungediente 2023 in Rheinland-Pfalz und ist mittlerweile in der 5.\\\/HSchRgt 3 beordert. Er arbeitete als Reservistendienstleistender in einer Projektgruppe des Territorialen F\u00fchrungskommandos der Bundeswehr und engagiert sich als einer von zwei Beauftragten der Landesgruppe Baden-W\u00fcrttemberg des Verbandes der Reservisten der Deutschen Bundeswehr f\u00fcr die Ausbildung Ungediente. 2025 wurde er Vorsitzender der Reservistenarbeitsgemeinschaft Drohne MO. Daniel ist verheiratet und Vater von drei T\u00f6chtern.\",\"sameAs\":[\"https:\\\/\\\/facebook.com\\\/fuchs52y\"]}]}<\/script>\n<!-- \/ Yoast SEO plugin. -->","yoast_head_json":{"title":"Who is Who &#8226; UNgedient.","robots":{"index":"index","follow":"follow","max-snippet":"max-snippet:-1","max-image-preview":"max-image-preview:large","max-video-preview":"max-video-preview:-1"},"canonical":"https:\/\/ungedient.de\/blog\/reserve\/who-is-who\/","og_locale":"de_DE","og_type":"article","og_title":"Who is Who &#8226; UNgedient.","og_description":"Ein Leitfaden der wichtigsten Ansprechpartner f\u00fcr Reservisten.","og_url":"https:\/\/ungedient.de\/blog\/reserve\/who-is-who\/","og_site_name":"UNgedient.","article_publisher":"https:\/\/www.facebook.com\/fuchs52y","article_author":"https:\/\/facebook.com\/fuchs52y","article_published_time":"2024-10-15T10:30:31+00:00","article_modified_time":"2024-10-15T14:57:07+00:00","og_image":[{"width":950,"height":500,"url":"https:\/\/ungedient.de\/blog\/wp-content\/uploads\/2024\/10\/hilfe.jpg","type":"image\/jpeg"}],"author":"Daniel","twitter_card":"summary_large_image","twitter_misc":{"Verfasst von":"Daniel","Gesch\u00e4tzte Lesezeit":"8\u00a0Minuten"},"schema":{"@context":"https:\/\/schema.org","@graph":[{"@type":"Article","@id":"https:\/\/ungedient.de\/blog\/reserve\/who-is-who\/#article","isPartOf":{"@id":"https:\/\/ungedient.de\/blog\/reserve\/who-is-who\/"},"author":{"name":"Daniel","@id":"https:\/\/ungedient.de\/blog\/#\/schema\/person\/1648f47e5e180daeaa9f15f2dd485bf5"},"headline":"Who is Who","datePublished":"2024-10-15T10:30:31+00:00","dateModified":"2024-10-15T14:57:07+00:00","mainEntityOfPage":{"@id":"https:\/\/ungedient.de\/blog\/reserve\/who-is-who\/"},"wordCount":1516,"commentCount":0,"publisher":{"@id":"https:\/\/ungedient.de\/blog\/#organization"},"image":{"@id":"https:\/\/ungedient.de\/blog\/reserve\/who-is-who\/#primaryimage"},"thumbnailUrl":"https:\/\/ungedient.de\/blog\/wp-content\/uploads\/2024\/10\/hilfe.jpg","keywords":["ansprechpartner","hilfe"],"articleSection":["Reserve"],"inLanguage":"de","potentialAction":[{"@type":"CommentAction","name":"Comment","target":["https:\/\/ungedient.de\/blog\/reserve\/who-is-who\/#respond"]}]},{"@type":"WebPage","@id":"https:\/\/ungedient.de\/blog\/reserve\/who-is-who\/","url":"https:\/\/ungedient.de\/blog\/reserve\/who-is-who\/","name":"Who is Who &#8226; UNgedient.","isPartOf":{"@id":"https:\/\/ungedient.de\/blog\/#website"},"primaryImageOfPage":{"@id":"https:\/\/ungedient.de\/blog\/reserve\/who-is-who\/#primaryimage"},"image":{"@id":"https:\/\/ungedient.de\/blog\/reserve\/who-is-who\/#primaryimage"},"thumbnailUrl":"https:\/\/ungedient.de\/blog\/wp-content\/uploads\/2024\/10\/hilfe.jpg","datePublished":"2024-10-15T10:30:31+00:00","dateModified":"2024-10-15T14:57:07+00:00","breadcrumb":{"@id":"https:\/\/ungedient.de\/blog\/reserve\/who-is-who\/#breadcrumb"},"inLanguage":"de","potentialAction":[{"@type":"ReadAction","target":["https:\/\/ungedient.de\/blog\/reserve\/who-is-who\/"]}]},{"@type":"ImageObject","inLanguage":"de","@id":"https:\/\/ungedient.de\/blog\/reserve\/who-is-who\/#primaryimage","url":"https:\/\/ungedient.de\/blog\/wp-content\/uploads\/2024\/10\/hilfe.jpg","contentUrl":"https:\/\/ungedient.de\/blog\/wp-content\/uploads\/2024\/10\/hilfe.jpg","width":950,"height":500},{"@type":"BreadcrumbList","@id":"https:\/\/ungedient.de\/blog\/reserve\/who-is-who\/#breadcrumb","itemListElement":[{"@type":"ListItem","position":1,"name":"Startseite","item":"https:\/\/ungedient.de\/blog\/"},{"@type":"ListItem","position":2,"name":"Reserve","item":"https:\/\/ungedient.de\/blog\/thema\/reserve\/"},{"@type":"ListItem","position":3,"name":"Who is Who"}]},{"@type":"WebSite","@id":"https:\/\/ungedient.de\/blog\/#website","url":"https:\/\/ungedient.de\/blog\/","name":"UNgedient. Vom Ungedienten zur Bundeswehr.","description":"Dein Weg in die Reserve der Bundeswehr","publisher":{"@id":"https:\/\/ungedient.de\/blog\/#organization"},"alternateName":"Ausbildung f\u00fcr Ungediente","potentialAction":[{"@type":"SearchAction","target":{"@type":"EntryPoint","urlTemplate":"https:\/\/ungedient.de\/blog\/?s={search_term_string}"},"query-input":{"@type":"PropertyValueSpecification","valueRequired":true,"valueName":"search_term_string"}}],"inLanguage":"de"},{"@type":"Organization","@id":"https:\/\/ungedient.de\/blog\/#organization","name":"UNgedient. Vom Ungedienten zur Bundeswehr.","alternateName":"Ausbildung Ungedienter zum Reservisten der Bundeswehr","url":"https:\/\/ungedient.de\/blog\/","logo":{"@type":"ImageObject","inLanguage":"de","@id":"https:\/\/ungedient.de\/blog\/#\/schema\/logo\/image\/","url":"https:\/\/ungedient.de\/blog\/wp-content\/uploads\/2023\/03\/ungedient-favicon.jpg","contentUrl":"https:\/\/ungedient.de\/blog\/wp-content\/uploads\/2023\/03\/ungedient-favicon.jpg","width":520,"height":520,"caption":"UNgedient. Vom Ungedienten zur Bundeswehr."},"image":{"@id":"https:\/\/ungedient.de\/blog\/#\/schema\/logo\/image\/"},"sameAs":["https:\/\/www.facebook.com\/fuchs52y"]},{"@type":"Person","@id":"https:\/\/ungedient.de\/blog\/#\/schema\/person\/1648f47e5e180daeaa9f15f2dd485bf5","name":"Daniel","image":{"@type":"ImageObject","inLanguage":"de","@id":"https:\/\/secure.gravatar.com\/avatar\/ef3cfcfe1a934ab692f6ac8a025998218be6f7edf0973bf6f01a1c8634236232?s=96&d=mm&r=g","url":"https:\/\/secure.gravatar.com\/avatar\/ef3cfcfe1a934ab692f6ac8a025998218be6f7edf0973bf6f01a1c8634236232?s=96&d=mm&r=g","contentUrl":"https:\/\/secure.gravatar.com\/avatar\/ef3cfcfe1a934ab692f6ac8a025998218be6f7edf0973bf6f01a1c8634236232?s=96&d=mm&r=g","caption":"Daniel"},"description":"Daniel absolvierte die Ausbildung f\u00fcr Ungediente 2023 in Rheinland-Pfalz und ist mittlerweile in der 5.\/HSchRgt 3 beordert. Er arbeitete als Reservistendienstleistender in einer Projektgruppe des Territorialen F\u00fchrungskommandos der Bundeswehr und engagiert sich als einer von zwei Beauftragten der Landesgruppe Baden-W\u00fcrttemberg des Verbandes der Reservisten der Deutschen Bundeswehr f\u00fcr die Ausbildung Ungediente. 2025 wurde er Vorsitzender der Reservistenarbeitsgemeinschaft Drohne MO. Daniel ist verheiratet und Vater von drei T\u00f6chtern.","sameAs":["https:\/\/facebook.com\/fuchs52y"]}]}},"_links":{"self":[{"href":"https:\/\/ungedient.de\/blog\/wp-json\/wp\/v2\/posts\/4683","targetHints":{"allow":["GET"]}}],"collection":[{"href":"https:\/\/ungedient.de\/blog\/wp-json\/wp\/v2\/posts"}],"about":[{"href":"https:\/\/ungedient.de\/blog\/wp-json\/wp\/v2\/types\/post"}],"author":[{"embeddable":true,"href":"https:\/\/ungedient.de\/blog\/wp-json\/wp\/v2\/users\/1"}],"replies":[{"embeddable":true,"href":"https:\/\/ungedient.de\/blog\/wp-json\/wp\/v2\/comments?post=4683"}],"version-history":[{"count":0,"href":"https:\/\/ungedient.de\/blog\/wp-json\/wp\/v2\/posts\/4683\/revisions"}],"wp:featuredmedia":[{"embeddable":true,"href":"https:\/\/ungedient.de\/blog\/wp-json\/wp\/v2\/media\/4686"}],"wp:attachment":[{"href":"https:\/\/ungedient.de\/blog\/wp-json\/wp\/v2\/media?parent=4683"}],"wp:term":[{"taxonomy":"category","embeddable":true,"href":"https:\/\/ungedient.de\/blog\/wp-json\/wp\/v2\/categories?post=4683"},{"taxonomy":"post_tag","embeddable":true,"href":"https:\/\/ungedient.de\/blog\/wp-json\/wp\/v2\/tags?post=4683"}],"curies":[{"name":"wp","href":"https:\/\/api.w.org\/{rel}","templated":true}]}}