{"id":4827,"date":"2024-10-29T11:34:37","date_gmt":"2024-10-29T10:34:37","guid":{"rendered":"https:\/\/ungedient.de\/blog\/?p=4827"},"modified":"2024-10-29T11:35:39","modified_gmt":"2024-10-29T10:35:39","slug":"kurzdoku-ausbildung-in-berlin","status":"publish","type":"post","link":"https:\/\/ungedient.de\/blog\/neuigkeiten\/kurzdoku-ausbildung-in-berlin\/","title":{"rendered":"Einblick: Ausbildung in Berlin"},"content":{"rendered":"<div class=\"wpb-content-wrapper\">[vc_row][vc_column][vc_video link=&#8220;https:\/\/youtu.be\/vSMzP_fQJ7Q?si=U2-3XNT9U7muM8B4&#8243; align=&#8220;center&#8220; css=&#8220;&#8220;][vc_column_text css=&#8220;&#8220;]Im Februar 2022, mit dem Beginn des Ukraine-Konflikts, fasste Philipp J., 38, den Entschluss, sich auf den milit\u00e4rischen Dienst vorzubereiten, obwohl er sich zwanzig Jahre zuvor <em>gegen<\/em> die Bundeswehr entschieden hatte. Heute ist er Teil eines Programms, das es zivilen Freiwilligen erm\u00f6glicht, neben dem Beruf eine milit\u00e4rische Grundausbildung zu absolvieren, um sp\u00e4ter als Reservist aktiv zu sein. Diese Ausbildung, als \u201eAusbildung Ungedienter\u201c bekannt, bietet Menschen, die keinen Wehrdienst geleistet haben, die Chance, Reserveaufgaben zu \u00fcbernehmen \u2013 vor allem im Heimatschutz.<\/p>\n<p>An einem Samstag im Oktober trainiert Philipp in einem Wald nahe Berlin, umgeben von Kameraden, die wie er die Rolle eines Wachsoldaten \u00fcben. Diese Ausbildung ist mehr als ein gew\u00f6hnliches Wochenend-Training: Sie verlangt k\u00f6rperliche Anstrengung und mentale Ausdauer. Sie umschlie\u00dft Grundlagen wie Schie\u00dfen, Tarnen und Sanit\u00e4tsdienste. Trotz der Herausforderungen findet Philipp Befriedigung darin, seine pers\u00f6nlichen Grenzen zu erweitern und die Kameradschaft zu erleben.<\/p>\n<p>Die Teilnehmer sind eine vielf\u00e4ltige Gruppe aus Handwerkern, Akademikern und B\u00fcroangestellten, die alle ihre Wochenenden opfern, um sich auf potenzielle Eins\u00e4tze vorzubereiten. Sie bew\u00e4ltigen eine straffe Ausbildung in nur 160 Stunden \u2013 ein Programm, das innerhalb von zwei Jahrg\u00e4ngen das Ziel hat, 50 neue Reservisten f\u00fcr den Raum Berlin auszubilden. (Eine Zielgr\u00f6\u00dfe bei welcher ich mir auf die Lippe bei\u00dfen muss &#8211; muss man doch froh, dass derzeit \u00fcberhaupt Pl\u00e4ne vorliegen die Ausbildung f\u00fcr Ungediente fortzusetzen.)<\/p>\n<p>Doch nicht alle Arbeitgeber unterst\u00fctzen diesen Einsatz f\u00fcr die &#8222;Wehrf\u00e4higkeit&#8220; Deutschlands. Einige Arbeitgeber \u00e4u\u00dfern Bedenken \u00fcber den Mehraufwand ihrer Angestellten. Philipp und sein Kamerad Markus M. erz\u00e4hlen, dass die Vereinbarkeit von Beruf und Ausbildung oft ein Kraftakt sei, besonders ohne klare Freistellungsregelungen seitens des Arbeitgebers.<\/p>\n<blockquote><p>Die waren in jeder Zeit immer motiviert.<br \/>\n<small>Stabsfeldwebel Uwe Z., HSchKp Berlin<\/small><\/p><\/blockquote>\n<p>Trotz dieser H\u00fcrden bleiben die Rekruten motiviert. F\u00fcr Philipp ist die Ausbildung eine Chance, f\u00fcr seine Werte und seine Heimat einzustehen. Ausbilder wie Uwe Z., selbst Reservist, w\u00fcrdigen das Engagement und die Hingabe der Gruppe, die am Montagmorgen wieder in den zivilen Alltag zur\u00fcckkehrt. Off the records: Selbstverst\u00e4ndlich \u00e4u\u00dfern auch die angehenden Reservisten ihre Wertsch\u00e4tzung gegen\u00fcber ihren Ausbildern, denn auch ihre Einsatzbereitschaft ist keine Selbstverst\u00e4ndlichkeit!<\/p>\n<p><em>Begleitend zum oben gezeigten YouTube-Video gibt es diesen <a href=\"https:\/\/www.tagesspiegel.de\/berlin\/berliner-wirtschaft\/vom-schreibtisch-in-den-schutzengraben-warum-ein-berliner-sachbearbeiter-auf-einmal-soldat-wird-12588980.html\" target=\"_blank\" rel=\"noopener\">Artikel des Berliner Tagesspiegels (hinter einer Paywall)<\/a>.<\/em>[\/vc_column_text][\/vc_column][\/vc_row][vc_row color=&#8220;&#8220; message_box_style=&#8220;solid&#8220; style=&#8220;rounded&#8220; message_box_color=&#8220;grey&#8220; icon_type=&#8220;fontawesome&#8220; icon_fontawesome=&#8220;fas fa-image&#8220; icon_monosocial=&#8220;vc-mono vc-mono-fivehundredpx&#8220; icon_openiconic=&#8220;&#8220; icon_typicons=&#8220;&#8220; icon_entypo=&#8220;&#8220; icon_linecons=&#8220;&#8220; icon_pixelicons=&#8220;&#8220;][vc_column][vc_message message_box_style=&#8220;solid&#8220; message_box_color=&#8220;grey&#8220; icon_fontawesome=&#8220;fas fa-image&#8220; css=&#8220;&#8220;]<strong>Titelbild<\/strong><br \/>\n\u00a9 YouTube Screenshot aus Video.[\/vc_message][\/vc_column][\/vc_row]\n\r\n\t\t\t<div id=\"daexthefu-container\"\r\n\t\t\t\tclass=\"daexthefu-container daexthefu-layout-stacked daexthefu-alignment-center\"\r\n\t\t\t\tdata-post-id=\"4827\">\r\n\r\n\t\t\t\t<div class=\"daexthefu-feedback\">\r\n\t\t\t\t\t<div class=\"daexthefu-text\">\r\n\t\t\t\t\t\t<h3 class=\"daexthefu-title\">War dieser Artikel f\u00fcr dich hilfreich?<\/h3>\r\n\t\t\t\t\t<\/div>\r\n\t\t\t\t\t<div class=\"daexthefu-buttons-container\">\r\n\t\t\t\t\t\t<div class=\"daexthefu-buttons\">\r\n\t\t\t\t\t\t\t\r\n\t\t\t<div class=\"daexthefu-yes daexthefu-button daexthefu-button-type-icon\" data-value=\"1\">\r\n\t\t\t\t\r\n                <svg>\r\n                    <defs>\r\n                        <style>.thumb-up-cls-1{fill:#c9c9c9;}.thumb-up-cls-2{fill:#e1e1e1;}.thumb-up-cls-3{fill:#676767;}<\/style>\r\n                    <\/defs>\r\n                    <g id=\"thumb_up\">\r\n                        <path class=\"thumb-up-cls-2 daexthefu-icon-circle\" d=\"m24,3c11.58,0,21,9.42,21,21s-9.42,21-21,21S3,35.58,3,24,12.42,3,24,3m0-1C11.85,2,2,11.85,2,24s9.85,22,22,22,22-9.85,22-22S36.15,2,24,2h0Z\" \/>\r\n                        <g>\r\n                            <rect class=\"thumb-up-cls-3 daexthefu-icon-secondary-color\" x=\"10\" y=\"20\" width=\"6\" height=\"15\" rx=\"1.5\" ry=\"1.5\" \/>\r\n                            <path class=\"thumb-up-cls-1 daexthefu-icon-primary-color\" d=\"m30.57,9.06l-.49-.1c-.81-.17-1.61.35-1.78,1.16l-5.3,11.74c-.17.81,3.16,1.61,3.97,1.78l1.96.41c.81.17,1.61-.35,1.78-1.16l2.18-10.27c.34-1.61-.7-3.21-2.31-3.56Z\" \/>\r\n                            <path class=\"thumb-up-cls-1 daexthefu-icon-primary-color\" d=\"m38.17,20h-18.67c-.83,0-1.5.67-1.5,1.5v12c0,.83.67,1.5,1.5,1.5h16.27c.71,0,1.33-.5,1.47-1.21l2.4-12c.19-.93-.53-1.8-1.47-1.8Z\" \/>\r\n                        <\/g>\r\n                    <\/g>\r\n                <\/svg>\t\t\t<\/div>\r\n\r\n\t\t\t\t\t\t\t\t\t\t\r\n\t\t\t<div class=\"daexthefu-no daexthefu-button daexthefu-button-type-icon\" data-value=\"0\">\r\n\t\t\t\t\r\n                <svg>\r\n                    <defs>\r\n                        <style>.thumb-down-cls-1{fill:#c9c9c9;}.thumb-down-cls-2{fill:#e1e1e1;}.thumb-down-cls-3{fill:#676767;}<\/style>\r\n                    <\/defs>\r\n                    <g id=\"thumb_down\">\r\n                        <path class=\"thumb-down-cls-2 daexthefu-icon-circle\" d=\"m24,3c11.58,0,21,9.42,21,21s-9.42,21-21,21S3,35.58,3,24,12.42,3,24,3m0-1C11.85,2,2,11.85,2,24s9.85,22,22,22,22-9.85,22-22S36.15,2,24,2h0Z\" \/>\r\n                        <g>\r\n                            <rect class=\"thumb-down-cls-3 daexthefu-icon-secondary-color\" x=\"10\" y=\"13\" width=\"6\" height=\"15\" rx=\"1.5\" ry=\"1.5\" \/>\r\n                            <path class=\"thumb-down-cls-1 daexthefu-icon-primary-color\" d=\"m30.57,38.94l-.49.1c-.81.17-1.61-.35-1.78-1.16l-5.3-11.74c-.17-.81,3.16-1.61,3.97-1.78l1.96-.41c.81-.17,1.61.35,1.78,1.16l2.18,10.27c.34,1.61-.7,3.21-2.31,3.56Z\" \/>\r\n                            <path class=\"thumb-down-cls-1 daexthefu-icon-primary-color\" d=\"m38.17,28h-18.67c-.83,0-1.5-.67-1.5-1.5v-12c0-.83.67-1.5,1.5-1.5h16.27c.71,0,1.33.5,1.47,1.21l2.4,12c.19.93-.53,1.8-1.47,1.8Z\" \/>\r\n                        <\/g>\r\n                    <\/g>\r\n                <\/svg>\t\t\t<\/div>\r\n\r\n\t\t\t\t\t\t\t\t\t<\/div>\r\n\t\t\t\t\t<\/div>\r\n\t\t\t\t<\/div>\r\n\r\n\t\t\t\t<div class=\"daexthefu-comment\">\r\n\t\t\t\t\t<div class=\"daexthefu-comment-top-container\">\r\n\t\t\t\t\t\t<label id=\"daexthefu-comment-label\" class=\"daexthefu-comment-label\"><\/label>\r\n\t\t\t\t\t\t\t\t\t\t\t\t\t<div class=\"daexthefu-comment-character-counter-container\">\r\n\t\t\t\t\t\t\t\t<div id=\"daexthefu-comment-character-counter-number\"\r\n\t\t\t\t\t\t\t\t\tclass=\"daexthefu-comment-character-counter-number\"><\/div>\r\n\t\t\t\t\t\t\t\t<div class=\"daexthefu-comment-character-counter-text\"><\/div>\r\n\t\t\t\t\t\t\t<\/div>\r\n\t\t\t\t\t\t\t\t\t\t\t<\/div>\r\n\t\t\t\t\t<textarea id=\"daexthefu-comment-textarea\" class=\"daexthefu-comment-textarea\"\r\n\t\t\t\t\t\t\t\tplaceholder=\"Dein Feedback\u2026\"\r\n\t\t\t\t\t\t\t\tmaxlength=\"\r\n\t\t\t\t\t\t\t\t500\t\t\t\t\t\t\t\t\t\"><\/textarea>\r\n\t\t\t\t\t<div class=\"daexthefu-comment-buttons-container\">\r\n\t\t\t\t\t\t<button class=\"daexthefu-comment-submit daexthefu-button\">senden<\/button>\r\n\t\t\t\t\t\t<button class=\"daexthefu-comment-cancel daexthefu-button\">abbrechen<\/button>\r\n\t\t\t\t\t<\/div>\r\n\t\t\t\t<\/div>\r\n\r\n\t\t\t\t<div class=\"daexthefu-successful-submission-text\">Vielen Dank!<\/div>\r\n\r\n\t\t\t<\/div>\r\n\r\n\t\t\t<\/div>","protected":false},"excerpt":{"rendered":"<p>Ein Kamera-Team des Tagesspiegels begleitet die angehenden Reservisten.<\/p>\n","protected":false},"author":1,"featured_media":4830,"comment_status":"open","ping_status":"open","sticky":false,"template":"","format":"status","meta":{"_helpful_status":1,"inline_featured_image":false,"footnotes":""},"categories":[21],"tags":[163,306],"class_list":["post-4827","post","type-post","status-publish","format-status","has-post-thumbnail","hentry","category-neuigkeiten","tag-ausbildung","tag-erfahrungsbericht","post_format-post-format-status"],"acf":[],"yoast_head":"<!-- This site is optimized with the Yoast SEO plugin v27.5 - https:\/\/yoast.com\/product\/yoast-seo-wordpress\/ -->\n<title>Einblick: Ausbildung in Berlin &#8226; UNgedient.<\/title>\n<meta name=\"robots\" content=\"index, follow, max-snippet:-1, max-image-preview:large, max-video-preview:-1\" \/>\n<link rel=\"canonical\" href=\"https:\/\/ungedient.de\/blog\/neuigkeiten\/kurzdoku-ausbildung-in-berlin\/\" \/>\n<meta property=\"og:locale\" content=\"de_DE\" \/>\n<meta property=\"og:type\" content=\"article\" \/>\n<meta property=\"og:title\" content=\"Einblick: Ausbildung in Berlin &#8226; UNgedient.\" \/>\n<meta property=\"og:description\" content=\"Ein Kamera-Team des Tagesspiegels begleitet die angehenden Reservisten.\" \/>\n<meta property=\"og:url\" content=\"https:\/\/ungedient.de\/blog\/neuigkeiten\/kurzdoku-ausbildung-in-berlin\/\" \/>\n<meta property=\"og:site_name\" content=\"UNgedient.\" \/>\n<meta property=\"article:publisher\" content=\"https:\/\/www.facebook.com\/fuchs52y\" \/>\n<meta property=\"article:author\" content=\"https:\/\/facebook.com\/fuchs52y\" \/>\n<meta property=\"article:published_time\" content=\"2024-10-29T10:34:37+00:00\" \/>\n<meta property=\"article:modified_time\" content=\"2024-10-29T10:35:39+00:00\" \/>\n<meta property=\"og:image\" content=\"https:\/\/ungedient.de\/blog\/wp-content\/uploads\/2024\/10\/tagesspiegel.jpg\" \/>\n\t<meta property=\"og:image:width\" content=\"950\" \/>\n\t<meta property=\"og:image:height\" content=\"500\" \/>\n\t<meta property=\"og:image:type\" content=\"image\/jpeg\" \/>\n<meta name=\"author\" content=\"Daniel\" \/>\n<meta name=\"twitter:card\" content=\"summary_large_image\" \/>\n<meta name=\"twitter:label1\" content=\"Verfasst von\" \/>\n\t<meta name=\"twitter:data1\" content=\"Daniel\" \/>\n\t<meta name=\"twitter:label2\" content=\"Gesch\u00e4tzte Lesezeit\" \/>\n\t<meta name=\"twitter:data2\" content=\"3\u00a0Minuten\" \/>\n<script type=\"application\/ld+json\" class=\"yoast-schema-graph\">{\"@context\":\"https:\\\/\\\/schema.org\",\"@graph\":[{\"@type\":\"Article\",\"@id\":\"https:\\\/\\\/ungedient.de\\\/blog\\\/neuigkeiten\\\/kurzdoku-ausbildung-in-berlin\\\/#article\",\"isPartOf\":{\"@id\":\"https:\\\/\\\/ungedient.de\\\/blog\\\/neuigkeiten\\\/kurzdoku-ausbildung-in-berlin\\\/\"},\"author\":{\"name\":\"Daniel\",\"@id\":\"https:\\\/\\\/ungedient.de\\\/blog\\\/#\\\/schema\\\/person\\\/1648f47e5e180daeaa9f15f2dd485bf5\"},\"headline\":\"Einblick: Ausbildung in Berlin\",\"datePublished\":\"2024-10-29T10:34:37+00:00\",\"dateModified\":\"2024-10-29T10:35:39+00:00\",\"mainEntityOfPage\":{\"@id\":\"https:\\\/\\\/ungedient.de\\\/blog\\\/neuigkeiten\\\/kurzdoku-ausbildung-in-berlin\\\/\"},\"wordCount\":485,\"commentCount\":0,\"publisher\":{\"@id\":\"https:\\\/\\\/ungedient.de\\\/blog\\\/#organization\"},\"image\":{\"@id\":\"https:\\\/\\\/ungedient.de\\\/blog\\\/neuigkeiten\\\/kurzdoku-ausbildung-in-berlin\\\/#primaryimage\"},\"thumbnailUrl\":\"https:\\\/\\\/ungedient.de\\\/blog\\\/wp-content\\\/uploads\\\/2024\\\/10\\\/tagesspiegel.jpg\",\"keywords\":[\"ausbildung\",\"Erfahrungsbericht\"],\"articleSection\":[\"Notizen\"],\"inLanguage\":\"de\",\"potentialAction\":[{\"@type\":\"CommentAction\",\"name\":\"Comment\",\"target\":[\"https:\\\/\\\/ungedient.de\\\/blog\\\/neuigkeiten\\\/kurzdoku-ausbildung-in-berlin\\\/#respond\"]}]},{\"@type\":\"WebPage\",\"@id\":\"https:\\\/\\\/ungedient.de\\\/blog\\\/neuigkeiten\\\/kurzdoku-ausbildung-in-berlin\\\/\",\"url\":\"https:\\\/\\\/ungedient.de\\\/blog\\\/neuigkeiten\\\/kurzdoku-ausbildung-in-berlin\\\/\",\"name\":\"Einblick: Ausbildung in Berlin &#8226; UNgedient.\",\"isPartOf\":{\"@id\":\"https:\\\/\\\/ungedient.de\\\/blog\\\/#website\"},\"primaryImageOfPage\":{\"@id\":\"https:\\\/\\\/ungedient.de\\\/blog\\\/neuigkeiten\\\/kurzdoku-ausbildung-in-berlin\\\/#primaryimage\"},\"image\":{\"@id\":\"https:\\\/\\\/ungedient.de\\\/blog\\\/neuigkeiten\\\/kurzdoku-ausbildung-in-berlin\\\/#primaryimage\"},\"thumbnailUrl\":\"https:\\\/\\\/ungedient.de\\\/blog\\\/wp-content\\\/uploads\\\/2024\\\/10\\\/tagesspiegel.jpg\",\"datePublished\":\"2024-10-29T10:34:37+00:00\",\"dateModified\":\"2024-10-29T10:35:39+00:00\",\"breadcrumb\":{\"@id\":\"https:\\\/\\\/ungedient.de\\\/blog\\\/neuigkeiten\\\/kurzdoku-ausbildung-in-berlin\\\/#breadcrumb\"},\"inLanguage\":\"de\",\"potentialAction\":[{\"@type\":\"ReadAction\",\"target\":[\"https:\\\/\\\/ungedient.de\\\/blog\\\/neuigkeiten\\\/kurzdoku-ausbildung-in-berlin\\\/\"]}]},{\"@type\":\"ImageObject\",\"inLanguage\":\"de\",\"@id\":\"https:\\\/\\\/ungedient.de\\\/blog\\\/neuigkeiten\\\/kurzdoku-ausbildung-in-berlin\\\/#primaryimage\",\"url\":\"https:\\\/\\\/ungedient.de\\\/blog\\\/wp-content\\\/uploads\\\/2024\\\/10\\\/tagesspiegel.jpg\",\"contentUrl\":\"https:\\\/\\\/ungedient.de\\\/blog\\\/wp-content\\\/uploads\\\/2024\\\/10\\\/tagesspiegel.jpg\",\"width\":950,\"height\":500},{\"@type\":\"BreadcrumbList\",\"@id\":\"https:\\\/\\\/ungedient.de\\\/blog\\\/neuigkeiten\\\/kurzdoku-ausbildung-in-berlin\\\/#breadcrumb\",\"itemListElement\":[{\"@type\":\"ListItem\",\"position\":1,\"name\":\"Startseite\",\"item\":\"https:\\\/\\\/ungedient.de\\\/blog\\\/\"},{\"@type\":\"ListItem\",\"position\":2,\"name\":\"Notizen\",\"item\":\"https:\\\/\\\/ungedient.de\\\/blog\\\/thema\\\/neuigkeiten\\\/\"},{\"@type\":\"ListItem\",\"position\":3,\"name\":\"Einblick: Ausbildung in Berlin\"}]},{\"@type\":\"WebSite\",\"@id\":\"https:\\\/\\\/ungedient.de\\\/blog\\\/#website\",\"url\":\"https:\\\/\\\/ungedient.de\\\/blog\\\/\",\"name\":\"UNgedient. Vom Ungedienten zur Bundeswehr.\",\"description\":\"Dein Weg in die Reserve der Bundeswehr\",\"publisher\":{\"@id\":\"https:\\\/\\\/ungedient.de\\\/blog\\\/#organization\"},\"alternateName\":\"Ausbildung f\u00fcr Ungediente\",\"potentialAction\":[{\"@type\":\"SearchAction\",\"target\":{\"@type\":\"EntryPoint\",\"urlTemplate\":\"https:\\\/\\\/ungedient.de\\\/blog\\\/?s={search_term_string}\"},\"query-input\":{\"@type\":\"PropertyValueSpecification\",\"valueRequired\":true,\"valueName\":\"search_term_string\"}}],\"inLanguage\":\"de\"},{\"@type\":\"Organization\",\"@id\":\"https:\\\/\\\/ungedient.de\\\/blog\\\/#organization\",\"name\":\"UNgedient. Vom Ungedienten zur Bundeswehr.\",\"alternateName\":\"Ausbildung Ungedienter zum Reservisten der Bundeswehr\",\"url\":\"https:\\\/\\\/ungedient.de\\\/blog\\\/\",\"logo\":{\"@type\":\"ImageObject\",\"inLanguage\":\"de\",\"@id\":\"https:\\\/\\\/ungedient.de\\\/blog\\\/#\\\/schema\\\/logo\\\/image\\\/\",\"url\":\"https:\\\/\\\/ungedient.de\\\/blog\\\/wp-content\\\/uploads\\\/2023\\\/03\\\/ungedient-favicon.jpg\",\"contentUrl\":\"https:\\\/\\\/ungedient.de\\\/blog\\\/wp-content\\\/uploads\\\/2023\\\/03\\\/ungedient-favicon.jpg\",\"width\":520,\"height\":520,\"caption\":\"UNgedient. Vom Ungedienten zur Bundeswehr.\"},\"image\":{\"@id\":\"https:\\\/\\\/ungedient.de\\\/blog\\\/#\\\/schema\\\/logo\\\/image\\\/\"},\"sameAs\":[\"https:\\\/\\\/www.facebook.com\\\/fuchs52y\"]},{\"@type\":\"Person\",\"@id\":\"https:\\\/\\\/ungedient.de\\\/blog\\\/#\\\/schema\\\/person\\\/1648f47e5e180daeaa9f15f2dd485bf5\",\"name\":\"Daniel\",\"image\":{\"@type\":\"ImageObject\",\"inLanguage\":\"de\",\"@id\":\"https:\\\/\\\/secure.gravatar.com\\\/avatar\\\/ef3cfcfe1a934ab692f6ac8a025998218be6f7edf0973bf6f01a1c8634236232?s=96&d=mm&r=g\",\"url\":\"https:\\\/\\\/secure.gravatar.com\\\/avatar\\\/ef3cfcfe1a934ab692f6ac8a025998218be6f7edf0973bf6f01a1c8634236232?s=96&d=mm&r=g\",\"contentUrl\":\"https:\\\/\\\/secure.gravatar.com\\\/avatar\\\/ef3cfcfe1a934ab692f6ac8a025998218be6f7edf0973bf6f01a1c8634236232?s=96&d=mm&r=g\",\"caption\":\"Daniel\"},\"description\":\"Daniel absolvierte die Ausbildung f\u00fcr Ungediente 2023 in Rheinland-Pfalz und ist mittlerweile in der 5.\\\/HSchRgt 3 beordert. Er arbeitete als Reservistendienstleistender in einer Projektgruppe des Territorialen F\u00fchrungskommandos der Bundeswehr und engagiert sich als einer von zwei Beauftragten der Landesgruppe Baden-W\u00fcrttemberg des Verbandes der Reservisten der Deutschen Bundeswehr f\u00fcr die Ausbildung Ungediente. 2025 wurde er Vorsitzender der Reservistenarbeitsgemeinschaft Drohne MO. Daniel ist verheiratet und Vater von drei T\u00f6chtern.\",\"sameAs\":[\"https:\\\/\\\/facebook.com\\\/fuchs52y\"]}]}<\/script>\n<!-- \/ Yoast SEO plugin. -->","yoast_head_json":{"title":"Einblick: Ausbildung in Berlin &#8226; UNgedient.","robots":{"index":"index","follow":"follow","max-snippet":"max-snippet:-1","max-image-preview":"max-image-preview:large","max-video-preview":"max-video-preview:-1"},"canonical":"https:\/\/ungedient.de\/blog\/neuigkeiten\/kurzdoku-ausbildung-in-berlin\/","og_locale":"de_DE","og_type":"article","og_title":"Einblick: Ausbildung in Berlin &#8226; UNgedient.","og_description":"Ein Kamera-Team des Tagesspiegels begleitet die angehenden Reservisten.","og_url":"https:\/\/ungedient.de\/blog\/neuigkeiten\/kurzdoku-ausbildung-in-berlin\/","og_site_name":"UNgedient.","article_publisher":"https:\/\/www.facebook.com\/fuchs52y","article_author":"https:\/\/facebook.com\/fuchs52y","article_published_time":"2024-10-29T10:34:37+00:00","article_modified_time":"2024-10-29T10:35:39+00:00","og_image":[{"width":950,"height":500,"url":"https:\/\/ungedient.de\/blog\/wp-content\/uploads\/2024\/10\/tagesspiegel.jpg","type":"image\/jpeg"}],"author":"Daniel","twitter_card":"summary_large_image","twitter_misc":{"Verfasst von":"Daniel","Gesch\u00e4tzte Lesezeit":"3\u00a0Minuten"},"schema":{"@context":"https:\/\/schema.org","@graph":[{"@type":"Article","@id":"https:\/\/ungedient.de\/blog\/neuigkeiten\/kurzdoku-ausbildung-in-berlin\/#article","isPartOf":{"@id":"https:\/\/ungedient.de\/blog\/neuigkeiten\/kurzdoku-ausbildung-in-berlin\/"},"author":{"name":"Daniel","@id":"https:\/\/ungedient.de\/blog\/#\/schema\/person\/1648f47e5e180daeaa9f15f2dd485bf5"},"headline":"Einblick: Ausbildung in Berlin","datePublished":"2024-10-29T10:34:37+00:00","dateModified":"2024-10-29T10:35:39+00:00","mainEntityOfPage":{"@id":"https:\/\/ungedient.de\/blog\/neuigkeiten\/kurzdoku-ausbildung-in-berlin\/"},"wordCount":485,"commentCount":0,"publisher":{"@id":"https:\/\/ungedient.de\/blog\/#organization"},"image":{"@id":"https:\/\/ungedient.de\/blog\/neuigkeiten\/kurzdoku-ausbildung-in-berlin\/#primaryimage"},"thumbnailUrl":"https:\/\/ungedient.de\/blog\/wp-content\/uploads\/2024\/10\/tagesspiegel.jpg","keywords":["ausbildung","Erfahrungsbericht"],"articleSection":["Notizen"],"inLanguage":"de","potentialAction":[{"@type":"CommentAction","name":"Comment","target":["https:\/\/ungedient.de\/blog\/neuigkeiten\/kurzdoku-ausbildung-in-berlin\/#respond"]}]},{"@type":"WebPage","@id":"https:\/\/ungedient.de\/blog\/neuigkeiten\/kurzdoku-ausbildung-in-berlin\/","url":"https:\/\/ungedient.de\/blog\/neuigkeiten\/kurzdoku-ausbildung-in-berlin\/","name":"Einblick: Ausbildung in Berlin &#8226; UNgedient.","isPartOf":{"@id":"https:\/\/ungedient.de\/blog\/#website"},"primaryImageOfPage":{"@id":"https:\/\/ungedient.de\/blog\/neuigkeiten\/kurzdoku-ausbildung-in-berlin\/#primaryimage"},"image":{"@id":"https:\/\/ungedient.de\/blog\/neuigkeiten\/kurzdoku-ausbildung-in-berlin\/#primaryimage"},"thumbnailUrl":"https:\/\/ungedient.de\/blog\/wp-content\/uploads\/2024\/10\/tagesspiegel.jpg","datePublished":"2024-10-29T10:34:37+00:00","dateModified":"2024-10-29T10:35:39+00:00","breadcrumb":{"@id":"https:\/\/ungedient.de\/blog\/neuigkeiten\/kurzdoku-ausbildung-in-berlin\/#breadcrumb"},"inLanguage":"de","potentialAction":[{"@type":"ReadAction","target":["https:\/\/ungedient.de\/blog\/neuigkeiten\/kurzdoku-ausbildung-in-berlin\/"]}]},{"@type":"ImageObject","inLanguage":"de","@id":"https:\/\/ungedient.de\/blog\/neuigkeiten\/kurzdoku-ausbildung-in-berlin\/#primaryimage","url":"https:\/\/ungedient.de\/blog\/wp-content\/uploads\/2024\/10\/tagesspiegel.jpg","contentUrl":"https:\/\/ungedient.de\/blog\/wp-content\/uploads\/2024\/10\/tagesspiegel.jpg","width":950,"height":500},{"@type":"BreadcrumbList","@id":"https:\/\/ungedient.de\/blog\/neuigkeiten\/kurzdoku-ausbildung-in-berlin\/#breadcrumb","itemListElement":[{"@type":"ListItem","position":1,"name":"Startseite","item":"https:\/\/ungedient.de\/blog\/"},{"@type":"ListItem","position":2,"name":"Notizen","item":"https:\/\/ungedient.de\/blog\/thema\/neuigkeiten\/"},{"@type":"ListItem","position":3,"name":"Einblick: Ausbildung in Berlin"}]},{"@type":"WebSite","@id":"https:\/\/ungedient.de\/blog\/#website","url":"https:\/\/ungedient.de\/blog\/","name":"UNgedient. Vom Ungedienten zur Bundeswehr.","description":"Dein Weg in die Reserve der Bundeswehr","publisher":{"@id":"https:\/\/ungedient.de\/blog\/#organization"},"alternateName":"Ausbildung f\u00fcr Ungediente","potentialAction":[{"@type":"SearchAction","target":{"@type":"EntryPoint","urlTemplate":"https:\/\/ungedient.de\/blog\/?s={search_term_string}"},"query-input":{"@type":"PropertyValueSpecification","valueRequired":true,"valueName":"search_term_string"}}],"inLanguage":"de"},{"@type":"Organization","@id":"https:\/\/ungedient.de\/blog\/#organization","name":"UNgedient. Vom Ungedienten zur Bundeswehr.","alternateName":"Ausbildung Ungedienter zum Reservisten der Bundeswehr","url":"https:\/\/ungedient.de\/blog\/","logo":{"@type":"ImageObject","inLanguage":"de","@id":"https:\/\/ungedient.de\/blog\/#\/schema\/logo\/image\/","url":"https:\/\/ungedient.de\/blog\/wp-content\/uploads\/2023\/03\/ungedient-favicon.jpg","contentUrl":"https:\/\/ungedient.de\/blog\/wp-content\/uploads\/2023\/03\/ungedient-favicon.jpg","width":520,"height":520,"caption":"UNgedient. Vom Ungedienten zur Bundeswehr."},"image":{"@id":"https:\/\/ungedient.de\/blog\/#\/schema\/logo\/image\/"},"sameAs":["https:\/\/www.facebook.com\/fuchs52y"]},{"@type":"Person","@id":"https:\/\/ungedient.de\/blog\/#\/schema\/person\/1648f47e5e180daeaa9f15f2dd485bf5","name":"Daniel","image":{"@type":"ImageObject","inLanguage":"de","@id":"https:\/\/secure.gravatar.com\/avatar\/ef3cfcfe1a934ab692f6ac8a025998218be6f7edf0973bf6f01a1c8634236232?s=96&d=mm&r=g","url":"https:\/\/secure.gravatar.com\/avatar\/ef3cfcfe1a934ab692f6ac8a025998218be6f7edf0973bf6f01a1c8634236232?s=96&d=mm&r=g","contentUrl":"https:\/\/secure.gravatar.com\/avatar\/ef3cfcfe1a934ab692f6ac8a025998218be6f7edf0973bf6f01a1c8634236232?s=96&d=mm&r=g","caption":"Daniel"},"description":"Daniel absolvierte die Ausbildung f\u00fcr Ungediente 2023 in Rheinland-Pfalz und ist mittlerweile in der 5.\/HSchRgt 3 beordert. Er arbeitete als Reservistendienstleistender in einer Projektgruppe des Territorialen F\u00fchrungskommandos der Bundeswehr und engagiert sich als einer von zwei Beauftragten der Landesgruppe Baden-W\u00fcrttemberg des Verbandes der Reservisten der Deutschen Bundeswehr f\u00fcr die Ausbildung Ungediente. 2025 wurde er Vorsitzender der Reservistenarbeitsgemeinschaft Drohne MO. Daniel ist verheiratet und Vater von drei T\u00f6chtern.","sameAs":["https:\/\/facebook.com\/fuchs52y"]}]}},"_links":{"self":[{"href":"https:\/\/ungedient.de\/blog\/wp-json\/wp\/v2\/posts\/4827","targetHints":{"allow":["GET"]}}],"collection":[{"href":"https:\/\/ungedient.de\/blog\/wp-json\/wp\/v2\/posts"}],"about":[{"href":"https:\/\/ungedient.de\/blog\/wp-json\/wp\/v2\/types\/post"}],"author":[{"embeddable":true,"href":"https:\/\/ungedient.de\/blog\/wp-json\/wp\/v2\/users\/1"}],"replies":[{"embeddable":true,"href":"https:\/\/ungedient.de\/blog\/wp-json\/wp\/v2\/comments?post=4827"}],"version-history":[{"count":0,"href":"https:\/\/ungedient.de\/blog\/wp-json\/wp\/v2\/posts\/4827\/revisions"}],"wp:featuredmedia":[{"embeddable":true,"href":"https:\/\/ungedient.de\/blog\/wp-json\/wp\/v2\/media\/4830"}],"wp:attachment":[{"href":"https:\/\/ungedient.de\/blog\/wp-json\/wp\/v2\/media?parent=4827"}],"wp:term":[{"taxonomy":"category","embeddable":true,"href":"https:\/\/ungedient.de\/blog\/wp-json\/wp\/v2\/categories?post=4827"},{"taxonomy":"post_tag","embeddable":true,"href":"https:\/\/ungedient.de\/blog\/wp-json\/wp\/v2\/tags?post=4827"}],"curies":[{"name":"wp","href":"https:\/\/api.w.org\/{rel}","templated":true}]}}