{"id":4954,"date":"2025-06-10T20:27:44","date_gmt":"2025-06-10T18:27:44","guid":{"rendered":"https:\/\/ungedient.de\/blog\/?p=4954"},"modified":"2025-06-12T19:23:18","modified_gmt":"2025-06-12T17:23:18","slug":"paukenschlag-ausbildung-von-ungedienten-wird-fortgesetzt","status":"publish","type":"post","link":"https:\/\/ungedient.de\/blog\/reserve\/paukenschlag-ausbildung-von-ungedienten-wird-fortgesetzt\/","title":{"rendered":"Neuausrichtung: Weisung in Arbeit!"},"content":{"rendered":"<div class=\"wpb-content-wrapper\">[vc_row][vc_column][vc_column_text css=&#8220;&#8220;]<strong>Was ist nun eigentlich Sache?<\/strong> \u2013 Diese Frage stellen sich derzeit viele Interessenten. Auch das gro\u00dfe Medienecho, das die Reserve derzeit erf\u00e4hrt, tr\u00e4gt dazu bei, dass sich immer mehr Ungediente f\u00fcr das Ausbildungsprogramm interessieren.<\/p>\n<h3>Update 12.06.2025<\/h3>\n<blockquote>[&#8230;] zum Thema Ausbildung f\u00fcr Ungediente kann ich Ihnen nach <strong>ministeriellem Entscheid<\/strong> erfreulicherweise mitteilen, dass die Ausbildung Ungedienter fortgef\u00fchrt wird und die f\u00fcr 2025 ausgeplanten Ausbildungen von Ungedienten stattfinden werden.<br \/>\n<strong>Zugleich soll die Ausbildung neuausgerichtet werden, hierzu wird derzeit eine weiterf\u00fchrende Weisung erarbeitet.<br \/>\n<\/strong>Sobald es einen neuen Sachstand gibt, wird das Kompetenzzentrum Reservistenangelegenheiten der Bundeswehr diesen auf Internetseite \u201e<a href=\"https:\/\/bundeswehr.de\/reserve\" target=\"_blank\" rel=\"noopener\">bundeswehr.de\/reserve<\/a>\u201c kommunizieren.<\/p>\n<p><strong>Oberst i.G. Kracht<br \/>\n<\/strong>Vertreter des Kompetenzzentrum Reservistenangelegenheiten (KompZRes)<\/p><\/blockquote>\n<h3>Wie ist der aktuelle Sachstand?<\/h3>\n<p><em>(22.04.2025, 12:00 Uhr)<\/em> Das <strong>Heer<\/strong> teilt mit, dass die Ausbildungskapazit\u00e4ten nach 2026 nicht sichergestellt werden k\u00f6nnen &#8211; auch nicht im Rahmen der Heimatschutzkompanien, da diese aller Voraussicht nach den Auftrag erhalten werden die &#8222;neuen Wehrdienstleistenden&#8220; auszubilden. Somit ist das Heer und die seit kurzem unterstellten Heimatschutzregimenter bzw. -kompanien raus als potentielle Ausbilder. Wer macht es also? Das Kompentenzzentrum f\u00fcr Reservistenangelegenheiten (KompZRes) hat wiederholt betont, dass die Ausbildung &#8211; auch in den kommenden Jahren &#8211; fortgesetzt werden soll. Das Streitkr\u00e4fteamt, welches f\u00fcr die unbeorderte Reservistenarbeit verantwortlich ist, wird nun wohl versuchen ein &#8222;Konstrukt&#8220; zu erarbeiten, welches die Ausbildung in Zukunft sicherstellt. \u00dcber die Feldwebel f\u00fcr Reservistenangelegenheiten (FwRes) oder doch die Landeskommandos (LKdo)? Bislang weiterhin unklar. Auch ist unklar, wohin man sich als Interessent derzeit wenden kann. M\u00f6glicherweise an den FwRes? Anfragen aus der Community an die verantwortlichen Stellen bleiben seit Wochen unbeantwortet. Das B\u00fcro der Wehrbeauftragten teilt mit, dass man eine \u00dcberpr\u00fcfung eingeleitet hat.[\/vc_column_text][vc_separator][vc_column_text css=&#8220;&#8220;]<em>Urspr\u00fcngliche Meldung:<\/em><\/p>\n<p>Gute Nachrichten f\u00fcr alle Interessierten an der <strong>Ausbildung Ungediente<\/strong>: Sie wird auch nach 2025 weitergef\u00fchrt! Das wurde j\u00fcngst in einer \u00f6ffentlichen Online-Veranstaltung des <strong>Heimatschutzregiments 2<\/strong> best\u00e4tigt. Die klare Aussage aus dem Kompetenzzentrum f\u00fcr Reservistenangelegenheiten (KompZRes):<\/p>\n<blockquote><p><em>\u201eDie Ausbildung ist fortzuf\u00fchren.\u201c<\/em><\/p><\/blockquote>\n<p>Auch k\u00fcnftig wird die Ausbildung an verschiedenen Standorten fortgesetzt werden &#8211; unter den Fittichen des KompZRes. Einer (aber nicht, wie zun\u00e4chst bef\u00fcrchtet, der einzige) der geplanten Ausbildungsstandorte ist <a href=\"https:\/\/www.bundeswehr.de\/de\/betreuung-fuersorge\/betreuungsportal\/betreuung-am-standort-\/appen\" target=\"_blank\" rel=\"noopener\"><strong>Appen<\/strong> in Schleswig-Holstein<\/a>. Weitere Orte werden folgen &#8211; welche ist bislang unklar. Appen alleine wird dem Zustrom an Bewerbern jedenfalls nicht standhalten k\u00f6nnen. Wie viele Auszubildenden wird man k\u00fcnftig, deutschlandweit, pro Jahrgang aufnehmen? Viele Fragen bleiben vorerst offen.<\/p>\n<h3><strong>Warum ist die Fortsetzung wichtig?<\/strong><\/h3>\n<p>Die <strong>Ausbildung Ungediente<\/strong> ist eine essenzielle Ma\u00dfnahme, um die <strong>Reserve zu st\u00e4rken<\/strong> und neue Interessierte f\u00fcr die Landes- und B\u00fcndnisverteidigung zu gewinnen. Ohne dieses Format w\u00fcrde es erheblich schwieriger, ausreichend Personal f\u00fcr die Reserve zu mobilisieren \u2013 besonders im Hinblick auf die steigenden sicherheitspolitischen Herausforderungen.<\/p>\n<h3>Warum nicht zum Heer?<\/h3>\n<p>Die Spekulationen, dass sich das Heer nicht f\u00fcr die Ausbildung Ungedienter begeistern kann, scheinen sich zu best\u00e4tigen. Dies ist schade, da die Reservistinnen und Reservisten bislang insbesondere dem Heimatschutz bzw. dem Heer zugute kamen. M\u00f6glicherweise wird aber gerade dies in Zukunft aufgeweicht, sodass auch andere Bereiche (z.B. CIR und SAN) profitieren k\u00f6nnen.<\/p>\n<h3><strong>Wir sind &#8222;gewollt&#8220;!<\/strong><\/h3>\n<p>Wichtigste Botschaft des Tages ist, dass die Ausbildung f\u00fcr Ungediente (auch politisch) gewollt ist und <em>irgendwie<\/em> weitergef\u00fchrt wird. Dies ist wohl in erster Linie Generalmajor Hoppe und seinem Vorg\u00e4nger Generalleutnant Laubenthal zu verdanken, die direkten \u201eEinfluss\u201c auf das KompZRes haben, und auch Minister Pistorius hat sich zum Ausbildungsprogramm bekannt.<\/p>\n<p>Bitte seht vorerst von Bewerbungen an das KompZRes ab. Es bleibt abzuwarten, wie genau die Umsetzung aussehen wird. Wichtig ist aber: Die Ausbildung f\u00fcr Ungediente bleibt uns k\u00fcnftig erhalten \u2013 und das ist ein <strong>starkes Signal f\u00fcr die Reserve und die Verteidigungsf\u00e4higkeit Deutschlands<\/strong>.<\/p>\n<p>Wir bleiben dran und halten euch auf dem Laufenden![\/vc_column_text][vc_column_text css=&#8220;&#8220;]\n<ul>\n<li>Aktualisiert am 13.02.2025 &#8211; Appen wird nicht der einzige Standort sein.<\/li>\n<li>Aktualisiert am 05.03.2025 &#8211; KompZRes unterstreicht Fortsetzung.<\/li>\n<li>Aktualisiert am 22.04.2025 &#8211; Immer noch keine neueren Infos.<\/li>\n<\/ul>\n[\/vc_column_text][\/vc_column][\/vc_row][vc_row color=&#8220;&#8220; message_box_style=&#8220;solid&#8220; style=&#8220;rounded&#8220; message_box_color=&#8220;grey&#8220; icon_type=&#8220;fontawesome&#8220; icon_fontawesome=&#8220;fas fa-image&#8220; icon_monosocial=&#8220;vc-mono vc-mono-fivehundredpx&#8220; icon_openiconic=&#8220;&#8220; icon_typicons=&#8220;&#8220; icon_entypo=&#8220;&#8220; icon_linecons=&#8220;&#8220; icon_pixelicons=&#8220;&#8220;][vc_column][vc_message message_box_style=&#8220;solid&#8220; message_box_color=&#8220;grey&#8220; icon_fontawesome=&#8220;fas fa-image&#8220; css=&#8220;&#8220;]<strong>Titelbild<\/strong><br \/>\n\u00a9 eigene Montage[\/vc_message][\/vc_column][\/vc_row]\n\r\n\t\t\t<div id=\"daexthefu-container\"\r\n\t\t\t\tclass=\"daexthefu-container daexthefu-layout-stacked daexthefu-alignment-center\"\r\n\t\t\t\tdata-post-id=\"4954\">\r\n\r\n\t\t\t\t<div class=\"daexthefu-feedback\">\r\n\t\t\t\t\t<div class=\"daexthefu-text\">\r\n\t\t\t\t\t\t<h3 class=\"daexthefu-title\">War dieser Artikel f\u00fcr dich hilfreich?<\/h3>\r\n\t\t\t\t\t<\/div>\r\n\t\t\t\t\t<div class=\"daexthefu-buttons-container\">\r\n\t\t\t\t\t\t<div class=\"daexthefu-buttons\">\r\n\t\t\t\t\t\t\t\r\n\t\t\t<div class=\"daexthefu-yes daexthefu-button daexthefu-button-type-icon\" data-value=\"1\">\r\n\t\t\t\t\r\n                <svg>\r\n                    <defs>\r\n                        <style>.thumb-up-cls-1{fill:#c9c9c9;}.thumb-up-cls-2{fill:#e1e1e1;}.thumb-up-cls-3{fill:#676767;}<\/style>\r\n                    <\/defs>\r\n                    <g id=\"thumb_up\">\r\n                        <path class=\"thumb-up-cls-2 daexthefu-icon-circle\" d=\"m24,3c11.58,0,21,9.42,21,21s-9.42,21-21,21S3,35.58,3,24,12.42,3,24,3m0-1C11.85,2,2,11.85,2,24s9.85,22,22,22,22-9.85,22-22S36.15,2,24,2h0Z\" \/>\r\n                        <g>\r\n                            <rect class=\"thumb-up-cls-3 daexthefu-icon-secondary-color\" x=\"10\" y=\"20\" width=\"6\" height=\"15\" rx=\"1.5\" ry=\"1.5\" \/>\r\n                            <path class=\"thumb-up-cls-1 daexthefu-icon-primary-color\" d=\"m30.57,9.06l-.49-.1c-.81-.17-1.61.35-1.78,1.16l-5.3,11.74c-.17.81,3.16,1.61,3.97,1.78l1.96.41c.81.17,1.61-.35,1.78-1.16l2.18-10.27c.34-1.61-.7-3.21-2.31-3.56Z\" \/>\r\n                            <path class=\"thumb-up-cls-1 daexthefu-icon-primary-color\" d=\"m38.17,20h-18.67c-.83,0-1.5.67-1.5,1.5v12c0,.83.67,1.5,1.5,1.5h16.27c.71,0,1.33-.5,1.47-1.21l2.4-12c.19-.93-.53-1.8-1.47-1.8Z\" \/>\r\n                        <\/g>\r\n                    <\/g>\r\n                <\/svg>\t\t\t<\/div>\r\n\r\n\t\t\t\t\t\t\t\t\t\t\r\n\t\t\t<div class=\"daexthefu-no daexthefu-button daexthefu-button-type-icon\" data-value=\"0\">\r\n\t\t\t\t\r\n                <svg>\r\n                    <defs>\r\n                        <style>.thumb-down-cls-1{fill:#c9c9c9;}.thumb-down-cls-2{fill:#e1e1e1;}.thumb-down-cls-3{fill:#676767;}<\/style>\r\n                    <\/defs>\r\n                    <g id=\"thumb_down\">\r\n                        <path class=\"thumb-down-cls-2 daexthefu-icon-circle\" d=\"m24,3c11.58,0,21,9.42,21,21s-9.42,21-21,21S3,35.58,3,24,12.42,3,24,3m0-1C11.85,2,2,11.85,2,24s9.85,22,22,22,22-9.85,22-22S36.15,2,24,2h0Z\" \/>\r\n                        <g>\r\n                            <rect class=\"thumb-down-cls-3 daexthefu-icon-secondary-color\" x=\"10\" y=\"13\" width=\"6\" height=\"15\" rx=\"1.5\" ry=\"1.5\" \/>\r\n                            <path class=\"thumb-down-cls-1 daexthefu-icon-primary-color\" d=\"m30.57,38.94l-.49.1c-.81.17-1.61-.35-1.78-1.16l-5.3-11.74c-.17-.81,3.16-1.61,3.97-1.78l1.96-.41c.81-.17,1.61.35,1.78,1.16l2.18,10.27c.34,1.61-.7,3.21-2.31,3.56Z\" \/>\r\n                            <path class=\"thumb-down-cls-1 daexthefu-icon-primary-color\" d=\"m38.17,28h-18.67c-.83,0-1.5-.67-1.5-1.5v-12c0-.83.67-1.5,1.5-1.5h16.27c.71,0,1.33.5,1.47,1.21l2.4,12c.19.93-.53,1.8-1.47,1.8Z\" \/>\r\n                        <\/g>\r\n                    <\/g>\r\n                <\/svg>\t\t\t<\/div>\r\n\r\n\t\t\t\t\t\t\t\t\t<\/div>\r\n\t\t\t\t\t<\/div>\r\n\t\t\t\t<\/div>\r\n\r\n\t\t\t\t<div class=\"daexthefu-comment\">\r\n\t\t\t\t\t<div class=\"daexthefu-comment-top-container\">\r\n\t\t\t\t\t\t<label id=\"daexthefu-comment-label\" class=\"daexthefu-comment-label\"><\/label>\r\n\t\t\t\t\t\t\t\t\t\t\t\t\t<div class=\"daexthefu-comment-character-counter-container\">\r\n\t\t\t\t\t\t\t\t<div id=\"daexthefu-comment-character-counter-number\"\r\n\t\t\t\t\t\t\t\t\tclass=\"daexthefu-comment-character-counter-number\"><\/div>\r\n\t\t\t\t\t\t\t\t<div class=\"daexthefu-comment-character-counter-text\"><\/div>\r\n\t\t\t\t\t\t\t<\/div>\r\n\t\t\t\t\t\t\t\t\t\t\t<\/div>\r\n\t\t\t\t\t<textarea id=\"daexthefu-comment-textarea\" class=\"daexthefu-comment-textarea\"\r\n\t\t\t\t\t\t\t\tplaceholder=\"Dein Feedback\u2026\"\r\n\t\t\t\t\t\t\t\tmaxlength=\"\r\n\t\t\t\t\t\t\t\t500\t\t\t\t\t\t\t\t\t\"><\/textarea>\r\n\t\t\t\t\t<div class=\"daexthefu-comment-buttons-container\">\r\n\t\t\t\t\t\t<button class=\"daexthefu-comment-submit daexthefu-button\">senden<\/button>\r\n\t\t\t\t\t\t<button class=\"daexthefu-comment-cancel daexthefu-button\">abbrechen<\/button>\r\n\t\t\t\t\t<\/div>\r\n\t\t\t\t<\/div>\r\n\r\n\t\t\t\t<div class=\"daexthefu-successful-submission-text\">Vielen Dank!<\/div>\r\n\r\n\t\t\t<\/div>\r\n\r\n\t\t\t<\/div>","protected":false},"excerpt":{"rendered":"<p>Neuausrichtung der Ausbildung, Weisung laut KompZRes in Arbeit.<\/p>\n","protected":false},"author":1,"featured_media":4986,"comment_status":"open","ping_status":"open","sticky":false,"template":"","format":"status","meta":{"_helpful_status":1,"inline_featured_image":false,"footnotes":""},"categories":[20],"tags":[163],"class_list":["post-4954","post","type-post","status-publish","format-status","has-post-thumbnail","hentry","category-reserve","tag-ausbildung","post_format-post-format-status"],"acf":[],"yoast_head":"<!-- This site is optimized with the Yoast SEO plugin v27.5 - https:\/\/yoast.com\/product\/yoast-seo-wordpress\/ -->\n<title>Neuausrichtung: Weisung in Arbeit! &#8226; UNgedient.<\/title>\n<meta name=\"robots\" content=\"index, follow, max-snippet:-1, max-image-preview:large, max-video-preview:-1\" \/>\n<link rel=\"canonical\" href=\"https:\/\/ungedient.de\/blog\/reserve\/paukenschlag-ausbildung-von-ungedienten-wird-fortgesetzt\/\" \/>\n<meta property=\"og:locale\" content=\"de_DE\" \/>\n<meta property=\"og:type\" content=\"article\" \/>\n<meta property=\"og:title\" content=\"Neuausrichtung: Weisung in Arbeit! &#8226; UNgedient.\" \/>\n<meta property=\"og:description\" content=\"Neuausrichtung der Ausbildung, Weisung laut KompZRes in Arbeit.\" \/>\n<meta property=\"og:url\" content=\"https:\/\/ungedient.de\/blog\/reserve\/paukenschlag-ausbildung-von-ungedienten-wird-fortgesetzt\/\" \/>\n<meta property=\"og:site_name\" content=\"UNgedient.\" \/>\n<meta property=\"article:publisher\" content=\"https:\/\/www.facebook.com\/fuchs52y\" \/>\n<meta property=\"article:author\" content=\"https:\/\/facebook.com\/fuchs52y\" \/>\n<meta property=\"article:published_time\" content=\"2025-06-10T18:27:44+00:00\" \/>\n<meta property=\"article:modified_time\" content=\"2025-06-12T17:23:18+00:00\" \/>\n<meta property=\"og:image\" content=\"https:\/\/ungedient.de\/blog\/wp-content\/uploads\/2025\/02\/bam.jpg\" \/>\n\t<meta property=\"og:image:width\" content=\"950\" \/>\n\t<meta property=\"og:image:height\" content=\"500\" \/>\n\t<meta property=\"og:image:type\" content=\"image\/jpeg\" \/>\n<meta name=\"author\" content=\"Daniel\" \/>\n<meta name=\"twitter:card\" content=\"summary_large_image\" \/>\n<meta name=\"twitter:label1\" content=\"Verfasst von\" \/>\n\t<meta name=\"twitter:data1\" content=\"Daniel\" \/>\n\t<meta name=\"twitter:label2\" content=\"Gesch\u00e4tzte Lesezeit\" \/>\n\t<meta name=\"twitter:data2\" content=\"4\u00a0Minuten\" \/>\n<script type=\"application\/ld+json\" class=\"yoast-schema-graph\">{\"@context\":\"https:\\\/\\\/schema.org\",\"@graph\":[{\"@type\":\"Article\",\"@id\":\"https:\\\/\\\/ungedient.de\\\/blog\\\/reserve\\\/paukenschlag-ausbildung-von-ungedienten-wird-fortgesetzt\\\/#article\",\"isPartOf\":{\"@id\":\"https:\\\/\\\/ungedient.de\\\/blog\\\/reserve\\\/paukenschlag-ausbildung-von-ungedienten-wird-fortgesetzt\\\/\"},\"author\":{\"name\":\"Daniel\",\"@id\":\"https:\\\/\\\/ungedient.de\\\/blog\\\/#\\\/schema\\\/person\\\/1648f47e5e180daeaa9f15f2dd485bf5\"},\"headline\":\"Neuausrichtung: Weisung in Arbeit!\",\"datePublished\":\"2025-06-10T18:27:44+00:00\",\"dateModified\":\"2025-06-12T17:23:18+00:00\",\"mainEntityOfPage\":{\"@id\":\"https:\\\/\\\/ungedient.de\\\/blog\\\/reserve\\\/paukenschlag-ausbildung-von-ungedienten-wird-fortgesetzt\\\/\"},\"wordCount\":737,\"commentCount\":12,\"publisher\":{\"@id\":\"https:\\\/\\\/ungedient.de\\\/blog\\\/#organization\"},\"image\":{\"@id\":\"https:\\\/\\\/ungedient.de\\\/blog\\\/reserve\\\/paukenschlag-ausbildung-von-ungedienten-wird-fortgesetzt\\\/#primaryimage\"},\"thumbnailUrl\":\"https:\\\/\\\/ungedient.de\\\/blog\\\/wp-content\\\/uploads\\\/2025\\\/02\\\/bam.jpg\",\"keywords\":[\"ausbildung\"],\"articleSection\":[\"Reserve\"],\"inLanguage\":\"de\",\"potentialAction\":[{\"@type\":\"CommentAction\",\"name\":\"Comment\",\"target\":[\"https:\\\/\\\/ungedient.de\\\/blog\\\/reserve\\\/paukenschlag-ausbildung-von-ungedienten-wird-fortgesetzt\\\/#respond\"]}]},{\"@type\":\"WebPage\",\"@id\":\"https:\\\/\\\/ungedient.de\\\/blog\\\/reserve\\\/paukenschlag-ausbildung-von-ungedienten-wird-fortgesetzt\\\/\",\"url\":\"https:\\\/\\\/ungedient.de\\\/blog\\\/reserve\\\/paukenschlag-ausbildung-von-ungedienten-wird-fortgesetzt\\\/\",\"name\":\"Neuausrichtung: Weisung in Arbeit! &#8226; UNgedient.\",\"isPartOf\":{\"@id\":\"https:\\\/\\\/ungedient.de\\\/blog\\\/#website\"},\"primaryImageOfPage\":{\"@id\":\"https:\\\/\\\/ungedient.de\\\/blog\\\/reserve\\\/paukenschlag-ausbildung-von-ungedienten-wird-fortgesetzt\\\/#primaryimage\"},\"image\":{\"@id\":\"https:\\\/\\\/ungedient.de\\\/blog\\\/reserve\\\/paukenschlag-ausbildung-von-ungedienten-wird-fortgesetzt\\\/#primaryimage\"},\"thumbnailUrl\":\"https:\\\/\\\/ungedient.de\\\/blog\\\/wp-content\\\/uploads\\\/2025\\\/02\\\/bam.jpg\",\"datePublished\":\"2025-06-10T18:27:44+00:00\",\"dateModified\":\"2025-06-12T17:23:18+00:00\",\"breadcrumb\":{\"@id\":\"https:\\\/\\\/ungedient.de\\\/blog\\\/reserve\\\/paukenschlag-ausbildung-von-ungedienten-wird-fortgesetzt\\\/#breadcrumb\"},\"inLanguage\":\"de\",\"potentialAction\":[{\"@type\":\"ReadAction\",\"target\":[\"https:\\\/\\\/ungedient.de\\\/blog\\\/reserve\\\/paukenschlag-ausbildung-von-ungedienten-wird-fortgesetzt\\\/\"]}]},{\"@type\":\"ImageObject\",\"inLanguage\":\"de\",\"@id\":\"https:\\\/\\\/ungedient.de\\\/blog\\\/reserve\\\/paukenschlag-ausbildung-von-ungedienten-wird-fortgesetzt\\\/#primaryimage\",\"url\":\"https:\\\/\\\/ungedient.de\\\/blog\\\/wp-content\\\/uploads\\\/2025\\\/02\\\/bam.jpg\",\"contentUrl\":\"https:\\\/\\\/ungedient.de\\\/blog\\\/wp-content\\\/uploads\\\/2025\\\/02\\\/bam.jpg\",\"width\":950,\"height\":500},{\"@type\":\"BreadcrumbList\",\"@id\":\"https:\\\/\\\/ungedient.de\\\/blog\\\/reserve\\\/paukenschlag-ausbildung-von-ungedienten-wird-fortgesetzt\\\/#breadcrumb\",\"itemListElement\":[{\"@type\":\"ListItem\",\"position\":1,\"name\":\"Startseite\",\"item\":\"https:\\\/\\\/ungedient.de\\\/blog\\\/\"},{\"@type\":\"ListItem\",\"position\":2,\"name\":\"Reserve\",\"item\":\"https:\\\/\\\/ungedient.de\\\/blog\\\/thema\\\/reserve\\\/\"},{\"@type\":\"ListItem\",\"position\":3,\"name\":\"Neuausrichtung: Weisung in Arbeit!\"}]},{\"@type\":\"WebSite\",\"@id\":\"https:\\\/\\\/ungedient.de\\\/blog\\\/#website\",\"url\":\"https:\\\/\\\/ungedient.de\\\/blog\\\/\",\"name\":\"UNgedient. Vom Ungedienten zur Bundeswehr.\",\"description\":\"Dein Weg in die Reserve der Bundeswehr\",\"publisher\":{\"@id\":\"https:\\\/\\\/ungedient.de\\\/blog\\\/#organization\"},\"alternateName\":\"Ausbildung f\u00fcr Ungediente\",\"potentialAction\":[{\"@type\":\"SearchAction\",\"target\":{\"@type\":\"EntryPoint\",\"urlTemplate\":\"https:\\\/\\\/ungedient.de\\\/blog\\\/?s={search_term_string}\"},\"query-input\":{\"@type\":\"PropertyValueSpecification\",\"valueRequired\":true,\"valueName\":\"search_term_string\"}}],\"inLanguage\":\"de\"},{\"@type\":\"Organization\",\"@id\":\"https:\\\/\\\/ungedient.de\\\/blog\\\/#organization\",\"name\":\"UNgedient. Vom Ungedienten zur Bundeswehr.\",\"alternateName\":\"Ausbildung Ungedienter zum Reservisten der Bundeswehr\",\"url\":\"https:\\\/\\\/ungedient.de\\\/blog\\\/\",\"logo\":{\"@type\":\"ImageObject\",\"inLanguage\":\"de\",\"@id\":\"https:\\\/\\\/ungedient.de\\\/blog\\\/#\\\/schema\\\/logo\\\/image\\\/\",\"url\":\"https:\\\/\\\/ungedient.de\\\/blog\\\/wp-content\\\/uploads\\\/2023\\\/03\\\/ungedient-favicon.jpg\",\"contentUrl\":\"https:\\\/\\\/ungedient.de\\\/blog\\\/wp-content\\\/uploads\\\/2023\\\/03\\\/ungedient-favicon.jpg\",\"width\":520,\"height\":520,\"caption\":\"UNgedient. Vom Ungedienten zur Bundeswehr.\"},\"image\":{\"@id\":\"https:\\\/\\\/ungedient.de\\\/blog\\\/#\\\/schema\\\/logo\\\/image\\\/\"},\"sameAs\":[\"https:\\\/\\\/www.facebook.com\\\/fuchs52y\"]},{\"@type\":\"Person\",\"@id\":\"https:\\\/\\\/ungedient.de\\\/blog\\\/#\\\/schema\\\/person\\\/1648f47e5e180daeaa9f15f2dd485bf5\",\"name\":\"Daniel\",\"image\":{\"@type\":\"ImageObject\",\"inLanguage\":\"de\",\"@id\":\"https:\\\/\\\/secure.gravatar.com\\\/avatar\\\/ef3cfcfe1a934ab692f6ac8a025998218be6f7edf0973bf6f01a1c8634236232?s=96&d=mm&r=g\",\"url\":\"https:\\\/\\\/secure.gravatar.com\\\/avatar\\\/ef3cfcfe1a934ab692f6ac8a025998218be6f7edf0973bf6f01a1c8634236232?s=96&d=mm&r=g\",\"contentUrl\":\"https:\\\/\\\/secure.gravatar.com\\\/avatar\\\/ef3cfcfe1a934ab692f6ac8a025998218be6f7edf0973bf6f01a1c8634236232?s=96&d=mm&r=g\",\"caption\":\"Daniel\"},\"description\":\"Daniel absolvierte die Ausbildung f\u00fcr Ungediente 2023 in Rheinland-Pfalz und ist mittlerweile in der 5.\\\/HSchRgt 3 beordert. Er arbeitete als Reservistendienstleistender in einer Projektgruppe des Territorialen F\u00fchrungskommandos der Bundeswehr und engagiert sich als einer von zwei Beauftragten der Landesgruppe Baden-W\u00fcrttemberg des Verbandes der Reservisten der Deutschen Bundeswehr f\u00fcr die Ausbildung Ungediente. 2025 wurde er Vorsitzender der Reservistenarbeitsgemeinschaft Drohne MO. Daniel ist verheiratet und Vater von drei T\u00f6chtern.\",\"sameAs\":[\"https:\\\/\\\/facebook.com\\\/fuchs52y\"]}]}<\/script>\n<!-- \/ Yoast SEO plugin. -->","yoast_head_json":{"title":"Neuausrichtung: Weisung in Arbeit! &#8226; UNgedient.","robots":{"index":"index","follow":"follow","max-snippet":"max-snippet:-1","max-image-preview":"max-image-preview:large","max-video-preview":"max-video-preview:-1"},"canonical":"https:\/\/ungedient.de\/blog\/reserve\/paukenschlag-ausbildung-von-ungedienten-wird-fortgesetzt\/","og_locale":"de_DE","og_type":"article","og_title":"Neuausrichtung: Weisung in Arbeit! &#8226; UNgedient.","og_description":"Neuausrichtung der Ausbildung, Weisung laut KompZRes in Arbeit.","og_url":"https:\/\/ungedient.de\/blog\/reserve\/paukenschlag-ausbildung-von-ungedienten-wird-fortgesetzt\/","og_site_name":"UNgedient.","article_publisher":"https:\/\/www.facebook.com\/fuchs52y","article_author":"https:\/\/facebook.com\/fuchs52y","article_published_time":"2025-06-10T18:27:44+00:00","article_modified_time":"2025-06-12T17:23:18+00:00","og_image":[{"width":950,"height":500,"url":"https:\/\/ungedient.de\/blog\/wp-content\/uploads\/2025\/02\/bam.jpg","type":"image\/jpeg"}],"author":"Daniel","twitter_card":"summary_large_image","twitter_misc":{"Verfasst von":"Daniel","Gesch\u00e4tzte Lesezeit":"4\u00a0Minuten"},"schema":{"@context":"https:\/\/schema.org","@graph":[{"@type":"Article","@id":"https:\/\/ungedient.de\/blog\/reserve\/paukenschlag-ausbildung-von-ungedienten-wird-fortgesetzt\/#article","isPartOf":{"@id":"https:\/\/ungedient.de\/blog\/reserve\/paukenschlag-ausbildung-von-ungedienten-wird-fortgesetzt\/"},"author":{"name":"Daniel","@id":"https:\/\/ungedient.de\/blog\/#\/schema\/person\/1648f47e5e180daeaa9f15f2dd485bf5"},"headline":"Neuausrichtung: Weisung in Arbeit!","datePublished":"2025-06-10T18:27:44+00:00","dateModified":"2025-06-12T17:23:18+00:00","mainEntityOfPage":{"@id":"https:\/\/ungedient.de\/blog\/reserve\/paukenschlag-ausbildung-von-ungedienten-wird-fortgesetzt\/"},"wordCount":737,"commentCount":12,"publisher":{"@id":"https:\/\/ungedient.de\/blog\/#organization"},"image":{"@id":"https:\/\/ungedient.de\/blog\/reserve\/paukenschlag-ausbildung-von-ungedienten-wird-fortgesetzt\/#primaryimage"},"thumbnailUrl":"https:\/\/ungedient.de\/blog\/wp-content\/uploads\/2025\/02\/bam.jpg","keywords":["ausbildung"],"articleSection":["Reserve"],"inLanguage":"de","potentialAction":[{"@type":"CommentAction","name":"Comment","target":["https:\/\/ungedient.de\/blog\/reserve\/paukenschlag-ausbildung-von-ungedienten-wird-fortgesetzt\/#respond"]}]},{"@type":"WebPage","@id":"https:\/\/ungedient.de\/blog\/reserve\/paukenschlag-ausbildung-von-ungedienten-wird-fortgesetzt\/","url":"https:\/\/ungedient.de\/blog\/reserve\/paukenschlag-ausbildung-von-ungedienten-wird-fortgesetzt\/","name":"Neuausrichtung: Weisung in Arbeit! &#8226; UNgedient.","isPartOf":{"@id":"https:\/\/ungedient.de\/blog\/#website"},"primaryImageOfPage":{"@id":"https:\/\/ungedient.de\/blog\/reserve\/paukenschlag-ausbildung-von-ungedienten-wird-fortgesetzt\/#primaryimage"},"image":{"@id":"https:\/\/ungedient.de\/blog\/reserve\/paukenschlag-ausbildung-von-ungedienten-wird-fortgesetzt\/#primaryimage"},"thumbnailUrl":"https:\/\/ungedient.de\/blog\/wp-content\/uploads\/2025\/02\/bam.jpg","datePublished":"2025-06-10T18:27:44+00:00","dateModified":"2025-06-12T17:23:18+00:00","breadcrumb":{"@id":"https:\/\/ungedient.de\/blog\/reserve\/paukenschlag-ausbildung-von-ungedienten-wird-fortgesetzt\/#breadcrumb"},"inLanguage":"de","potentialAction":[{"@type":"ReadAction","target":["https:\/\/ungedient.de\/blog\/reserve\/paukenschlag-ausbildung-von-ungedienten-wird-fortgesetzt\/"]}]},{"@type":"ImageObject","inLanguage":"de","@id":"https:\/\/ungedient.de\/blog\/reserve\/paukenschlag-ausbildung-von-ungedienten-wird-fortgesetzt\/#primaryimage","url":"https:\/\/ungedient.de\/blog\/wp-content\/uploads\/2025\/02\/bam.jpg","contentUrl":"https:\/\/ungedient.de\/blog\/wp-content\/uploads\/2025\/02\/bam.jpg","width":950,"height":500},{"@type":"BreadcrumbList","@id":"https:\/\/ungedient.de\/blog\/reserve\/paukenschlag-ausbildung-von-ungedienten-wird-fortgesetzt\/#breadcrumb","itemListElement":[{"@type":"ListItem","position":1,"name":"Startseite","item":"https:\/\/ungedient.de\/blog\/"},{"@type":"ListItem","position":2,"name":"Reserve","item":"https:\/\/ungedient.de\/blog\/thema\/reserve\/"},{"@type":"ListItem","position":3,"name":"Neuausrichtung: Weisung in Arbeit!"}]},{"@type":"WebSite","@id":"https:\/\/ungedient.de\/blog\/#website","url":"https:\/\/ungedient.de\/blog\/","name":"UNgedient. Vom Ungedienten zur Bundeswehr.","description":"Dein Weg in die Reserve der Bundeswehr","publisher":{"@id":"https:\/\/ungedient.de\/blog\/#organization"},"alternateName":"Ausbildung f\u00fcr Ungediente","potentialAction":[{"@type":"SearchAction","target":{"@type":"EntryPoint","urlTemplate":"https:\/\/ungedient.de\/blog\/?s={search_term_string}"},"query-input":{"@type":"PropertyValueSpecification","valueRequired":true,"valueName":"search_term_string"}}],"inLanguage":"de"},{"@type":"Organization","@id":"https:\/\/ungedient.de\/blog\/#organization","name":"UNgedient. Vom Ungedienten zur Bundeswehr.","alternateName":"Ausbildung Ungedienter zum Reservisten der Bundeswehr","url":"https:\/\/ungedient.de\/blog\/","logo":{"@type":"ImageObject","inLanguage":"de","@id":"https:\/\/ungedient.de\/blog\/#\/schema\/logo\/image\/","url":"https:\/\/ungedient.de\/blog\/wp-content\/uploads\/2023\/03\/ungedient-favicon.jpg","contentUrl":"https:\/\/ungedient.de\/blog\/wp-content\/uploads\/2023\/03\/ungedient-favicon.jpg","width":520,"height":520,"caption":"UNgedient. Vom Ungedienten zur Bundeswehr."},"image":{"@id":"https:\/\/ungedient.de\/blog\/#\/schema\/logo\/image\/"},"sameAs":["https:\/\/www.facebook.com\/fuchs52y"]},{"@type":"Person","@id":"https:\/\/ungedient.de\/blog\/#\/schema\/person\/1648f47e5e180daeaa9f15f2dd485bf5","name":"Daniel","image":{"@type":"ImageObject","inLanguage":"de","@id":"https:\/\/secure.gravatar.com\/avatar\/ef3cfcfe1a934ab692f6ac8a025998218be6f7edf0973bf6f01a1c8634236232?s=96&d=mm&r=g","url":"https:\/\/secure.gravatar.com\/avatar\/ef3cfcfe1a934ab692f6ac8a025998218be6f7edf0973bf6f01a1c8634236232?s=96&d=mm&r=g","contentUrl":"https:\/\/secure.gravatar.com\/avatar\/ef3cfcfe1a934ab692f6ac8a025998218be6f7edf0973bf6f01a1c8634236232?s=96&d=mm&r=g","caption":"Daniel"},"description":"Daniel absolvierte die Ausbildung f\u00fcr Ungediente 2023 in Rheinland-Pfalz und ist mittlerweile in der 5.\/HSchRgt 3 beordert. Er arbeitete als Reservistendienstleistender in einer Projektgruppe des Territorialen F\u00fchrungskommandos der Bundeswehr und engagiert sich als einer von zwei Beauftragten der Landesgruppe Baden-W\u00fcrttemberg des Verbandes der Reservisten der Deutschen Bundeswehr f\u00fcr die Ausbildung Ungediente. 2025 wurde er Vorsitzender der Reservistenarbeitsgemeinschaft Drohne MO. Daniel ist verheiratet und Vater von drei T\u00f6chtern.","sameAs":["https:\/\/facebook.com\/fuchs52y"]}]}},"_links":{"self":[{"href":"https:\/\/ungedient.de\/blog\/wp-json\/wp\/v2\/posts\/4954","targetHints":{"allow":["GET"]}}],"collection":[{"href":"https:\/\/ungedient.de\/blog\/wp-json\/wp\/v2\/posts"}],"about":[{"href":"https:\/\/ungedient.de\/blog\/wp-json\/wp\/v2\/types\/post"}],"author":[{"embeddable":true,"href":"https:\/\/ungedient.de\/blog\/wp-json\/wp\/v2\/users\/1"}],"replies":[{"embeddable":true,"href":"https:\/\/ungedient.de\/blog\/wp-json\/wp\/v2\/comments?post=4954"}],"version-history":[{"count":0,"href":"https:\/\/ungedient.de\/blog\/wp-json\/wp\/v2\/posts\/4954\/revisions"}],"wp:featuredmedia":[{"embeddable":true,"href":"https:\/\/ungedient.de\/blog\/wp-json\/wp\/v2\/media\/4986"}],"wp:attachment":[{"href":"https:\/\/ungedient.de\/blog\/wp-json\/wp\/v2\/media?parent=4954"}],"wp:term":[{"taxonomy":"category","embeddable":true,"href":"https:\/\/ungedient.de\/blog\/wp-json\/wp\/v2\/categories?post=4954"},{"taxonomy":"post_tag","embeddable":true,"href":"https:\/\/ungedient.de\/blog\/wp-json\/wp\/v2\/tags?post=4954"}],"curies":[{"name":"wp","href":"https:\/\/api.w.org\/{rel}","templated":true}]}}