{"id":946,"date":"2023-03-09T10:38:10","date_gmt":"2023-03-09T09:38:10","guid":{"rendered":"https:\/\/ungedient.de\/blog\/?p=946"},"modified":"2023-08-13T18:45:52","modified_gmt":"2023-08-13T16:45:52","slug":"bewerbung-als-ungedienter","status":"publish","type":"post","link":"https:\/\/ungedient.de\/blog\/bewerbung\/bewerbung-als-ungedienter\/","title":{"rendered":"Bewerbung als Ungedienter"},"content":{"rendered":"<div class=\"wpb-content-wrapper\">[vc_row][vc_column][vc_row_inner][vc_column_inner width=&#8220;2\/3&#8243;][vc_column_text]<em>First things first\u2026\u00a0<\/em><span style=\"font-weight: 400;\">Du \u00fcberlegst also, ob du dich f\u00fcr die Ausbildung f\u00fcr Ungediente bewerben solltest? &#8211; Herzlichen Gl\u00fcckwunsch! Bevor du nun in diesem Artikel liest, wie das Verfahren abl\u00e4uft, wie ich es erlebt habe, sei gewarnt: Von dir wird erwartet, dass du (O-Ton) <strong>z\u00e4h und hartn\u00e4ckig<\/strong> bist &#8211; und das \u00fcber Monate hinweg. Sieh das Ganze als einen ersten Test, wenn du so willst, als eine Art b\u00fcrokratische Belastungsprobe. Glaub mir, das macht es ertr\u00e4glicher, denn es wird nicht leicht und schon gar nicht schnell gehen. Also vergiss deine Erfahrungen aus der freien Wirtschaft, obwohl die Bundeswehr einen hohen Bedarf hat, wird dieser Weg ungewohnt und steinig sein&#8230;<\/span>[\/vc_column_text][\/vc_column_inner][vc_column_inner width=&#8220;1\/3&#8243;][vc_column_text]Ich habe ein kleines Tool gebastelt, welches dir den Einstieg erleichtern soll. Beantworte ein paar Fragen und erhalte direkt die entsprechenden Antworten:[\/vc_column_text][vc_btn title=&#8220;Tool: Rekruten-Helferlein&#8220; style=&#8220;flat&#8220; i_icon_fontawesome=&#8220;fas fa-question-circle&#8220; add_icon=&#8220;true&#8220; link=&#8220;url:https%3A%2F%2Fungedient.de%2Fblog%2Freserve%2Fkleines-helferlein%2F|title:Kleines%20Helferlein&#8220;][\/vc_column_inner][\/vc_row_inner][vc_message message_box_style=&#8220;solid&#8220; message_box_color=&#8220;green&#8220; icon_fontawesome=&#8220;far fa-lightbulb&#8220;]<strong>Unser Mentorenprogramm<\/strong><br \/>\nEhemalige Ungediente helfen dir bei deinem Weg zur Ausbildung. Du kannst sie mit Fragen l\u00f6chern und erh\u00e4ltst weitere Tipps:<\/p>\n<div class=\"frm_forms  with_frm_style frm_inline_form frm_style_ungedient\" id=\"frm_form_9_container\" data-token=\"b42229b25fb52399ceebc36f9ff6eeb8\">\n<form enctype=\"multipart\/form-data\" method=\"post\" class=\"frm-show-form  frm_pro_form \" id=\"form_mentorenauswahl2\" data-token=\"b42229b25fb52399ceebc36f9ff6eeb8\">\n<div class=\"frm_form_fields \">\n<fieldset>\n<legend class=\"frm_screen_reader\">Mentorenauswahl<\/legend>\r\n\r\n<div class=\"frm_fields_container\">\n<input type=\"hidden\" name=\"frm_action\" value=\"create\" \/>\n<input type=\"hidden\" name=\"form_id\" value=\"9\" \/>\n<input type=\"hidden\" name=\"frm_hide_fields_9\" id=\"frm_hide_fields_9\" value=\"\" \/>\n<input type=\"hidden\" name=\"form_key\" value=\"mentorenauswahl2\" \/>\n<input type=\"hidden\" name=\"item_meta[0]\" value=\"\" \/>\n<input type=\"hidden\" id=\"frm_submit_entry_9\" name=\"frm_submit_entry_9\" value=\"a14d3fce00\" \/><input type=\"hidden\" name=\"_wp_http_referer\" value=\"\/blog\/wp-json\/wp\/v2\/posts\/946\" \/><div id=\"frm_field_143_container\" class=\"frm_form_field form-field  frm_required_field frm_none_container\">\r\n    <label for=\"field_7hiiu\" id=\"field_7hiiu_label\" class=\"frm_primary_label\">Verf\u00fcgbare Mentoren\r\n        <span class=\"frm_required\" aria-hidden=\"true\">*<\/span>\r\n    <\/label>\r\n    \t\t<select  name=\"item_meta[143]\" id=\"field_7hiiu\"  data-reqmsg=\"Dieses Feld ist ein Pflichtfeld.\" aria-required=\"true\" data-invmsg=\"Verf\u00fcgbare Mentoren ist ung\u00fcltig\" aria-invalid=\"false\"  >\n\t\t\t\t\t\t\t<option  value=\"\" class=\"frm-select-placeholder\">\n\t\t\t\t\t \t\t\t\t<\/option>\n\t\t\t\t\t\t\t\t<option  value=\"Baden-W\u00fcrttemberg\">\n\t\t\t\t\tBaden-W\u00fcrttemberg\t\t\t\t<\/option>\n\t\t\t\t\t\t\t\t<option  value=\"Bayern\">\n\t\t\t\t\tBayern\t\t\t\t<\/option>\n\t\t\t\t\t\t\t\t<option  value=\"Berlin\">\n\t\t\t\t\tBerlin\t\t\t\t<\/option>\n\t\t\t\t\t\t\t\t<option  value=\"Brandenburg\">\n\t\t\t\t\tBrandenburg\t\t\t\t<\/option>\n\t\t\t\t\t\t\t\t<option  value=\"Hessen\">\n\t\t\t\t\tHessen\t\t\t\t<\/option>\n\t\t\t\t\t\t\t\t<option  value=\"Nordrhein Westfalen\">\n\t\t\t\t\tNordrhein Westfalen\t\t\t\t<\/option>\n\t\t\t\t\t\t\t\t<option  value=\"Rheinland-Pfalz\">\n\t\t\t\t\tRheinland-Pfalz\t\t\t\t<\/option>\n\t\t\t\t\t\t<\/select>\n\t\t\r\n    \r\n    \r\n<\/div>\n<div id=\"frm_field_281_container\" class=\"frm_form_field form-field \">\n\t<div class=\"frm_submit\">\r\n\r\n<button class=\"frm_button_submit frm_final_submit\" type=\"submit\"   style=\"    padding: 3px 10px;\r\n    border-radius: 20px;\r\n    background: #567043;\r\n    border: 1px solid #5670435c;\r\n    color: white!important;\">anzeigen<\/button>\r\n\r\n\r\n<\/div>\n<\/div>\n\t<input type=\"hidden\" name=\"item_key\" value=\"\" \/>\n\t\t\t<div id=\"frm_field_310_container\">\n\t\t\t<label for=\"field_mqxm6\" >\n\t\t\t\tFalls Du menschlich bist, lasse dieses Feld leer.\t\t\t<\/label>\n\t\t\t<input  id=\"field_mqxm6\" type=\"text\" class=\"frm_form_field form-field frm_verify\" name=\"item_meta[310]\" value=\"\"  \/>\n\t\t<\/div>\n\t\t<input name=\"frm_state\" type=\"hidden\" value=\"hp0sjke8W6JN3ylxpsfMHSsC2UnlyqXSlER6uM9ssBtlDQidihfq2NXHySpfYqOl\" \/><\/div>\n<\/fieldset>\n<\/div>\n<script type=\"text\/javascript\">var input = document.createElement('input');\n    input.setAttribute('type', 'hidden');\n    input.setAttribute('name', 'ct_checkjs_frm');\n    input.setAttribute('value', '0c06beaddf8a1e262511186643265fb7de035cfefeeab43ce67b1122037de046');\n    for (i = 0; i < document.forms.length; i++) {\n        if (typeof document.forms[i].id == 'string'){\n\t\t\tif(document.forms[i].id.search('form_mentorenauswahl2') != -1) {\n            document.forms[i].appendChild(input);\n\t\t\t}\n        }\n    }<\/script>\n\n<p style=\"display: none !important;\" class=\"akismet-fields-container\" data-prefix=\"ak_\"><label>&#916;<textarea name=\"ak_hp_textarea\" cols=\"45\" rows=\"8\" maxlength=\"100\"><\/textarea><\/label><input type=\"hidden\" id=\"ak_js_1\" name=\"ak_js\" value=\"161\"\/><script>document.getElementById( \"ak_js_1\" ).setAttribute( \"value\", ( new Date() ).getTime() );<\/script><\/p><\/form>\n<\/div>\n[\/vc_message][vc_column_text]<code>Bitte beachten: Diese Checkliste basiert auf meinem pers\u00f6nlichen Kenntnisstand. Es gibt jedoch immer wieder Neuerungen im Verfahren und regionale Unterschiede. Beispielsweise gibt es in Baden-W\u00fcrttemberg eine Informationsveranstaltung die Voraussetzung daf\u00fcr ist, dass man auf die Warteliste aufgenommen wird. Andere Landeskommandos wiederum bilden aktuell m\u00f6glicherweise gar nicht aus und du wirst an ein anderes Bundesland verwiesen. Bitte informiere dich daher gezielt \u00fcber den Ablauf deiner Bewerbung bei deinem LKdo!<\/code><\/p>\n<p><span style=\"font-weight: 400;\">Im Folgenden habe ich f\u00fcr dich eine kleine Bewerber-Checkliste zusammengestellt, die dir helfen soll, die eine oder andere H\u00fcrde zu umschiffen. Bitte beachte, dass diese Liste nicht ohne die nachfolgenden Erl\u00e4uterungen auskommt &#8211; und dass es in deinem pers\u00f6nlichen Fall Abweichungen geben kann, da jedes LKdo mehr oder weniger sein eigenes S\u00fcppchen kocht:<\/span><\/p>\n<h2>Checkliste f\u00fcr Bewerber<\/h2>\n\n<div id=\"printarea\">\n<div class=\"checklist cp\"><label><input class=\"checklistp cplus\" type=\"checkbox\" \/><span class=\"checklbp\">Vorab informieren, hilfreiche Stichw\u00f6rter bzw. Suchbegriffe:<\/span><\/label><\/div>\n<div class=\"checklist cpp\"><label><input class=\"checklistp cplusplus\" type=\"checkbox\" \/><span class=\"checklbp\">Ausbildung f\u00fcr Ungediente<\/span><\/label><\/div>\n<div class=\"checklist cpp\"><label><input class=\"checklistp cplusplus\" type=\"checkbox\" \/><span class=\"checklbp\">Heimatschutzkompanie<\/span><\/label><\/div>\n<div class=\"checklist cpp\"><label><input class=\"checklistp cplusplus\" type=\"checkbox\" \/><span class=\"checklbp\">Reservistenverband<\/span><\/label><\/div>\n<div class=\"checklist cm\"><em><strong><label><span class=\"checklbp\">II Den Gedanken reifen lassen, Alternativen (z.B. THW) in Betracht ziehen<\/span><\/label><\/strong><\/em><\/div>\n<div class=\"checklist cpp\"><label><input class=\"checklistp cplusplus\" type=\"checkbox\" \/><span class=\"checklbp\">Das Thema mit deinem Partner \/ deiner Partnerin besprechen<\/span><\/label><\/div>\n<div class=\"checklist cpp\"><label><input class=\"checklistp cplusplus\" type=\"checkbox\" \/><span class=\"checklbp\">Klammere das Thema &#8222;Verwundung und Tod&#8220; nicht aus<\/span><\/label><\/div>\n<div class=\"checklist cpp\"><label><input class=\"checklistp cplusplus\" type=\"checkbox\" \/><span class=\"checklbp\">Bist du bereit Freizeit, Kraft und Nerven zu investieren?<\/span><\/label><\/div>\n<div class=\"checklist cpp\"><label><input class=\"checklistp cplusplus\" type=\"checkbox\" \/><span class=\"checklbp\">Gibt dir deine Familie \/ Freunde \/ Partner*in R\u00fcckendeckung?<\/span><\/label><\/div>\n<div class=\"checklist cpp\"><label><input class=\"checklistp cplusplus\" type=\"checkbox\" \/><span class=\"checklbp\">Spielt deine Firma \/ dein Chef*in mit?<\/span><\/label><\/div>\n<div class=\"checklist cpp\"><label><input class=\"checklistp cplusplus\" type=\"checkbox\" \/><span class=\"checklbp\">Entscheide dich bewusst. Falls &#8222;Jawohl!&#8220;, dann fahre fort:<\/span><\/label><\/div>\n<div class=\"checklist cp\"><label><input class=\"checklistp cplus\" type=\"checkbox\" \/><span class=\"checklbp\">Das zust\u00e4ndige LKdo ausfindig machen<\/span><\/label><\/div>\n<div class=\"checklist cp\"><label><input class=\"checklistp cplus\" type=\"checkbox\" \/><span class=\"checklbp\">KDV-Widerruf ans BAFzA (Bundesamt f\u00fcr Familie und zivilgesellschaftliche Aufgaben) (!) senden<\/span><\/label><\/div>\n<div class=\"checklist cp\"><label><input class=\"checklistp cplus\" type=\"checkbox\" \/><span class=\"checklbp\">Das LKdo per E-Mail mit folgenden Infos kontaktieren: <\/span><\/label><\/div>\n<div class=\"checklist cpp\"><label><input class=\"checklistp cplusplus\" type=\"checkbox\" \/><span class=\"checklbp\">Betreff: &#8222;Ausbildung Ungedienter&#8220; <\/span><\/label><\/div>\n<div class=\"checklist cpp\"><label><input class=\"checklistp cplusplus\" type=\"checkbox\" \/><span class=\"checklbp\">Name <\/span><\/label><\/div>\n<div class=\"checklist cpp\"><label><input class=\"checklistp cplusplus\" type=\"checkbox\" \/><span class=\"checklbp\">Anschrift <\/span><\/label><\/div>\n<div class=\"checklist cpp\"><label><input class=\"checklistp cplusplus\" type=\"checkbox\" \/><span class=\"checklbp\">Geburtsdatum<\/span><\/label><\/div>\n<div class=\"checklist cpp\"><label><input class=\"checklistp cplusplus\" type=\"checkbox\" \/><span class=\"checklbp\">Erreichbarkeit (z.B. Tage, Uhrzeiten, Rufnummern)<\/span><\/label><\/div>\n<div class=\"checklist cm\"><em><strong><label><span class=\"checklbp\">II Auf Antworten vom BAFzABundesamt f\u00fcr Familie und zivilgesellschaftliche Aufgaben und LKdo warten<\/span><\/label><\/strong><\/em><\/div>\n<div class=\"checklist cp\"><label><input class=\"checklistp cplus\" type=\"checkbox\" \/><span class=\"checklbp\">(optional:) Beim Reservistenverband Mitglied werden<\/span><\/label><\/div>\n<div class=\"checklist cp\"><label><input class=\"checklistp cplus\" type=\"checkbox\" \/><span class=\"checklbp\">(optional): eine Reservistenkameradschaft in der <a href=\"https:\/\/ungedient.de\/blog\/stichwort\/rk\/\">N\u00e4he<\/a> finden<\/span><\/label><\/div>\n<div class=\"checklist cp\"><label><input class=\"checklistp cplus\" type=\"checkbox\" \/><span class=\"checklbp\">Bewerbung zusammenstellen<\/span><\/label><\/div>\n<div class=\"checklist cpp\"><label><input class=\"checklistp cplusplus\" type=\"checkbox\" \/><span class=\"checklbp\">Erhaltene Unterlagen durchschauen<\/span><\/label><\/div>\n<div class=\"checklist cpp\"><label><input class=\"checklistp cplusplus\" type=\"checkbox\" \/><span class=\"checklbp\">Formulare ausf\u00fcllen und doppelt pr\u00fcfen<\/span><\/label><\/div>\n<div class=\"checklist cpp\"><label><input class=\"checklistp cplusplus\" type=\"checkbox\" \/><span class=\"checklbp\">Zeugnisse, Unterlagen etc. zusammentragen<\/span><\/label><\/div>\n<div class=\"checklist cpp\"><label><input class=\"checklistp cplusplus\" type=\"checkbox\" \/><span class=\"checklbp\">Alles nochmal \u00fcberpr\u00fcfen (alle Unterschriften, vollst\u00e4ndig?)<\/span><\/label><\/div>\n<div class=\"checklist cpp\"><label><input class=\"checklistp cplusplus\" type=\"checkbox\" \/><span class=\"checklbp\">Bewerbung ans LKdo senden<\/span><\/label><\/div>\n<div class=\"checklist cpp\"><label><input class=\"checklistp cplusplus\" type=\"checkbox\" \/><span class=\"checklbp\">Eingangsbest\u00e4tigungen anfordern<\/span><\/label><\/div>\n<div class=\"checklist cp\"><label><input class=\"checklistp cplus\" type=\"checkbox\" \/><span class=\"checklbp\">Sobald verf\u00fcgbar: Beleg \u00fcber Widerruf vom BAFzA (Bundesamt f\u00fcr Familie und zivilgesellschaftliche Aufgaben) an LKdo senden<\/span><\/label><\/div>\n<div class=\"checklist cm\"><em><strong><label><span class=\"checklbp\">II Drei Wochen warten<\/span><\/label><\/strong><\/em><\/div>\n<div class=\"checklist cpp\"><label><input class=\"checklistp cplusplus\" type=\"checkbox\" \/><span class=\"checklbp\">Beim LKdo nachhaken, ob alles passt<\/span><\/label><\/div>\n<div class=\"checklist cpp\"><label><input class=\"checklistp cplusplus\" type=\"checkbox\" \/><span class=\"checklbp\">Ggf. beim BAFzA (Bundesamt f\u00fcr Familie und zivilgesellschaftliche Aufgaben) nachhaken wegen KDV<\/span><\/label><\/div>\n<div class=\"checklist cm\"><em><strong><label><span class=\"checklbp\">II Drei Wochen warten<\/span><\/label><\/strong><\/em><\/div>\n<div class=\"checklist cpp\"><label><input class=\"checklistp cplusplus\" type=\"checkbox\" \/><span class=\"checklbp\">Beim BAPersBw nachhaken \/ Best\u00e4tigung anfordern<\/span><\/label><\/div>\n<div class=\"checklist cpp\"><label><input class=\"checklistp cplusplus\" type=\"checkbox\" \/><span class=\"checklbp\">Beim BAPersBw zust\u00e4ndiges KarrC der Bundeswehr erfragen (sofern nicht bekannt)<\/span><\/label><\/div>\n<div class=\"checklist cm\"><em><strong><label><span class=\"checklbp\">II Drei Wochen warten<\/span><\/label><\/strong><\/em><\/div>\n<div class=\"checklist cpp\"><label><input class=\"checklistp cplusplus\" type=\"checkbox\" \/><span class=\"checklbp\">Erscheint deine Bewerbung im <a class=\"extlink\" title=\"externer Link\" href=\"https:\/\/ungedient.de\/goto.php?url=https:\/\/bewerbung.bundeswehr-karriere.de\/\" target=\"_blank\" rel=\"nofollow noopener\">Karriere-Portal<\/a>?<\/span><\/label><\/div>\n<div class=\"checklist cpp\"><label><input class=\"checklistp cplusplus\" type=\"checkbox\" \/><span class=\"checklbp\">Ggf. beim zust\u00e4ndigen KarrC der Bundeswehr nachhaken<\/span><\/label><\/div>\n<div class=\"checklist cm\"><em><strong><label><span class=\"checklbp\">II Einladung vom KarrC der Bundeswehr erhalten<\/span><\/label><\/strong><\/em><\/div>\n<div class=\"checklist cpp\"><label><input class=\"checklistp cplusplus\" type=\"checkbox\" \/><span class=\"checklbp\">Das LKdo \u00fcber Termin des Assessments informieren<\/span><\/label><\/div>\n<div class=\"checklist cp\"><label><input class=\"checklistp cplus\" type=\"checkbox\" \/><span class=\"checklbp\">Assessment durchf\u00fchren<\/span><\/label><\/div>\n<div class=\"checklist cpp\"><label><input class=\"checklistp cplusplus\" type=\"checkbox\" \/><span class=\"checklbp\">Das LKdo \u00fcber Ausgang des Assessments informieren (damit sie mit dir rechnen k\u00f6nnen)<\/span><\/label><\/div>\n<div class=\"checklist cpp\"><label><input class=\"checklistp cplusplus\" type=\"checkbox\" \/><span class=\"checklbp\">Die ELSE (Elektronische Sicherheitserkl\u00e4rung)-Software herunterladen und Sicherheitserkl\u00e4rung durchf\u00fchren<\/span><\/label><\/div>\n<\/div>\n\n<p>&nbsp;<\/p>\n<h2>Weitere Informationen<\/h2>\n<p>Deinen Ansprechpartner findest du in dieser <a href=\"https:\/\/ungedient.de\/blog\/allgemein\/ansprechpartner-fuer-ungediente\/\">\u00dcbersicht<\/a>. Auch gibt es die M\u00f6glichkeit direkt in eine gehobene Laufbahn einzusteigen, beispielsweise als Reserveoffizieranw\u00e4rter (ROA).<\/p>\n<h2>Pers\u00f6nlicher Einblick<\/h2>\n<p>Nachfolgend schildere ich, wie an vielen Stellen, meine individuellen Erfahrungen. Vielleicht ist es bei dir \u00e4hnlich&#8230; Auf meine erste E-Mail erhielt ich jedenfalls bereits am n\u00e4chsten Werktag eine Antwort per E-Mail, auf die ich schon ungeduldig wartete (ja!). Doch anders als erhofft, enthielt diese b\u00fcrokratische Mitteilung bereits einige H\u00fcrden. Sie hat mich \u00fcbrigens auch dazu veranlasst, eine erste Basisversion dieses Blogs zu schreiben&#8230; (und das war erst der Anfang, als h\u00e4tte ich es geahnt!) Wenn es &#8222;einfach einfach&#8220; w\u00e4re, dann br\u00e4uchte man diese Seite wahrscheinlich nicht. Da ich die Nachricht des LKdo nicht Wort f\u00fcr Wort wiedergeben m\u00f6chte, hier eine kurze Zusammenfassung:<br \/>\nDie n\u00e4chste Ausbildung ist im kommenden Jahr geplant, einen Termin gibt es noch nicht.<br \/>\nNach Eingang aller Unterlagen kann es acht bis zehn Monate dauern, bis der Anmelde- und Aufnahmeprozess abgeschlossen ist.<br \/>\nInnerhalb dieser Zeit muss ein Assessment und eine milit\u00e4r\u00e4rztliche Untersuchung durchgef\u00fchrt werden. Anschlie\u00dfend erfolgt eine Sicherheits\u00fcberpr\u00fcfung.<br \/>\nAu\u00dferdem waren der Nachricht 13 Anh\u00e4nge (!) beigef\u00fcgt worden, worauf ich weiter unten konkret eingehen werde.<br \/>\nEs wurde ein unterschriebener Lebenslauf, eine Kopie des Personalausweises und ein Schulabschlusszeugnis angefordert.<\/p>\n<p>Schauen wir uns im Folgenden die einzelnen Elemente an, welche der E-Mail beigef\u00fcgt waren:<\/p>\n<h3><b>Allgemeine Informationen f\u00fcr ungediente Reservisten<\/b><\/h3>\n<ol>\n<li style=\"font-weight: 400;\" aria-level=\"1\"><span style=\"font-weight: 400;\">Brosch\u00fcre &#8222;Ungediente&#8220; (Landeskommando), 8 Seiten<\/span>\n<ul>\n<li style=\"font-weight: 400;\" aria-level=\"2\"><span style=\"font-weight: 400;\">Grundlegende Informationen und Anforderungen<\/span><\/li>\n<li style=\"font-weight: 400;\" aria-level=\"2\"><span style=\"font-weight: 400;\">Beschreibung des Ablaufes<\/span><\/li>\n<li style=\"font-weight: 400;\" aria-level=\"2\"><span style=\"font-weight: 400;\">Untersuchung und Sicherheits\u00fcberpr\u00fcfung<\/span><\/li>\n<li style=\"font-weight: 400;\" aria-level=\"2\"><span style=\"font-weight: 400;\">Einkleidung und Empfang der pers\u00f6nlichen Ausr\u00fcstung<\/span><\/li>\n<li style=\"font-weight: 400;\" aria-level=\"2\"><span style=\"font-weight: 400;\">20 \u00dcbungstage in 2 Modulen verteilt auf 6 Monate<\/span><\/li>\n<li style=\"font-weight: 400;\" aria-level=\"2\"><span style=\"font-weight: 400;\">Beorderung in der Heimatschutzkompanie<\/span><\/li>\n<\/ul>\n<\/li>\n<li style=\"font-weight: 400;\" aria-level=\"1\"><span style=\"font-weight: 400;\">Handout (in meinem Fall aus Koblenz), 25 Seiten Pr\u00e4sentation<\/span>\n<ul>\n<li style=\"font-weight: 400;\" aria-level=\"2\"><span style=\"font-weight: 400;\">Das Zust\u00e4ndige Karrierecenter der Bundeswehr ist immer im Bundesland des Wohnortes. (Spoiler: das wissen wir nun, aber nicht alle am Prozess beteiligten Stellen\u2026) Eine \u00dcbersichtskarte gibt es <\/span><a href=\"https:\/\/www.bundeswehr.de\/de\/organisation\/personal\/organisation-\/bundesamt-fuer-das-personalmanagement-der-bundeswehr-\/karrierecenter-der-bundeswehr-\"><span style=\"font-weight: 400;\">hier<\/span><\/a><span style=\"font-weight: 400;\">.<\/span><\/li>\n<li style=\"font-weight: 400;\" aria-level=\"2\"><span style=\"font-weight: 400;\">Pflichten des Reservisten (\u00a7 77 SG)<\/span><\/li>\n<li style=\"font-weight: 400;\" aria-level=\"2\"><span style=\"font-weight: 400;\">Erteilung von Ausk\u00fcnften<\/span><\/li>\n<li style=\"font-weight: 400;\" aria-level=\"2\"><span style=\"font-weight: 400;\">Meldung \u00fcber den Wohnortwechsel (Erreichbarkeit sicherstellen)<\/span><\/li>\n<li style=\"font-weight: 400;\" aria-level=\"2\"><span style=\"font-weight: 400;\">\u00dcbernahme, Aufbewahrung und R\u00fcckgabe von Bekleidung<\/span><\/li>\n<li style=\"font-weight: 400;\" aria-level=\"2\"><span style=\"font-weight: 400;\">Mitteilung beruflicher Ver\u00e4nderungen (er\u00f6ffnet Karrierechancen)<\/span><\/li>\n<li style=\"font-weight: 400;\" aria-level=\"2\"><span style=\"font-weight: 400;\">Anzeige erworbener Qualifikationen (er\u00f6ffnet Karrierechancen)<\/span><\/li>\n<li style=\"font-weight: 400;\" aria-level=\"2\"><span style=\"font-weight: 400;\">Anzeigen von gesundheitlichen Ver\u00e4nderungen und ggf. Vorstellung<\/span><\/li>\n<li style=\"font-weight: 400;\" aria-level=\"2\"><span style=\"font-weight: 400;\">Informationen zu Leistungen f\u00fcr Arbeitnehmer bzw. Selbst\u00e4ndigen usw.<\/span><\/li>\n<li style=\"font-weight: 400;\" aria-level=\"2\"><span style=\"font-weight: 400;\">Zuschl\u00e4ge nach dem 15. Tag im Reservistendienst (bzw. Sonderregelungen f\u00fcr Samstage, Sonntage, Feiertage und Freitage).<\/span><\/li>\n<li style=\"font-weight: 400;\" aria-level=\"2\"><span style=\"font-weight: 400;\">Weitere Zuschl\u00e4ge (\u00a7\u00a7 15, 16, 17 USG), Beispielrechnungen.<\/span><\/li>\n<li style=\"font-weight: 400;\" aria-level=\"2\"><span style=\"font-weight: 400;\">Informationen zur sozialen Absicherung (K\u00fcndigungsschutz usw.)<\/span><\/li>\n<li style=\"font-weight: 400;\" aria-level=\"2\"><span style=\"font-weight: 400;\">Infos zur Best\u00e4tigung von Arbeitgeberseite<\/span><\/li>\n<li style=\"font-weight: 400;\" aria-level=\"2\"><span style=\"font-weight: 400;\">Infos zur Renten- und Arbeitslosenversicherung<\/span><\/li>\n<\/ul>\n<\/li>\n<li style=\"font-weight: 400;\" aria-level=\"1\"><span style=\"font-weight: 400;\">Flyer &#8222;Reservist werden&#8220; (vom Bundesamt), Wickelfalzflyer (Stand Juli 2018)<\/span>\n<ul>\n<li style=\"font-weight: 400;\" aria-level=\"2\"><span style=\"font-weight: 400;\">Allgemeine Informationen und Kontaktdaten<\/span><\/li>\n<li style=\"font-weight: 400;\" aria-level=\"2\"><span style=\"font-weight: 400;\">T\u00e4tigkeitsfelder und Kernaufgaben<\/span><\/li>\n<li style=\"font-weight: 400;\" aria-level=\"2\"><span style=\"font-weight: 400;\">Infos zu Veranstaltungen und Leistungen<\/span><\/li>\n<\/ul>\n<\/li>\n<li style=\"font-weight: 400;\" aria-level=\"1\"><span style=\"font-weight: 400;\">Brosch\u00fcre &#8222;Reservist \u2013 Ihre zweite Karriere&#8220; (Bundesamt f\u00fcr Personalmanagement), 28 Seiten<\/span>\n<ul>\n<li style=\"font-weight: 400;\" aria-level=\"2\"><span style=\"font-weight: 400;\">Ich habe eine alte Fassung erhalten. Die neueste Version von 2022 liegt hier als <\/span><a href=\"https:\/\/www.bundeswehr.de\/resource\/blob\/49004\/e399e43993cb5899494a7955504d44cd\/broschuere-reservist-ihre-zweite-karriere-data.pdf\"><span style=\"font-weight: 400;\">PDF<\/span><\/a><span style=\"font-weight: 400;\"> ab.<\/span><span style=\"font-weight: 400;\"><br \/>\n<\/span><span style=\"font-weight: 400;\">(Der Text scheint gr\u00f6\u00dftenteils identisch zu sein, lediglich das Layout wurde aktualisiert.)<\/span><\/li>\n<\/ul>\n<\/li>\n<li style=\"font-weight: 400;\" aria-level=\"1\"><span style=\"font-weight: 400;\">Vortrag &#8222;Ausbildung Ungediente&#8220; (Landeskommando), 9 Seiten Pr\u00e4sentation<\/span>\n<ul>\n<li style=\"font-weight: 400;\" aria-level=\"2\"><span style=\"font-weight: 400;\">Warum gibt es diese Ausbildung?<\/span><\/li>\n<li style=\"font-weight: 400;\" aria-level=\"2\"><span style=\"font-weight: 400;\">F\u00fcr wen ist diese Ausbildung gedacht? Die Pr\u00e4sentation verr\u00e4t:<\/span>\n<ul>\n<li style=\"font-weight: 400;\" aria-level=\"3\"><span style=\"font-weight: 400;\">Alle, die sich neben dem Beruf f\u00fcr unser Land engagieren wollen.<\/span><\/li>\n<li style=\"font-weight: 400;\" aria-level=\"3\"><span style=\"font-weight: 400;\">Eine neue Herausforderung suchen.<\/span><\/li>\n<li style=\"font-weight: 400;\" aria-level=\"3\"><span style=\"font-weight: 400;\">Kameradschaft erleben wollen.<\/span><\/li>\n<\/ul>\n<\/li>\n<li style=\"font-weight: 400;\" aria-level=\"2\"><span style=\"font-weight: 400;\">Was erwarten wir?<\/span>\n<ul>\n<li style=\"font-weight: 400;\" aria-level=\"3\"><span style=\"font-weight: 400;\">Bekenntnis zur freiheitlich demokratischen Grundordnung im Sinne des GG.<\/span><\/li>\n<li style=\"font-weight: 400;\" aria-level=\"3\"><span style=\"font-weight: 400;\">Bereitschaft einen Beitrag zur Sicherheit unseres Landes zu leisten<\/span><\/li>\n<li style=\"font-weight: 400;\" aria-level=\"3\"><span style=\"font-weight: 400;\">Motivation zur Teilnahme an den Ausbildungen\/ Wille zur Aus- und Weiterbildung<\/span><\/li>\n<li style=\"font-weight: 400;\" aria-level=\"3\"><span style=\"font-weight: 400;\">Bereitschaft zu Abstrichen in der Freizeit<\/span><\/li>\n<li style=\"font-weight: 400;\" aria-level=\"3\"><span style=\"font-weight: 400;\">Fortf\u00fchrung des Engagement als Reservist auf einem Beorderungsdienstposten<\/span><\/li>\n<\/ul>\n<\/li>\n<li style=\"font-weight: 400;\" aria-level=\"2\"><span style=\"font-weight: 400;\">Darunter sind eindrucksvolle, durchgestrichene Bilder was man nicht m\u00f6chte:<\/span>\n<ul>\n<li style=\"font-weight: 400;\" aria-level=\"3\"><span style=\"font-weight: 400;\">Rambo mit Panzerfaust<\/span><\/li>\n<li style=\"font-weight: 400;\" aria-level=\"3\"><span style=\"font-weight: 400;\">Fahnen schwenkende Reichsb\u00fcrger bzw. Faschisten<\/span><\/li>\n<li style=\"font-weight: 400;\" aria-level=\"3\"><span style=\"font-weight: 400;\">Jihadisten bzw. Extremisten<\/span><\/li>\n<\/ul>\n<\/li>\n<li style=\"font-weight: 400;\" aria-level=\"2\"><span style=\"font-weight: 400;\">Ablauf der Ausbildung:<\/span>\n<ul>\n<li style=\"font-weight: 400;\" aria-level=\"3\"><span style=\"font-weight: 400;\">Assessmentverfahren<\/span><\/li>\n<li style=\"font-weight: 400;\" aria-level=\"3\"><span style=\"font-weight: 400;\">Terminierung Ausbildungstermine<\/span><\/li>\n<li style=\"font-weight: 400;\" aria-level=\"3\"><span style=\"font-weight: 400;\">Ausbildung<\/span><\/li>\n<li style=\"font-weight: 400;\" aria-level=\"3\"><span style=\"font-weight: 400;\">Ausbildungsabschluss Soldat Streitkr\u00e4fte<\/span><\/li>\n<\/ul>\n<\/li>\n<li style=\"font-weight: 400;\" aria-level=\"2\"><span style=\"font-weight: 400;\">Zielsetzung (eine Grafik, welche ich wie folgt interpretiere)\u00a0<\/span>\n<ul>\n<li style=\"font-weight: 400;\" aria-level=\"3\"><span style=\"font-weight: 400;\">bis zu 12 Monate: Information, Assessment<\/span><\/li>\n<li style=\"font-weight: 400;\" aria-level=\"3\"><span style=\"font-weight: 400;\">bis zu 6 Monate: Ausbildung zum Soldat, Beorderung<\/span><\/li>\n<\/ul>\n<\/li>\n<li style=\"font-weight: 400;\" aria-level=\"2\"><span style=\"font-weight: 400;\">Ausbildungsplanung<\/span><span style=\"font-weight: 400;\"><br \/>\n<\/span><span style=\"font-weight: 400;\">Das Selbststudium teilt sich auf in 2 Module mit insgesamt 262 Ausbildungsstunden in den Pr\u00e4senzphasen.<\/span><span style=\"font-weight: 400;\"><br \/>\n<\/span><span style=\"font-weight: 400;\">Anmerkung hierzu: wenn man diese Ausbildungsstunden auf die angegebenen 6 Monate rechnet, dann entspricht dies im Schnitt rund 11 Stunden pro Woche.<\/span><\/p>\n<ul>\n<li style=\"font-weight: 400;\" aria-level=\"3\"><span style=\"font-weight: 400;\">I.1 Unterrichte, Formaldienst, Gel\u00f6bnis<\/span><\/li>\n<li style=\"font-weight: 400;\" aria-level=\"3\"><span style=\"font-weight: 400;\">I.2 Waffen- und Schie\u00dfausbildung \/ Sport (IGF\/KLF)<\/span><\/li>\n<li style=\"font-weight: 400;\" aria-level=\"3\"><span style=\"font-weight: 400;\">II.1 Waffen und Schie\u00dfausbildung<\/span><\/li>\n<li style=\"font-weight: 400;\" aria-level=\"3\"><span style=\"font-weight: 400;\">II.2 Erste Hilfe Ausbildung \/ Gefechtsdienst<\/span><\/li>\n<\/ul>\n<\/li>\n<li style=\"font-weight: 400;\" aria-level=\"2\"><span style=\"font-weight: 400;\">Heimatschutzkompanie<\/span>\n<ul>\n<li style=\"font-weight: 400;\" aria-level=\"3\"><span style=\"font-weight: 400;\">Aus- und Weiterbildungsma\u00dfnahmen<\/span><\/li>\n<\/ul>\n<\/li>\n<\/ul>\n<\/li>\n<li style=\"font-weight: 400;\" aria-level=\"1\"><span style=\"font-weight: 400;\">Flyer: Information f\u00fcr Arbeitgeber (Streitkr\u00e4fteamt, <\/span><a href=\"https:\/\/www.bundeswehr.de\/resource\/blob\/48962\/17c31a30ac0eb68b32074d04e5ba6e67\/flyer-die-reserve-informationen-fuer-arbeitgeber-data.pdf\"><span style=\"font-weight: 400;\">PDF<\/span><\/a><span style=\"font-weight: 400;\">)<\/span><\/li>\n<\/ol>\n<h3><b>Informationen zum Verfahren<\/b><\/h3>\n<ol>\n<li style=\"font-weight: 400;\" aria-level=\"1\"><span style=\"font-weight: 400;\">Einweisung zum Sicherheits\u00fcberpr\u00fcfungsverfahren (Landeskommando), 25 Seiten Pr\u00e4sentation<\/span>\n<ul>\n<li style=\"font-weight: 400;\" aria-level=\"2\"><span style=\"font-weight: 400;\">Warum eine Sicherheits\u00fcberpr\u00fcfung? (Problem und Ziel, Rechtsgrundlage)<\/span><\/li>\n<li style=\"font-weight: 400;\" aria-level=\"2\"><span style=\"font-weight: 400;\">Bundesamt des Milit\u00e4rischen Abschirmdienstes (BAMAD)<\/span><\/li>\n<li style=\"font-weight: 400;\" aria-level=\"2\"><span style=\"font-weight: 400;\">Vier Stufen der Sicherheits\u00fcberpr\u00fcfung (hier relevant Stufe 1)<\/span><\/li>\n<li style=\"font-weight: 400;\" aria-level=\"2\"><span style=\"font-weight: 400;\">Soldateneinstellungs\u00fcberpr\u00fcfungsgesetz (SEinst\u00dcG)<\/span>\n<ul>\n<li style=\"font-weight: 400;\" aria-level=\"3\"><span style=\"font-weight: 400;\">Extremismus, Terrorismus, Gewaltgeneigtheit.<\/span><\/li>\n<\/ul>\n<\/li>\n<li style=\"font-weight: 400;\" aria-level=\"2\"><span style=\"font-weight: 400;\">Es werden diverse staatliche Register abgefragt.<\/span><\/li>\n<li style=\"font-weight: 400;\" aria-level=\"2\"><span style=\"font-weight: 400;\">Das \u00dcberpr\u00fcfungsverfahren dauert in der Regel 4-5 Wochen.<\/span><\/li>\n<li style=\"font-weight: 400;\" aria-level=\"2\"><span style=\"font-weight: 400;\">Verfahrenshindernisse (verl\u00e4ngern das Verfahren auf 6-8 Wochen):<\/span>\n<ul>\n<li style=\"font-weight: 400;\" aria-level=\"3\"><span style=\"font-weight: 400;\">Verweigerung der Unterschrift der Ehefrau \/ Ehemannes.<\/span><\/li>\n<li style=\"font-weight: 400;\" aria-level=\"3\"><span style=\"font-weight: 400;\">Herkunft aus einem von ~30 Staaten mit besonderen Sicherheitsrisiken.<\/span><\/li>\n<li style=\"font-weight: 400;\" aria-level=\"3\"><span style=\"font-weight: 400;\">Ehe mit einer Person aus einer dieser Staaten.<\/span><\/li>\n<\/ul>\n<\/li>\n<\/ul>\n<\/li>\n<li style=\"font-weight: 400;\" aria-level=\"1\"><span style=\"font-weight: 400;\">Information zur Sicherheitserkl\u00e4rung, 2 Seiten<\/span>\n<ul>\n<li style=\"font-weight: 400;\" aria-level=\"2\"><span style=\"font-weight: 400;\">Erst nach dem bestandenen Assessment relevant.<\/span><\/li>\n<li style=\"font-weight: 400;\" aria-level=\"2\"><span style=\"font-weight: 400;\">Erkl\u00e4rung zum Download der ELSE-Software f\u00fcr den verschl\u00fcsselten Versand.<\/span><\/li>\n<\/ul>\n<\/li>\n<\/ol>\n<p>&nbsp;<\/p>\n<h3><b>Beigef\u00fcgte Formulare<\/b><\/h3>\n<p><span style=\"font-weight: 400;\">An dieser Stelle sei angemerkt, dass zwar die R\u00fccksendung der Formulare per E-Mail erw\u00fcnscht ist, es sich aber leider nicht um interaktive PDFs mit Formularfeldern\/- funktionen handelt. ++UPDATE++ Soeben hatte ich ein konstruktives Gespr\u00e4ch mit Stabsfeldwebel Dirk G. und freue mich, dass die Formulare inzwischen aktualisiert wurden und auch interaktiv (ausf\u00fcllbar) sind! &#8211; Mit dieser produktiven und schnellen Reaktion habe ich absolut nicht gerechnet!<\/span><\/p>\n<ul>\n<li style=\"font-weight: 400;\" aria-level=\"1\"><span style=\"font-weight: 400;\">Bewerbungsbogen f\u00fcr den Arbeitgeber Bundeswehr<\/span><\/li>\n<li style=\"font-weight: 400;\" aria-level=\"1\"><span style=\"font-weight: 400;\">Erkl\u00e4rung \u00fcber Mitgliedschaft oder Verbindung zu bestimmten politischen Parteien\/Organisationen\/Institutionen (Anlage 1 zum Bewerbungsbogen)<\/span><\/li>\n<li style=\"font-weight: 400;\" aria-level=\"1\"><span style=\"font-weight: 400;\">Erkl\u00e4rung Treuepflicht<\/span><\/li>\n<li style=\"font-weight: 400;\" aria-level=\"1\"><span style=\"font-weight: 400;\">Datenschutzerkl\u00e4rung<\/span><\/li>\n<li style=\"font-weight: 400;\" aria-level=\"1\"><span style=\"font-weight: 400;\">Verpflichtungserkl\u00e4rung zur Ableistung einer Reservedienstleistung<\/span><\/li>\n<\/ul>\n<p><span style=\"font-weight: 400;\">Zus\u00e4tzliches Informationsmaterial aus dem Netz: <\/span><span style=\"font-weight: 400;\">Flyer: Strategie der Reserve (Bundesministerium der Verteidigung, <\/span><a href=\"https:\/\/www.reservistenverband.de\/wp-content\/uploads\/2019\/10\/BMVg_Flyer_SdR.pdf\"><span style=\"font-weight: 400;\">PDF<\/span><\/a><span style=\"font-weight: 400;\">)<\/span><\/p>\n<h3><b>Anforderungen an Reservisten<\/b><\/h3>\n<p><span style=\"font-weight: 400;\">Aus einer Brosch\u00fcre des Landeskommandos:<\/span><span style=\"font-weight: 400;\"><br \/>\n<\/span><i><span style=\"font-weight: 400;\">&#8222;Sie bekennen sich zu unserer freiheitlich-demokratischen Grundordnung im Sinne des Grundgesetzes, Sie sind teamf\u00e4hig, Sie haben eine gute k\u00f6rperliche Konstitution und den Willen zur Aus- und Weiterbildung. Dar\u00fcber hinaus m\u00f6chten Sie einen Beitrag zur Sicherheit unseres Landes sowie zur Einsatzbereitschaft der Bundeswehr leisten. Trifft das zu, sind Sie unser Mann oder unsere Frau!&#8220;<\/span><\/i><\/p>\n<p><span style=\"font-weight: 400;\">Explizit vom Landeskommando angeforderte Unterlagen:<\/span><\/p>\n<ul>\n<li style=\"font-weight: 400;\" aria-level=\"1\"><span style=\"font-weight: 400;\">Verpflichtungserkl\u00e4rung<\/span><\/li>\n<li style=\"font-weight: 400;\" aria-level=\"1\"><span style=\"font-weight: 400;\">Erkl\u00e4rung Treuepflicht<\/span><\/li>\n<li style=\"font-weight: 400;\" aria-level=\"1\"><span style=\"font-weight: 400;\">Erkl\u00e4rung polit. Parteien<\/span><\/li>\n<li style=\"font-weight: 400;\" aria-level=\"1\"><span style=\"font-weight: 400;\">Datenschutzerkl\u00e4rung<\/span><\/li>\n<li style=\"font-weight: 400;\" aria-level=\"1\"><span style=\"font-weight: 400;\">Bewerbungsbogen<\/span><\/li>\n<li style=\"font-weight: 400;\" aria-level=\"1\"><span style=\"font-weight: 400;\">Lebenslauf<\/span><\/li>\n<li style=\"font-weight: 400;\" aria-level=\"1\"><span style=\"font-weight: 400;\">Kopie Personalausweis<\/span><\/li>\n<li style=\"font-weight: 400;\" aria-level=\"1\"><span style=\"font-weight: 400;\">Schulabschlusszeugnis<\/span><\/li>\n<\/ul>\n[\/vc_column_text][vc_message message_box_style=&#8220;solid&#8220; message_box_color=&#8220;green&#8220; icon_fontawesome=&#8220;far fa-lightbulb&#8220;]<strong>Unser Mentorenprogramm<\/strong><br \/>\nEhemalige Ungediente helfen dir bei deinem Weg zur Ausbildung. Du kannst sie mit Fragen l\u00f6chern und erh\u00e4ltst weitere Tipps:<\/p>\n<div class=\"frm_forms  with_frm_style frm_inline_form frm_style_ungedient\" id=\"frm_form_9_container\" data-token=\"b42229b25fb52399ceebc36f9ff6eeb8\" data-token=\"b42229b25fb52399ceebc36f9ff6eeb8\">\n<form enctype=\"multipart\/form-data\" method=\"post\" class=\"frm-show-form  frm_pro_form \" id=\"form_mentorenauswahl2\" data-token=\"b42229b25fb52399ceebc36f9ff6eeb8\" data-token=\"b42229b25fb52399ceebc36f9ff6eeb8\">\n<div class=\"frm_form_fields \">\n<fieldset>\n<legend class=\"frm_screen_reader\">Mentorenauswahl<\/legend>\r\n\r\n<div class=\"frm_fields_container\">\n<input type=\"hidden\" name=\"frm_action\" value=\"create\" \/>\n<input type=\"hidden\" name=\"form_id\" value=\"9\" \/>\n<input type=\"hidden\" name=\"frm_hide_fields_9\" id=\"frm_hide_fields_9\" value=\"\" \/>\n<input type=\"hidden\" name=\"form_key\" value=\"mentorenauswahl2\" \/>\n<input type=\"hidden\" name=\"item_meta[0]\" value=\"\" \/>\n<input type=\"hidden\" id=\"frm_submit_entry_9\" name=\"frm_submit_entry_9\" value=\"a14d3fce00\" \/><input type=\"hidden\" name=\"_wp_http_referer\" value=\"\/blog\/wp-json\/wp\/v2\/posts\/946\" \/><div id=\"frm_field_143_container\" class=\"frm_form_field form-field  frm_required_field frm_none_container\">\r\n    <label for=\"field_7hiiu\" id=\"field_7hiiu_label\" class=\"frm_primary_label\">Verf\u00fcgbare Mentoren\r\n        <span class=\"frm_required\" aria-hidden=\"true\">*<\/span>\r\n    <\/label>\r\n    \t\t<select  name=\"item_meta[143]\" id=\"field_7hiiu\"  data-reqmsg=\"Dieses Feld ist ein Pflichtfeld.\" aria-required=\"true\" data-invmsg=\"Verf\u00fcgbare Mentoren ist ung\u00fcltig\" aria-invalid=\"false\"  >\n\t\t\t\t\t\t\t<option  value=\"\" class=\"frm-select-placeholder\">\n\t\t\t\t\t \t\t\t\t<\/option>\n\t\t\t\t\t\t\t\t<option  value=\"Baden-W\u00fcrttemberg\">\n\t\t\t\t\tBaden-W\u00fcrttemberg\t\t\t\t<\/option>\n\t\t\t\t\t\t\t\t<option  value=\"Bayern\">\n\t\t\t\t\tBayern\t\t\t\t<\/option>\n\t\t\t\t\t\t\t\t<option  value=\"Berlin\">\n\t\t\t\t\tBerlin\t\t\t\t<\/option>\n\t\t\t\t\t\t\t\t<option  value=\"Brandenburg\">\n\t\t\t\t\tBrandenburg\t\t\t\t<\/option>\n\t\t\t\t\t\t\t\t<option  value=\"Hessen\">\n\t\t\t\t\tHessen\t\t\t\t<\/option>\n\t\t\t\t\t\t\t\t<option  value=\"Nordrhein Westfalen\">\n\t\t\t\t\tNordrhein Westfalen\t\t\t\t<\/option>\n\t\t\t\t\t\t\t\t<option  value=\"Rheinland-Pfalz\">\n\t\t\t\t\tRheinland-Pfalz\t\t\t\t<\/option>\n\t\t\t\t\t\t<\/select>\n\t\t\r\n    \r\n    \r\n<\/div>\n<div id=\"frm_field_281_container\" class=\"frm_form_field form-field \">\n\t<div class=\"frm_submit\">\r\n\r\n<button class=\"frm_button_submit frm_final_submit\" type=\"submit\"   style=\"    padding: 3px 10px;\r\n    border-radius: 20px;\r\n    background: #567043;\r\n    border: 1px solid #5670435c;\r\n    color: white!important;\">anzeigen<\/button>\r\n\r\n\r\n<\/div>\n<\/div>\n\t<input type=\"hidden\" name=\"item_key\" value=\"\" \/>\n\t\t\t<div id=\"frm_field_311_container\">\n\t\t\t<label for=\"field_pahzg\" >\n\t\t\t\tFalls Du menschlich bist, lasse dieses Feld leer.\t\t\t<\/label>\n\t\t\t<input  id=\"field_pahzg\" type=\"text\" class=\"frm_form_field form-field frm_verify\" name=\"item_meta[311]\" value=\"\"  \/>\n\t\t<\/div>\n\t\t<input name=\"frm_state\" type=\"hidden\" value=\"hp0sjke8W6JN3ylxpsfMHSsC2UnlyqXSlER6uM9ssBulmW5c8JorrXPAeEI2L4cs\" \/><\/div>\n<\/fieldset>\n<\/div>\n<script type=\"text\/javascript\">var input = document.createElement('input');\n    input.setAttribute('type', 'hidden');\n    input.setAttribute('name', 'ct_checkjs_frm');\n    input.setAttribute('value', '0c06beaddf8a1e262511186643265fb7de035cfefeeab43ce67b1122037de046');\n    for (i = 0; i < document.forms.length; i++) {\n        if (typeof document.forms[i].id == 'string'){\n\t\t\tif(document.forms[i].id.search('form_mentorenauswahl2') != -1) {\n            document.forms[i].appendChild(input);\n\t\t\t}\n        }\n    }<\/script>\n\n<p style=\"display: none !important;\" class=\"akismet-fields-container\" data-prefix=\"ak_\"><label>&#916;<textarea name=\"ak_hp_textarea\" cols=\"45\" rows=\"8\" maxlength=\"100\"><\/textarea><\/label><input type=\"hidden\" id=\"ak_js_2\" name=\"ak_js\" value=\"85\"\/><script>document.getElementById( \"ak_js_2\" ).setAttribute( \"value\", ( new Date() ).getTime() );<\/script><\/p><\/form>\n<\/div>\n[\/vc_message][\/vc_column][\/vc_row][vc_row color=&#8220;&#8220; message_box_style=&#8220;solid&#8220; style=&#8220;rounded&#8220; message_box_color=&#8220;grey&#8220; icon_type=&#8220;fontawesome&#8220; icon_fontawesome=&#8220;fas fa-image&#8220; icon_monosocial=&#8220;vc-mono vc-mono-fivehundredpx&#8220; icon_openiconic=&#8220;&#8220; icon_typicons=&#8220;&#8220; icon_entypo=&#8220;&#8220; icon_linecons=&#8220;&#8220; icon_pixelicons=&#8220;&#8220;][vc_column][vc_message message_box_style=&#8220;solid&#8220; message_box_color=&#8220;grey&#8220; icon_fontawesome=&#8220;fas fa-image&#8220;]<strong>Titelbild<\/strong><br \/>\n\u00a9 Eigene Montage \/ Shutterstock[\/vc_message][\/vc_column][\/vc_row]\n\r\n\t\t\t<div id=\"daexthefu-container\"\r\n\t\t\t\tclass=\"daexthefu-container daexthefu-layout-stacked daexthefu-alignment-center\"\r\n\t\t\t\tdata-post-id=\"946\">\r\n\r\n\t\t\t\t<div class=\"daexthefu-feedback\">\r\n\t\t\t\t\t<div class=\"daexthefu-text\">\r\n\t\t\t\t\t\t<h3 class=\"daexthefu-title\">War dieser Artikel f\u00fcr dich hilfreich?<\/h3>\r\n\t\t\t\t\t<\/div>\r\n\t\t\t\t\t<div class=\"daexthefu-buttons-container\">\r\n\t\t\t\t\t\t<div class=\"daexthefu-buttons\">\r\n\t\t\t\t\t\t\t\r\n\t\t\t<div class=\"daexthefu-yes daexthefu-button daexthefu-button-type-icon\" data-value=\"1\">\r\n\t\t\t\t\r\n                <svg>\r\n                    <defs>\r\n                        <style>.thumb-up-cls-1{fill:#c9c9c9;}.thumb-up-cls-2{fill:#e1e1e1;}.thumb-up-cls-3{fill:#676767;}<\/style>\r\n                    <\/defs>\r\n                    <g id=\"thumb_up\">\r\n                        <path class=\"thumb-up-cls-2 daexthefu-icon-circle\" d=\"m24,3c11.58,0,21,9.42,21,21s-9.42,21-21,21S3,35.58,3,24,12.42,3,24,3m0-1C11.85,2,2,11.85,2,24s9.85,22,22,22,22-9.85,22-22S36.15,2,24,2h0Z\" \/>\r\n                        <g>\r\n                            <rect class=\"thumb-up-cls-3 daexthefu-icon-secondary-color\" x=\"10\" y=\"20\" width=\"6\" height=\"15\" rx=\"1.5\" ry=\"1.5\" \/>\r\n                            <path class=\"thumb-up-cls-1 daexthefu-icon-primary-color\" d=\"m30.57,9.06l-.49-.1c-.81-.17-1.61.35-1.78,1.16l-5.3,11.74c-.17.81,3.16,1.61,3.97,1.78l1.96.41c.81.17,1.61-.35,1.78-1.16l2.18-10.27c.34-1.61-.7-3.21-2.31-3.56Z\" \/>\r\n                            <path class=\"thumb-up-cls-1 daexthefu-icon-primary-color\" d=\"m38.17,20h-18.67c-.83,0-1.5.67-1.5,1.5v12c0,.83.67,1.5,1.5,1.5h16.27c.71,0,1.33-.5,1.47-1.21l2.4-12c.19-.93-.53-1.8-1.47-1.8Z\" \/>\r\n                        <\/g>\r\n                    <\/g>\r\n                <\/svg>\t\t\t<\/div>\r\n\r\n\t\t\t\t\t\t\t\t\t\t\r\n\t\t\t<div class=\"daexthefu-no daexthefu-button daexthefu-button-type-icon\" data-value=\"0\">\r\n\t\t\t\t\r\n                <svg>\r\n                    <defs>\r\n                        <style>.thumb-down-cls-1{fill:#c9c9c9;}.thumb-down-cls-2{fill:#e1e1e1;}.thumb-down-cls-3{fill:#676767;}<\/style>\r\n                    <\/defs>\r\n                    <g id=\"thumb_down\">\r\n                        <path class=\"thumb-down-cls-2 daexthefu-icon-circle\" d=\"m24,3c11.58,0,21,9.42,21,21s-9.42,21-21,21S3,35.58,3,24,12.42,3,24,3m0-1C11.85,2,2,11.85,2,24s9.85,22,22,22,22-9.85,22-22S36.15,2,24,2h0Z\" \/>\r\n                        <g>\r\n                            <rect class=\"thumb-down-cls-3 daexthefu-icon-secondary-color\" x=\"10\" y=\"13\" width=\"6\" height=\"15\" rx=\"1.5\" ry=\"1.5\" \/>\r\n                            <path class=\"thumb-down-cls-1 daexthefu-icon-primary-color\" d=\"m30.57,38.94l-.49.1c-.81.17-1.61-.35-1.78-1.16l-5.3-11.74c-.17-.81,3.16-1.61,3.97-1.78l1.96-.41c.81-.17,1.61.35,1.78,1.16l2.18,10.27c.34,1.61-.7,3.21-2.31,3.56Z\" \/>\r\n                            <path class=\"thumb-down-cls-1 daexthefu-icon-primary-color\" d=\"m38.17,28h-18.67c-.83,0-1.5-.67-1.5-1.5v-12c0-.83.67-1.5,1.5-1.5h16.27c.71,0,1.33.5,1.47,1.21l2.4,12c.19.93-.53,1.8-1.47,1.8Z\" \/>\r\n                        <\/g>\r\n                    <\/g>\r\n                <\/svg>\t\t\t<\/div>\r\n\r\n\t\t\t\t\t\t\t\t\t<\/div>\r\n\t\t\t\t\t<\/div>\r\n\t\t\t\t<\/div>\r\n\r\n\t\t\t\t<div class=\"daexthefu-comment\">\r\n\t\t\t\t\t<div class=\"daexthefu-comment-top-container\">\r\n\t\t\t\t\t\t<label id=\"daexthefu-comment-label\" class=\"daexthefu-comment-label\"><\/label>\r\n\t\t\t\t\t\t\t\t\t\t\t\t\t<div class=\"daexthefu-comment-character-counter-container\">\r\n\t\t\t\t\t\t\t\t<div id=\"daexthefu-comment-character-counter-number\"\r\n\t\t\t\t\t\t\t\t\tclass=\"daexthefu-comment-character-counter-number\"><\/div>\r\n\t\t\t\t\t\t\t\t<div class=\"daexthefu-comment-character-counter-text\"><\/div>\r\n\t\t\t\t\t\t\t<\/div>\r\n\t\t\t\t\t\t\t\t\t\t\t<\/div>\r\n\t\t\t\t\t<textarea id=\"daexthefu-comment-textarea\" class=\"daexthefu-comment-textarea\"\r\n\t\t\t\t\t\t\t\tplaceholder=\"Dein Feedback\u2026\"\r\n\t\t\t\t\t\t\t\tmaxlength=\"\r\n\t\t\t\t\t\t\t\t500\t\t\t\t\t\t\t\t\t\"><\/textarea>\r\n\t\t\t\t\t<div class=\"daexthefu-comment-buttons-container\">\r\n\t\t\t\t\t\t<button class=\"daexthefu-comment-submit daexthefu-button\">senden<\/button>\r\n\t\t\t\t\t\t<button class=\"daexthefu-comment-cancel daexthefu-button\">abbrechen<\/button>\r\n\t\t\t\t\t<\/div>\r\n\t\t\t\t<\/div>\r\n\r\n\t\t\t\t<div class=\"daexthefu-successful-submission-text\">Vielen Dank!<\/div>\r\n\r\n\t\t\t<\/div>\r\n\r\n\t\t\t<\/div>","protected":false},"excerpt":{"rendered":"<p>Diese Checkliste kann dir dabei helfen dich einfacher durchs Bewerbungsverfahren zu hangeln.<\/p>\n","protected":false},"author":1,"featured_media":955,"comment_status":"open","ping_status":"open","sticky":false,"template":"","format":"standard","meta":{"_helpful_status":1,"inline_featured_image":false,"footnotes":""},"categories":[69],"tags":[31,32],"class_list":["post-946","post","type-post","status-publish","format-standard","has-post-thumbnail","hentry","category-bewerbung","tag-bewerbung","tag-checkliste"],"acf":[],"yoast_head":"<!-- This site is optimized with the Yoast SEO plugin v27.5 - https:\/\/yoast.com\/product\/yoast-seo-wordpress\/ -->\n<title>Bewerbung als Ungedienter &#8226; UNgedient.<\/title>\n<meta name=\"robots\" content=\"index, follow, max-snippet:-1, max-image-preview:large, max-video-preview:-1\" \/>\n<link rel=\"canonical\" href=\"https:\/\/ungedient.de\/blog\/bewerbung\/bewerbung-als-ungedienter\/\" \/>\n<meta property=\"og:locale\" content=\"de_DE\" \/>\n<meta property=\"og:type\" content=\"article\" \/>\n<meta property=\"og:title\" content=\"Bewerbung als Ungedienter &#8226; UNgedient.\" \/>\n<meta property=\"og:description\" content=\"Diese Checkliste kann dir dabei helfen dich einfacher durchs Bewerbungsverfahren zu hangeln.\" \/>\n<meta property=\"og:url\" content=\"https:\/\/ungedient.de\/blog\/bewerbung\/bewerbung-als-ungedienter\/\" \/>\n<meta property=\"og:site_name\" content=\"UNgedient.\" \/>\n<meta property=\"article:publisher\" content=\"https:\/\/www.facebook.com\/fuchs52y\" \/>\n<meta property=\"article:author\" content=\"https:\/\/facebook.com\/fuchs52y\" \/>\n<meta property=\"article:published_time\" content=\"2023-03-09T09:38:10+00:00\" \/>\n<meta property=\"article:modified_time\" content=\"2023-08-13T16:45:52+00:00\" \/>\n<meta property=\"og:image\" content=\"https:\/\/ungedient.de\/blog\/wp-content\/uploads\/2023\/03\/bewerbung-bw.jpg\" \/>\n\t<meta property=\"og:image:width\" content=\"950\" \/>\n\t<meta property=\"og:image:height\" content=\"500\" \/>\n\t<meta property=\"og:image:type\" content=\"image\/jpeg\" \/>\n<meta name=\"author\" content=\"Daniel\" \/>\n<meta name=\"twitter:card\" content=\"summary_large_image\" \/>\n<meta name=\"twitter:label1\" content=\"Verfasst von\" \/>\n\t<meta name=\"twitter:data1\" content=\"Daniel\" \/>\n\t<meta name=\"twitter:label2\" content=\"Gesch\u00e4tzte Lesezeit\" \/>\n\t<meta name=\"twitter:data2\" content=\"9\u00a0Minuten\" \/>\n<script type=\"application\/ld+json\" class=\"yoast-schema-graph\">{\"@context\":\"https:\\\/\\\/schema.org\",\"@graph\":[{\"@type\":\"Article\",\"@id\":\"https:\\\/\\\/ungedient.de\\\/blog\\\/bewerbung\\\/bewerbung-als-ungedienter\\\/#article\",\"isPartOf\":{\"@id\":\"https:\\\/\\\/ungedient.de\\\/blog\\\/bewerbung\\\/bewerbung-als-ungedienter\\\/\"},\"author\":{\"name\":\"Daniel\",\"@id\":\"https:\\\/\\\/ungedient.de\\\/blog\\\/#\\\/schema\\\/person\\\/1648f47e5e180daeaa9f15f2dd485bf5\"},\"headline\":\"Bewerbung als Ungedienter\",\"datePublished\":\"2023-03-09T09:38:10+00:00\",\"dateModified\":\"2023-08-13T16:45:52+00:00\",\"mainEntityOfPage\":{\"@id\":\"https:\\\/\\\/ungedient.de\\\/blog\\\/bewerbung\\\/bewerbung-als-ungedienter\\\/\"},\"wordCount\":1720,\"commentCount\":8,\"publisher\":{\"@id\":\"https:\\\/\\\/ungedient.de\\\/blog\\\/#organization\"},\"image\":{\"@id\":\"https:\\\/\\\/ungedient.de\\\/blog\\\/bewerbung\\\/bewerbung-als-ungedienter\\\/#primaryimage\"},\"thumbnailUrl\":\"https:\\\/\\\/ungedient.de\\\/blog\\\/wp-content\\\/uploads\\\/2023\\\/03\\\/bewerbung-bw.jpg\",\"keywords\":[\"bewerbung\",\"checkliste\"],\"articleSection\":[\"Bewerbung\"],\"inLanguage\":\"de\",\"potentialAction\":[{\"@type\":\"CommentAction\",\"name\":\"Comment\",\"target\":[\"https:\\\/\\\/ungedient.de\\\/blog\\\/bewerbung\\\/bewerbung-als-ungedienter\\\/#respond\"]}]},{\"@type\":\"WebPage\",\"@id\":\"https:\\\/\\\/ungedient.de\\\/blog\\\/bewerbung\\\/bewerbung-als-ungedienter\\\/\",\"url\":\"https:\\\/\\\/ungedient.de\\\/blog\\\/bewerbung\\\/bewerbung-als-ungedienter\\\/\",\"name\":\"Bewerbung als Ungedienter &#8226; UNgedient.\",\"isPartOf\":{\"@id\":\"https:\\\/\\\/ungedient.de\\\/blog\\\/#website\"},\"primaryImageOfPage\":{\"@id\":\"https:\\\/\\\/ungedient.de\\\/blog\\\/bewerbung\\\/bewerbung-als-ungedienter\\\/#primaryimage\"},\"image\":{\"@id\":\"https:\\\/\\\/ungedient.de\\\/blog\\\/bewerbung\\\/bewerbung-als-ungedienter\\\/#primaryimage\"},\"thumbnailUrl\":\"https:\\\/\\\/ungedient.de\\\/blog\\\/wp-content\\\/uploads\\\/2023\\\/03\\\/bewerbung-bw.jpg\",\"datePublished\":\"2023-03-09T09:38:10+00:00\",\"dateModified\":\"2023-08-13T16:45:52+00:00\",\"breadcrumb\":{\"@id\":\"https:\\\/\\\/ungedient.de\\\/blog\\\/bewerbung\\\/bewerbung-als-ungedienter\\\/#breadcrumb\"},\"inLanguage\":\"de\",\"potentialAction\":[{\"@type\":\"ReadAction\",\"target\":[\"https:\\\/\\\/ungedient.de\\\/blog\\\/bewerbung\\\/bewerbung-als-ungedienter\\\/\"]}]},{\"@type\":\"ImageObject\",\"inLanguage\":\"de\",\"@id\":\"https:\\\/\\\/ungedient.de\\\/blog\\\/bewerbung\\\/bewerbung-als-ungedienter\\\/#primaryimage\",\"url\":\"https:\\\/\\\/ungedient.de\\\/blog\\\/wp-content\\\/uploads\\\/2023\\\/03\\\/bewerbung-bw.jpg\",\"contentUrl\":\"https:\\\/\\\/ungedient.de\\\/blog\\\/wp-content\\\/uploads\\\/2023\\\/03\\\/bewerbung-bw.jpg\",\"width\":950,\"height\":500,\"caption\":\"Bewerbung als Ungedienter bei der Bundeswehr.\"},{\"@type\":\"BreadcrumbList\",\"@id\":\"https:\\\/\\\/ungedient.de\\\/blog\\\/bewerbung\\\/bewerbung-als-ungedienter\\\/#breadcrumb\",\"itemListElement\":[{\"@type\":\"ListItem\",\"position\":1,\"name\":\"Startseite\",\"item\":\"https:\\\/\\\/ungedient.de\\\/blog\\\/\"},{\"@type\":\"ListItem\",\"position\":2,\"name\":\"Bewerbung\",\"item\":\"https:\\\/\\\/ungedient.de\\\/blog\\\/thema\\\/bewerbung\\\/\"},{\"@type\":\"ListItem\",\"position\":3,\"name\":\"Bewerbung als Ungedienter\"}]},{\"@type\":\"WebSite\",\"@id\":\"https:\\\/\\\/ungedient.de\\\/blog\\\/#website\",\"url\":\"https:\\\/\\\/ungedient.de\\\/blog\\\/\",\"name\":\"UNgedient. Vom Ungedienten zur Bundeswehr.\",\"description\":\"Dein Weg in die Reserve der Bundeswehr\",\"publisher\":{\"@id\":\"https:\\\/\\\/ungedient.de\\\/blog\\\/#organization\"},\"alternateName\":\"Ausbildung f\u00fcr Ungediente\",\"potentialAction\":[{\"@type\":\"SearchAction\",\"target\":{\"@type\":\"EntryPoint\",\"urlTemplate\":\"https:\\\/\\\/ungedient.de\\\/blog\\\/?s={search_term_string}\"},\"query-input\":{\"@type\":\"PropertyValueSpecification\",\"valueRequired\":true,\"valueName\":\"search_term_string\"}}],\"inLanguage\":\"de\"},{\"@type\":\"Organization\",\"@id\":\"https:\\\/\\\/ungedient.de\\\/blog\\\/#organization\",\"name\":\"UNgedient. Vom Ungedienten zur Bundeswehr.\",\"alternateName\":\"Ausbildung Ungedienter zum Reservisten der Bundeswehr\",\"url\":\"https:\\\/\\\/ungedient.de\\\/blog\\\/\",\"logo\":{\"@type\":\"ImageObject\",\"inLanguage\":\"de\",\"@id\":\"https:\\\/\\\/ungedient.de\\\/blog\\\/#\\\/schema\\\/logo\\\/image\\\/\",\"url\":\"https:\\\/\\\/ungedient.de\\\/blog\\\/wp-content\\\/uploads\\\/2023\\\/03\\\/ungedient-favicon.jpg\",\"contentUrl\":\"https:\\\/\\\/ungedient.de\\\/blog\\\/wp-content\\\/uploads\\\/2023\\\/03\\\/ungedient-favicon.jpg\",\"width\":520,\"height\":520,\"caption\":\"UNgedient. Vom Ungedienten zur Bundeswehr.\"},\"image\":{\"@id\":\"https:\\\/\\\/ungedient.de\\\/blog\\\/#\\\/schema\\\/logo\\\/image\\\/\"},\"sameAs\":[\"https:\\\/\\\/www.facebook.com\\\/fuchs52y\"]},{\"@type\":\"Person\",\"@id\":\"https:\\\/\\\/ungedient.de\\\/blog\\\/#\\\/schema\\\/person\\\/1648f47e5e180daeaa9f15f2dd485bf5\",\"name\":\"Daniel\",\"image\":{\"@type\":\"ImageObject\",\"inLanguage\":\"de\",\"@id\":\"https:\\\/\\\/secure.gravatar.com\\\/avatar\\\/ef3cfcfe1a934ab692f6ac8a025998218be6f7edf0973bf6f01a1c8634236232?s=96&d=mm&r=g\",\"url\":\"https:\\\/\\\/secure.gravatar.com\\\/avatar\\\/ef3cfcfe1a934ab692f6ac8a025998218be6f7edf0973bf6f01a1c8634236232?s=96&d=mm&r=g\",\"contentUrl\":\"https:\\\/\\\/secure.gravatar.com\\\/avatar\\\/ef3cfcfe1a934ab692f6ac8a025998218be6f7edf0973bf6f01a1c8634236232?s=96&d=mm&r=g\",\"caption\":\"Daniel\"},\"description\":\"Daniel absolvierte die Ausbildung f\u00fcr Ungediente 2023 in Rheinland-Pfalz und ist mittlerweile in der 5.\\\/HSchRgt 3 beordert. Er arbeitete als Reservistendienstleistender in einer Projektgruppe des Territorialen F\u00fchrungskommandos der Bundeswehr und engagiert sich als einer von zwei Beauftragten der Landesgruppe Baden-W\u00fcrttemberg des Verbandes der Reservisten der Deutschen Bundeswehr f\u00fcr die Ausbildung Ungediente. 2025 wurde er Vorsitzender der Reservistenarbeitsgemeinschaft Drohne MO. Daniel ist verheiratet und Vater von drei T\u00f6chtern.\",\"sameAs\":[\"https:\\\/\\\/facebook.com\\\/fuchs52y\"]}]}<\/script>\n<!-- \/ Yoast SEO plugin. -->","yoast_head_json":{"title":"Bewerbung als Ungedienter &#8226; UNgedient.","robots":{"index":"index","follow":"follow","max-snippet":"max-snippet:-1","max-image-preview":"max-image-preview:large","max-video-preview":"max-video-preview:-1"},"canonical":"https:\/\/ungedient.de\/blog\/bewerbung\/bewerbung-als-ungedienter\/","og_locale":"de_DE","og_type":"article","og_title":"Bewerbung als Ungedienter &#8226; UNgedient.","og_description":"Diese Checkliste kann dir dabei helfen dich einfacher durchs Bewerbungsverfahren zu hangeln.","og_url":"https:\/\/ungedient.de\/blog\/bewerbung\/bewerbung-als-ungedienter\/","og_site_name":"UNgedient.","article_publisher":"https:\/\/www.facebook.com\/fuchs52y","article_author":"https:\/\/facebook.com\/fuchs52y","article_published_time":"2023-03-09T09:38:10+00:00","article_modified_time":"2023-08-13T16:45:52+00:00","og_image":[{"width":950,"height":500,"url":"https:\/\/ungedient.de\/blog\/wp-content\/uploads\/2023\/03\/bewerbung-bw.jpg","type":"image\/jpeg"}],"author":"Daniel","twitter_card":"summary_large_image","twitter_misc":{"Verfasst von":"Daniel","Gesch\u00e4tzte Lesezeit":"9\u00a0Minuten"},"schema":{"@context":"https:\/\/schema.org","@graph":[{"@type":"Article","@id":"https:\/\/ungedient.de\/blog\/bewerbung\/bewerbung-als-ungedienter\/#article","isPartOf":{"@id":"https:\/\/ungedient.de\/blog\/bewerbung\/bewerbung-als-ungedienter\/"},"author":{"name":"Daniel","@id":"https:\/\/ungedient.de\/blog\/#\/schema\/person\/1648f47e5e180daeaa9f15f2dd485bf5"},"headline":"Bewerbung als Ungedienter","datePublished":"2023-03-09T09:38:10+00:00","dateModified":"2023-08-13T16:45:52+00:00","mainEntityOfPage":{"@id":"https:\/\/ungedient.de\/blog\/bewerbung\/bewerbung-als-ungedienter\/"},"wordCount":1720,"commentCount":8,"publisher":{"@id":"https:\/\/ungedient.de\/blog\/#organization"},"image":{"@id":"https:\/\/ungedient.de\/blog\/bewerbung\/bewerbung-als-ungedienter\/#primaryimage"},"thumbnailUrl":"https:\/\/ungedient.de\/blog\/wp-content\/uploads\/2023\/03\/bewerbung-bw.jpg","keywords":["bewerbung","checkliste"],"articleSection":["Bewerbung"],"inLanguage":"de","potentialAction":[{"@type":"CommentAction","name":"Comment","target":["https:\/\/ungedient.de\/blog\/bewerbung\/bewerbung-als-ungedienter\/#respond"]}]},{"@type":"WebPage","@id":"https:\/\/ungedient.de\/blog\/bewerbung\/bewerbung-als-ungedienter\/","url":"https:\/\/ungedient.de\/blog\/bewerbung\/bewerbung-als-ungedienter\/","name":"Bewerbung als Ungedienter &#8226; UNgedient.","isPartOf":{"@id":"https:\/\/ungedient.de\/blog\/#website"},"primaryImageOfPage":{"@id":"https:\/\/ungedient.de\/blog\/bewerbung\/bewerbung-als-ungedienter\/#primaryimage"},"image":{"@id":"https:\/\/ungedient.de\/blog\/bewerbung\/bewerbung-als-ungedienter\/#primaryimage"},"thumbnailUrl":"https:\/\/ungedient.de\/blog\/wp-content\/uploads\/2023\/03\/bewerbung-bw.jpg","datePublished":"2023-03-09T09:38:10+00:00","dateModified":"2023-08-13T16:45:52+00:00","breadcrumb":{"@id":"https:\/\/ungedient.de\/blog\/bewerbung\/bewerbung-als-ungedienter\/#breadcrumb"},"inLanguage":"de","potentialAction":[{"@type":"ReadAction","target":["https:\/\/ungedient.de\/blog\/bewerbung\/bewerbung-als-ungedienter\/"]}]},{"@type":"ImageObject","inLanguage":"de","@id":"https:\/\/ungedient.de\/blog\/bewerbung\/bewerbung-als-ungedienter\/#primaryimage","url":"https:\/\/ungedient.de\/blog\/wp-content\/uploads\/2023\/03\/bewerbung-bw.jpg","contentUrl":"https:\/\/ungedient.de\/blog\/wp-content\/uploads\/2023\/03\/bewerbung-bw.jpg","width":950,"height":500,"caption":"Bewerbung als Ungedienter bei der Bundeswehr."},{"@type":"BreadcrumbList","@id":"https:\/\/ungedient.de\/blog\/bewerbung\/bewerbung-als-ungedienter\/#breadcrumb","itemListElement":[{"@type":"ListItem","position":1,"name":"Startseite","item":"https:\/\/ungedient.de\/blog\/"},{"@type":"ListItem","position":2,"name":"Bewerbung","item":"https:\/\/ungedient.de\/blog\/thema\/bewerbung\/"},{"@type":"ListItem","position":3,"name":"Bewerbung als Ungedienter"}]},{"@type":"WebSite","@id":"https:\/\/ungedient.de\/blog\/#website","url":"https:\/\/ungedient.de\/blog\/","name":"UNgedient. Vom Ungedienten zur Bundeswehr.","description":"Dein Weg in die Reserve der Bundeswehr","publisher":{"@id":"https:\/\/ungedient.de\/blog\/#organization"},"alternateName":"Ausbildung f\u00fcr Ungediente","potentialAction":[{"@type":"SearchAction","target":{"@type":"EntryPoint","urlTemplate":"https:\/\/ungedient.de\/blog\/?s={search_term_string}"},"query-input":{"@type":"PropertyValueSpecification","valueRequired":true,"valueName":"search_term_string"}}],"inLanguage":"de"},{"@type":"Organization","@id":"https:\/\/ungedient.de\/blog\/#organization","name":"UNgedient. Vom Ungedienten zur Bundeswehr.","alternateName":"Ausbildung Ungedienter zum Reservisten der Bundeswehr","url":"https:\/\/ungedient.de\/blog\/","logo":{"@type":"ImageObject","inLanguage":"de","@id":"https:\/\/ungedient.de\/blog\/#\/schema\/logo\/image\/","url":"https:\/\/ungedient.de\/blog\/wp-content\/uploads\/2023\/03\/ungedient-favicon.jpg","contentUrl":"https:\/\/ungedient.de\/blog\/wp-content\/uploads\/2023\/03\/ungedient-favicon.jpg","width":520,"height":520,"caption":"UNgedient. Vom Ungedienten zur Bundeswehr."},"image":{"@id":"https:\/\/ungedient.de\/blog\/#\/schema\/logo\/image\/"},"sameAs":["https:\/\/www.facebook.com\/fuchs52y"]},{"@type":"Person","@id":"https:\/\/ungedient.de\/blog\/#\/schema\/person\/1648f47e5e180daeaa9f15f2dd485bf5","name":"Daniel","image":{"@type":"ImageObject","inLanguage":"de","@id":"https:\/\/secure.gravatar.com\/avatar\/ef3cfcfe1a934ab692f6ac8a025998218be6f7edf0973bf6f01a1c8634236232?s=96&d=mm&r=g","url":"https:\/\/secure.gravatar.com\/avatar\/ef3cfcfe1a934ab692f6ac8a025998218be6f7edf0973bf6f01a1c8634236232?s=96&d=mm&r=g","contentUrl":"https:\/\/secure.gravatar.com\/avatar\/ef3cfcfe1a934ab692f6ac8a025998218be6f7edf0973bf6f01a1c8634236232?s=96&d=mm&r=g","caption":"Daniel"},"description":"Daniel absolvierte die Ausbildung f\u00fcr Ungediente 2023 in Rheinland-Pfalz und ist mittlerweile in der 5.\/HSchRgt 3 beordert. Er arbeitete als Reservistendienstleistender in einer Projektgruppe des Territorialen F\u00fchrungskommandos der Bundeswehr und engagiert sich als einer von zwei Beauftragten der Landesgruppe Baden-W\u00fcrttemberg des Verbandes der Reservisten der Deutschen Bundeswehr f\u00fcr die Ausbildung Ungediente. 2025 wurde er Vorsitzender der Reservistenarbeitsgemeinschaft Drohne MO. Daniel ist verheiratet und Vater von drei T\u00f6chtern.","sameAs":["https:\/\/facebook.com\/fuchs52y"]}]}},"_links":{"self":[{"href":"https:\/\/ungedient.de\/blog\/wp-json\/wp\/v2\/posts\/946","targetHints":{"allow":["GET"]}}],"collection":[{"href":"https:\/\/ungedient.de\/blog\/wp-json\/wp\/v2\/posts"}],"about":[{"href":"https:\/\/ungedient.de\/blog\/wp-json\/wp\/v2\/types\/post"}],"author":[{"embeddable":true,"href":"https:\/\/ungedient.de\/blog\/wp-json\/wp\/v2\/users\/1"}],"replies":[{"embeddable":true,"href":"https:\/\/ungedient.de\/blog\/wp-json\/wp\/v2\/comments?post=946"}],"version-history":[{"count":0,"href":"https:\/\/ungedient.de\/blog\/wp-json\/wp\/v2\/posts\/946\/revisions"}],"wp:featuredmedia":[{"embeddable":true,"href":"https:\/\/ungedient.de\/blog\/wp-json\/wp\/v2\/media\/955"}],"wp:attachment":[{"href":"https:\/\/ungedient.de\/blog\/wp-json\/wp\/v2\/media?parent=946"}],"wp:term":[{"taxonomy":"category","embeddable":true,"href":"https:\/\/ungedient.de\/blog\/wp-json\/wp\/v2\/categories?post=946"},{"taxonomy":"post_tag","embeddable":true,"href":"https:\/\/ungedient.de\/blog\/wp-json\/wp\/v2\/tags?post=946"}],"curies":[{"name":"wp","href":"https:\/\/api.w.org\/{rel}","templated":true}]}}