{"id":972,"date":"2023-01-09T11:48:44","date_gmt":"2023-01-09T10:48:44","guid":{"rendered":"https:\/\/ungedient.de\/blog\/?p=972"},"modified":"2023-06-01T19:14:53","modified_gmt":"2023-06-01T17:14:53","slug":"einstellungssache","status":"publish","type":"post","link":"https:\/\/ungedient.de\/blog\/wissen\/einstellungssache\/","title":{"rendered":"Einstellungs&shy;sache."},"content":{"rendered":"<div class=\"wpb-content-wrapper\">[vc_row][vc_column][vc_column_text]<em>Warum m\u00f6chtest du zur Bundeswehr? Hast du dir das auch wirklich gut \u00fcberlegt?<\/em><br \/>\nWer sich nur mal so durchs Unterholz schlagen und seine Grenzen kennen lernen will, dem kann ich die <a href=\"https:\/\/www.larskonarek.de\/\" target=\"_blank\" rel=\"noopener\">Survival Kurse von Lars Konarek<\/a>, Ex-Soldat und Ausbilder bei der Bw, empfehlen. (Vorwarnung: Die Kurse ziehen manchmal Querdenker und Apokalyptiker an, aber Lars ist ein feiner Kerl und sein Wissen ist gigantisch und praxisnah). Bitte bedenke: Die Bundeswehr ist kein Hobby &#8211; oder um es mit den Worten des Stabsoffiziers f\u00fcr Reservistenangelegenheiten Heisam El-Araj (LKdo RP) zu sagen: &#8222;kein Dschungelcamp!\u201d \u2013 Wer also nur auf der Suche nach einem Abenteuer ist, f\u00fcr den gibt es sicher auch andere Freizeitangebote.<\/p>\n<h2>Die Vorteile<\/h2>\n<p>Die Tatsache, dass die Ausbildung f\u00fcr Ungediente parallel zum Zivilberuf erfolgen kann, ist wohl einer der gr\u00f6\u00dften Vorteile. In relativ kurzen Ausbildungseinheiten kann eine Art Grundwehrdienst absolviert werden.<br \/>\nDie Ausbildung der Ungedienten wird nicht zentral gesteuert, sondern basiert auf dem Engagement der einzelnen Landeskommandos. So m\u00fchsam und uneinheitlich die Abl\u00e4ufe an manchen Stellen auch sein m\u00f6gen, wir sollten dankbar sein, dass es diese motivierten Soldatinnen und Soldaten gibt. Sie machen diese Ausbildung m\u00f6glich! Das ist keine Selbstverst\u00e4ndlichkeit &#8211; und ich habe selbst lange gebraucht, um das zu begreifen.<br \/>\nZiel der Landeskommandos ist prim\u00e4r die Nachwuchsgewinnung &#8211; insbesondere f\u00fcr ihre Heimatschutzkompanien. Seit der Aussetzung der Wehrpflicht hat es die Bundeswehr nat\u00fcrlich nicht mehr so leicht, Rekruten zu gewinnen. Man k\u00f6nnte meinen, dass der hohe Bedarf die Prozesse beschleunigt oder vielleicht sogar dazu f\u00fchrt, dass einem f\u00f6rmlich der rote Teppich ausgerollt wird. Du wirst dich auf eine b\u00fcrokratische Durchschlage\u00fcbung einstellen m\u00fcssen: Du wirst hinterhertelefonieren, nachhaken und dich viele Male im Kreis drehen. Hinzu kommt, dass diese Welt f\u00fcr dich absolut unbekanntes Terrain ist. Fachbegriffe und Abk\u00fcrzungen sind an der Tagesordnung.<\/p>\n<h2>Supersoldaten<\/h2>\n<p>Am Ende der Ausbildung wirst du dich auch nicht nachts aus einem Hubschrauber abseilen oder andere Supersoldaten-Dinge tun. Die Ausbildung ist erst der Anfang. Sie ist aber auch der Aufbruch zu einer abenteuerlichen Reise in eine unbekannte Welt. &#8222;M\u00f6gen die Herausforderungen, die vor uns liegen, uns auch neue M\u00f6glichkeiten er\u00f6ffnen.<\/p>\n<h2>Tod und Verwundung<\/h2>\n<p>Bist du dir dar\u00fcber im Klaren? Tod und Verwundung sind Berufsrisiko, auch als Reservist.[\/vc_column_text][\/vc_column][\/vc_row][vc_row color=&#8220;&#8220; message_box_style=&#8220;solid&#8220; style=&#8220;rounded&#8220; message_box_color=&#8220;grey&#8220; icon_type=&#8220;fontawesome&#8220; icon_fontawesome=&#8220;fas fa-image&#8220; icon_monosocial=&#8220;vc-mono vc-mono-fivehundredpx&#8220; icon_openiconic=&#8220;&#8220; icon_typicons=&#8220;&#8220; icon_entypo=&#8220;&#8220; icon_linecons=&#8220;&#8220; icon_pixelicons=&#8220;&#8220;][vc_column][vc_message message_box_style=&#8220;solid&#8220; message_box_color=&#8220;grey&#8220; icon_fontawesome=&#8220;fas fa-image&#8220;]<strong>Titelbild<\/strong><br \/>\n\u00a9 Bundeswehr \/ Francis Hildemann[\/vc_message][\/vc_column][\/vc_row]\n\r\n\t\t\t<div id=\"daexthefu-container\"\r\n\t\t\t\tclass=\"daexthefu-container daexthefu-layout-stacked daexthefu-alignment-center\"\r\n\t\t\t\tdata-post-id=\"972\">\r\n\r\n\t\t\t\t<div class=\"daexthefu-feedback\">\r\n\t\t\t\t\t<div class=\"daexthefu-text\">\r\n\t\t\t\t\t\t<h3 class=\"daexthefu-title\">War dieser Artikel f\u00fcr dich hilfreich?<\/h3>\r\n\t\t\t\t\t<\/div>\r\n\t\t\t\t\t<div class=\"daexthefu-buttons-container\">\r\n\t\t\t\t\t\t<div class=\"daexthefu-buttons\">\r\n\t\t\t\t\t\t\t\r\n\t\t\t<div class=\"daexthefu-yes daexthefu-button daexthefu-button-type-icon\" data-value=\"1\">\r\n\t\t\t\t\r\n                <svg>\r\n                    <defs>\r\n                        <style>.thumb-up-cls-1{fill:#c9c9c9;}.thumb-up-cls-2{fill:#e1e1e1;}.thumb-up-cls-3{fill:#676767;}<\/style>\r\n                    <\/defs>\r\n                    <g id=\"thumb_up\">\r\n                        <path class=\"thumb-up-cls-2 daexthefu-icon-circle\" d=\"m24,3c11.58,0,21,9.42,21,21s-9.42,21-21,21S3,35.58,3,24,12.42,3,24,3m0-1C11.85,2,2,11.85,2,24s9.85,22,22,22,22-9.85,22-22S36.15,2,24,2h0Z\" \/>\r\n                        <g>\r\n                            <rect class=\"thumb-up-cls-3 daexthefu-icon-secondary-color\" x=\"10\" y=\"20\" width=\"6\" height=\"15\" rx=\"1.5\" ry=\"1.5\" \/>\r\n                            <path class=\"thumb-up-cls-1 daexthefu-icon-primary-color\" d=\"m30.57,9.06l-.49-.1c-.81-.17-1.61.35-1.78,1.16l-5.3,11.74c-.17.81,3.16,1.61,3.97,1.78l1.96.41c.81.17,1.61-.35,1.78-1.16l2.18-10.27c.34-1.61-.7-3.21-2.31-3.56Z\" \/>\r\n                            <path class=\"thumb-up-cls-1 daexthefu-icon-primary-color\" d=\"m38.17,20h-18.67c-.83,0-1.5.67-1.5,1.5v12c0,.83.67,1.5,1.5,1.5h16.27c.71,0,1.33-.5,1.47-1.21l2.4-12c.19-.93-.53-1.8-1.47-1.8Z\" \/>\r\n                        <\/g>\r\n                    <\/g>\r\n                <\/svg>\t\t\t<\/div>\r\n\r\n\t\t\t\t\t\t\t\t\t\t\r\n\t\t\t<div class=\"daexthefu-no daexthefu-button daexthefu-button-type-icon\" data-value=\"0\">\r\n\t\t\t\t\r\n                <svg>\r\n                    <defs>\r\n                        <style>.thumb-down-cls-1{fill:#c9c9c9;}.thumb-down-cls-2{fill:#e1e1e1;}.thumb-down-cls-3{fill:#676767;}<\/style>\r\n                    <\/defs>\r\n                    <g id=\"thumb_down\">\r\n                        <path class=\"thumb-down-cls-2 daexthefu-icon-circle\" d=\"m24,3c11.58,0,21,9.42,21,21s-9.42,21-21,21S3,35.58,3,24,12.42,3,24,3m0-1C11.85,2,2,11.85,2,24s9.85,22,22,22,22-9.85,22-22S36.15,2,24,2h0Z\" \/>\r\n                        <g>\r\n                            <rect class=\"thumb-down-cls-3 daexthefu-icon-secondary-color\" x=\"10\" y=\"13\" width=\"6\" height=\"15\" rx=\"1.5\" ry=\"1.5\" \/>\r\n                            <path class=\"thumb-down-cls-1 daexthefu-icon-primary-color\" d=\"m30.57,38.94l-.49.1c-.81.17-1.61-.35-1.78-1.16l-5.3-11.74c-.17-.81,3.16-1.61,3.97-1.78l1.96-.41c.81-.17,1.61.35,1.78,1.16l2.18,10.27c.34,1.61-.7,3.21-2.31,3.56Z\" \/>\r\n                            <path class=\"thumb-down-cls-1 daexthefu-icon-primary-color\" d=\"m38.17,28h-18.67c-.83,0-1.5-.67-1.5-1.5v-12c0-.83.67-1.5,1.5-1.5h16.27c.71,0,1.33.5,1.47,1.21l2.4,12c.19.93-.53,1.8-1.47,1.8Z\" \/>\r\n                        <\/g>\r\n                    <\/g>\r\n                <\/svg>\t\t\t<\/div>\r\n\r\n\t\t\t\t\t\t\t\t\t<\/div>\r\n\t\t\t\t\t<\/div>\r\n\t\t\t\t<\/div>\r\n\r\n\t\t\t\t<div class=\"daexthefu-comment\">\r\n\t\t\t\t\t<div class=\"daexthefu-comment-top-container\">\r\n\t\t\t\t\t\t<label id=\"daexthefu-comment-label\" class=\"daexthefu-comment-label\"><\/label>\r\n\t\t\t\t\t\t\t\t\t\t\t\t\t<div class=\"daexthefu-comment-character-counter-container\">\r\n\t\t\t\t\t\t\t\t<div id=\"daexthefu-comment-character-counter-number\"\r\n\t\t\t\t\t\t\t\t\tclass=\"daexthefu-comment-character-counter-number\"><\/div>\r\n\t\t\t\t\t\t\t\t<div class=\"daexthefu-comment-character-counter-text\"><\/div>\r\n\t\t\t\t\t\t\t<\/div>\r\n\t\t\t\t\t\t\t\t\t\t\t<\/div>\r\n\t\t\t\t\t<textarea id=\"daexthefu-comment-textarea\" class=\"daexthefu-comment-textarea\"\r\n\t\t\t\t\t\t\t\tplaceholder=\"Dein Feedback\u2026\"\r\n\t\t\t\t\t\t\t\tmaxlength=\"\r\n\t\t\t\t\t\t\t\t500\t\t\t\t\t\t\t\t\t\"><\/textarea>\r\n\t\t\t\t\t<div class=\"daexthefu-comment-buttons-container\">\r\n\t\t\t\t\t\t<button class=\"daexthefu-comment-submit daexthefu-button\">senden<\/button>\r\n\t\t\t\t\t\t<button class=\"daexthefu-comment-cancel daexthefu-button\">abbrechen<\/button>\r\n\t\t\t\t\t<\/div>\r\n\t\t\t\t<\/div>\r\n\r\n\t\t\t\t<div class=\"daexthefu-successful-submission-text\">Vielen Dank!<\/div>\r\n\r\n\t\t\t<\/div>\r\n\r\n\t\t\t<\/div>","protected":false},"excerpt":{"rendered":"<p>Warum m\u00f6chtest du zur Bundeswehr? Hast du dir das auch wirklich gut \u00fcberlegt?<\/p>\n","protected":false},"author":1,"featured_media":973,"comment_status":"open","ping_status":"open","sticky":false,"template":"","format":"standard","meta":{"_helpful_status":1,"inline_featured_image":false,"footnotes":""},"categories":[71],"tags":[35,36,37,38,39],"class_list":["post-972","post","type-post","status-publish","format-standard","has-post-thumbnail","hentry","category-wissen","tag-einstellung","tag-tod","tag-krieg","tag-verwundung","tag-freizeit"],"acf":[],"yoast_head":"<!-- This site is optimized with the Yoast SEO plugin v27.5 - https:\/\/yoast.com\/product\/yoast-seo-wordpress\/ -->\n<title>Einstellungs&shy;sache. &#8226; UNgedient.<\/title>\n<meta name=\"robots\" content=\"index, follow, max-snippet:-1, max-image-preview:large, max-video-preview:-1\" \/>\n<link rel=\"canonical\" href=\"https:\/\/ungedient.de\/blog\/wissen\/einstellungssache\/\" \/>\n<meta property=\"og:locale\" content=\"de_DE\" \/>\n<meta property=\"og:type\" content=\"article\" \/>\n<meta property=\"og:title\" content=\"Einstellungs&shy;sache. &#8226; UNgedient.\" \/>\n<meta property=\"og:description\" content=\"Warum m\u00f6chtest du zur Bundeswehr? Hast du dir das auch wirklich gut \u00fcberlegt?\" \/>\n<meta property=\"og:url\" content=\"https:\/\/ungedient.de\/blog\/wissen\/einstellungssache\/\" \/>\n<meta property=\"og:site_name\" content=\"UNgedient.\" \/>\n<meta property=\"article:publisher\" content=\"https:\/\/www.facebook.com\/fuchs52y\" \/>\n<meta property=\"article:author\" content=\"https:\/\/facebook.com\/fuchs52y\" \/>\n<meta property=\"article:published_time\" content=\"2023-01-09T10:48:44+00:00\" \/>\n<meta property=\"article:modified_time\" content=\"2023-06-01T17:14:53+00:00\" \/>\n<meta property=\"og:image\" content=\"https:\/\/ungedient.de\/blog\/wp-content\/uploads\/2023\/03\/onfire.jpg\" \/>\n\t<meta property=\"og:image:width\" content=\"950\" \/>\n\t<meta property=\"og:image:height\" content=\"500\" \/>\n\t<meta property=\"og:image:type\" content=\"image\/jpeg\" \/>\n<meta name=\"author\" content=\"Daniel\" \/>\n<meta name=\"twitter:card\" content=\"summary_large_image\" \/>\n<meta name=\"twitter:label1\" content=\"Verfasst von\" \/>\n\t<meta name=\"twitter:data1\" content=\"Daniel\" \/>\n\t<meta name=\"twitter:label2\" content=\"Gesch\u00e4tzte Lesezeit\" \/>\n\t<meta name=\"twitter:data2\" content=\"3\u00a0Minuten\" \/>\n<script type=\"application\/ld+json\" class=\"yoast-schema-graph\">{\"@context\":\"https:\\\/\\\/schema.org\",\"@graph\":[{\"@type\":\"Article\",\"@id\":\"https:\\\/\\\/ungedient.de\\\/blog\\\/wissen\\\/einstellungssache\\\/#article\",\"isPartOf\":{\"@id\":\"https:\\\/\\\/ungedient.de\\\/blog\\\/wissen\\\/einstellungssache\\\/\"},\"author\":{\"name\":\"Daniel\",\"@id\":\"https:\\\/\\\/ungedient.de\\\/blog\\\/#\\\/schema\\\/person\\\/1648f47e5e180daeaa9f15f2dd485bf5\"},\"headline\":\"Einstellungs&shy;sache.\",\"datePublished\":\"2023-01-09T10:48:44+00:00\",\"dateModified\":\"2023-06-01T17:14:53+00:00\",\"mainEntityOfPage\":{\"@id\":\"https:\\\/\\\/ungedient.de\\\/blog\\\/wissen\\\/einstellungssache\\\/\"},\"wordCount\":459,\"commentCount\":7,\"publisher\":{\"@id\":\"https:\\\/\\\/ungedient.de\\\/blog\\\/#organization\"},\"image\":{\"@id\":\"https:\\\/\\\/ungedient.de\\\/blog\\\/wissen\\\/einstellungssache\\\/#primaryimage\"},\"thumbnailUrl\":\"https:\\\/\\\/ungedient.de\\\/blog\\\/wp-content\\\/uploads\\\/2023\\\/03\\\/onfire.jpg\",\"keywords\":[\"einstellung\",\"tod\",\"krieg\",\"verwundung\",\"freizeit\"],\"articleSection\":[\"Wissen\"],\"inLanguage\":\"de\",\"potentialAction\":[{\"@type\":\"CommentAction\",\"name\":\"Comment\",\"target\":[\"https:\\\/\\\/ungedient.de\\\/blog\\\/wissen\\\/einstellungssache\\\/#respond\"]}]},{\"@type\":\"WebPage\",\"@id\":\"https:\\\/\\\/ungedient.de\\\/blog\\\/wissen\\\/einstellungssache\\\/\",\"url\":\"https:\\\/\\\/ungedient.de\\\/blog\\\/wissen\\\/einstellungssache\\\/\",\"name\":\"Einstellungs&shy;sache. &#8226; UNgedient.\",\"isPartOf\":{\"@id\":\"https:\\\/\\\/ungedient.de\\\/blog\\\/#website\"},\"primaryImageOfPage\":{\"@id\":\"https:\\\/\\\/ungedient.de\\\/blog\\\/wissen\\\/einstellungssache\\\/#primaryimage\"},\"image\":{\"@id\":\"https:\\\/\\\/ungedient.de\\\/blog\\\/wissen\\\/einstellungssache\\\/#primaryimage\"},\"thumbnailUrl\":\"https:\\\/\\\/ungedient.de\\\/blog\\\/wp-content\\\/uploads\\\/2023\\\/03\\\/onfire.jpg\",\"datePublished\":\"2023-01-09T10:48:44+00:00\",\"dateModified\":\"2023-06-01T17:14:53+00:00\",\"breadcrumb\":{\"@id\":\"https:\\\/\\\/ungedient.de\\\/blog\\\/wissen\\\/einstellungssache\\\/#breadcrumb\"},\"inLanguage\":\"de\",\"potentialAction\":[{\"@type\":\"ReadAction\",\"target\":[\"https:\\\/\\\/ungedient.de\\\/blog\\\/wissen\\\/einstellungssache\\\/\"]}]},{\"@type\":\"ImageObject\",\"inLanguage\":\"de\",\"@id\":\"https:\\\/\\\/ungedient.de\\\/blog\\\/wissen\\\/einstellungssache\\\/#primaryimage\",\"url\":\"https:\\\/\\\/ungedient.de\\\/blog\\\/wp-content\\\/uploads\\\/2023\\\/03\\\/onfire.jpg\",\"contentUrl\":\"https:\\\/\\\/ungedient.de\\\/blog\\\/wp-content\\\/uploads\\\/2023\\\/03\\\/onfire.jpg\",\"width\":950,\"height\":500},{\"@type\":\"BreadcrumbList\",\"@id\":\"https:\\\/\\\/ungedient.de\\\/blog\\\/wissen\\\/einstellungssache\\\/#breadcrumb\",\"itemListElement\":[{\"@type\":\"ListItem\",\"position\":1,\"name\":\"Startseite\",\"item\":\"https:\\\/\\\/ungedient.de\\\/blog\\\/\"},{\"@type\":\"ListItem\",\"position\":2,\"name\":\"Wissen\",\"item\":\"https:\\\/\\\/ungedient.de\\\/blog\\\/thema\\\/wissen\\\/\"},{\"@type\":\"ListItem\",\"position\":3,\"name\":\"Einstellungs&shy;sache.\"}]},{\"@type\":\"WebSite\",\"@id\":\"https:\\\/\\\/ungedient.de\\\/blog\\\/#website\",\"url\":\"https:\\\/\\\/ungedient.de\\\/blog\\\/\",\"name\":\"UNgedient. Vom Ungedienten zur Bundeswehr.\",\"description\":\"Dein Weg in die Reserve der Bundeswehr\",\"publisher\":{\"@id\":\"https:\\\/\\\/ungedient.de\\\/blog\\\/#organization\"},\"alternateName\":\"Ausbildung f\u00fcr Ungediente\",\"potentialAction\":[{\"@type\":\"SearchAction\",\"target\":{\"@type\":\"EntryPoint\",\"urlTemplate\":\"https:\\\/\\\/ungedient.de\\\/blog\\\/?s={search_term_string}\"},\"query-input\":{\"@type\":\"PropertyValueSpecification\",\"valueRequired\":true,\"valueName\":\"search_term_string\"}}],\"inLanguage\":\"de\"},{\"@type\":\"Organization\",\"@id\":\"https:\\\/\\\/ungedient.de\\\/blog\\\/#organization\",\"name\":\"UNgedient. Vom Ungedienten zur Bundeswehr.\",\"alternateName\":\"Ausbildung Ungedienter zum Reservisten der Bundeswehr\",\"url\":\"https:\\\/\\\/ungedient.de\\\/blog\\\/\",\"logo\":{\"@type\":\"ImageObject\",\"inLanguage\":\"de\",\"@id\":\"https:\\\/\\\/ungedient.de\\\/blog\\\/#\\\/schema\\\/logo\\\/image\\\/\",\"url\":\"https:\\\/\\\/ungedient.de\\\/blog\\\/wp-content\\\/uploads\\\/2023\\\/03\\\/ungedient-favicon.jpg\",\"contentUrl\":\"https:\\\/\\\/ungedient.de\\\/blog\\\/wp-content\\\/uploads\\\/2023\\\/03\\\/ungedient-favicon.jpg\",\"width\":520,\"height\":520,\"caption\":\"UNgedient. Vom Ungedienten zur Bundeswehr.\"},\"image\":{\"@id\":\"https:\\\/\\\/ungedient.de\\\/blog\\\/#\\\/schema\\\/logo\\\/image\\\/\"},\"sameAs\":[\"https:\\\/\\\/www.facebook.com\\\/fuchs52y\"]},{\"@type\":\"Person\",\"@id\":\"https:\\\/\\\/ungedient.de\\\/blog\\\/#\\\/schema\\\/person\\\/1648f47e5e180daeaa9f15f2dd485bf5\",\"name\":\"Daniel\",\"image\":{\"@type\":\"ImageObject\",\"inLanguage\":\"de\",\"@id\":\"https:\\\/\\\/secure.gravatar.com\\\/avatar\\\/ef3cfcfe1a934ab692f6ac8a025998218be6f7edf0973bf6f01a1c8634236232?s=96&d=mm&r=g\",\"url\":\"https:\\\/\\\/secure.gravatar.com\\\/avatar\\\/ef3cfcfe1a934ab692f6ac8a025998218be6f7edf0973bf6f01a1c8634236232?s=96&d=mm&r=g\",\"contentUrl\":\"https:\\\/\\\/secure.gravatar.com\\\/avatar\\\/ef3cfcfe1a934ab692f6ac8a025998218be6f7edf0973bf6f01a1c8634236232?s=96&d=mm&r=g\",\"caption\":\"Daniel\"},\"description\":\"Daniel absolvierte die Ausbildung f\u00fcr Ungediente 2023 in Rheinland-Pfalz und ist mittlerweile in der 5.\\\/HSchRgt 3 beordert. Er arbeitete als Reservistendienstleistender in einer Projektgruppe des Territorialen F\u00fchrungskommandos der Bundeswehr und engagiert sich als einer von zwei Beauftragten der Landesgruppe Baden-W\u00fcrttemberg des Verbandes der Reservisten der Deutschen Bundeswehr f\u00fcr die Ausbildung Ungediente. 2025 wurde er Vorsitzender der Reservistenarbeitsgemeinschaft Drohne MO. Daniel ist verheiratet und Vater von drei T\u00f6chtern.\",\"sameAs\":[\"https:\\\/\\\/facebook.com\\\/fuchs52y\"]}]}<\/script>\n<!-- \/ Yoast SEO plugin. -->","yoast_head_json":{"title":"Einstellungs&shy;sache. &#8226; UNgedient.","robots":{"index":"index","follow":"follow","max-snippet":"max-snippet:-1","max-image-preview":"max-image-preview:large","max-video-preview":"max-video-preview:-1"},"canonical":"https:\/\/ungedient.de\/blog\/wissen\/einstellungssache\/","og_locale":"de_DE","og_type":"article","og_title":"Einstellungs&shy;sache. &#8226; UNgedient.","og_description":"Warum m\u00f6chtest du zur Bundeswehr? Hast du dir das auch wirklich gut \u00fcberlegt?","og_url":"https:\/\/ungedient.de\/blog\/wissen\/einstellungssache\/","og_site_name":"UNgedient.","article_publisher":"https:\/\/www.facebook.com\/fuchs52y","article_author":"https:\/\/facebook.com\/fuchs52y","article_published_time":"2023-01-09T10:48:44+00:00","article_modified_time":"2023-06-01T17:14:53+00:00","og_image":[{"width":950,"height":500,"url":"https:\/\/ungedient.de\/blog\/wp-content\/uploads\/2023\/03\/onfire.jpg","type":"image\/jpeg"}],"author":"Daniel","twitter_card":"summary_large_image","twitter_misc":{"Verfasst von":"Daniel","Gesch\u00e4tzte Lesezeit":"3\u00a0Minuten"},"schema":{"@context":"https:\/\/schema.org","@graph":[{"@type":"Article","@id":"https:\/\/ungedient.de\/blog\/wissen\/einstellungssache\/#article","isPartOf":{"@id":"https:\/\/ungedient.de\/blog\/wissen\/einstellungssache\/"},"author":{"name":"Daniel","@id":"https:\/\/ungedient.de\/blog\/#\/schema\/person\/1648f47e5e180daeaa9f15f2dd485bf5"},"headline":"Einstellungs&shy;sache.","datePublished":"2023-01-09T10:48:44+00:00","dateModified":"2023-06-01T17:14:53+00:00","mainEntityOfPage":{"@id":"https:\/\/ungedient.de\/blog\/wissen\/einstellungssache\/"},"wordCount":459,"commentCount":7,"publisher":{"@id":"https:\/\/ungedient.de\/blog\/#organization"},"image":{"@id":"https:\/\/ungedient.de\/blog\/wissen\/einstellungssache\/#primaryimage"},"thumbnailUrl":"https:\/\/ungedient.de\/blog\/wp-content\/uploads\/2023\/03\/onfire.jpg","keywords":["einstellung","tod","krieg","verwundung","freizeit"],"articleSection":["Wissen"],"inLanguage":"de","potentialAction":[{"@type":"CommentAction","name":"Comment","target":["https:\/\/ungedient.de\/blog\/wissen\/einstellungssache\/#respond"]}]},{"@type":"WebPage","@id":"https:\/\/ungedient.de\/blog\/wissen\/einstellungssache\/","url":"https:\/\/ungedient.de\/blog\/wissen\/einstellungssache\/","name":"Einstellungs&shy;sache. &#8226; UNgedient.","isPartOf":{"@id":"https:\/\/ungedient.de\/blog\/#website"},"primaryImageOfPage":{"@id":"https:\/\/ungedient.de\/blog\/wissen\/einstellungssache\/#primaryimage"},"image":{"@id":"https:\/\/ungedient.de\/blog\/wissen\/einstellungssache\/#primaryimage"},"thumbnailUrl":"https:\/\/ungedient.de\/blog\/wp-content\/uploads\/2023\/03\/onfire.jpg","datePublished":"2023-01-09T10:48:44+00:00","dateModified":"2023-06-01T17:14:53+00:00","breadcrumb":{"@id":"https:\/\/ungedient.de\/blog\/wissen\/einstellungssache\/#breadcrumb"},"inLanguage":"de","potentialAction":[{"@type":"ReadAction","target":["https:\/\/ungedient.de\/blog\/wissen\/einstellungssache\/"]}]},{"@type":"ImageObject","inLanguage":"de","@id":"https:\/\/ungedient.de\/blog\/wissen\/einstellungssache\/#primaryimage","url":"https:\/\/ungedient.de\/blog\/wp-content\/uploads\/2023\/03\/onfire.jpg","contentUrl":"https:\/\/ungedient.de\/blog\/wp-content\/uploads\/2023\/03\/onfire.jpg","width":950,"height":500},{"@type":"BreadcrumbList","@id":"https:\/\/ungedient.de\/blog\/wissen\/einstellungssache\/#breadcrumb","itemListElement":[{"@type":"ListItem","position":1,"name":"Startseite","item":"https:\/\/ungedient.de\/blog\/"},{"@type":"ListItem","position":2,"name":"Wissen","item":"https:\/\/ungedient.de\/blog\/thema\/wissen\/"},{"@type":"ListItem","position":3,"name":"Einstellungs&shy;sache."}]},{"@type":"WebSite","@id":"https:\/\/ungedient.de\/blog\/#website","url":"https:\/\/ungedient.de\/blog\/","name":"UNgedient. Vom Ungedienten zur Bundeswehr.","description":"Dein Weg in die Reserve der Bundeswehr","publisher":{"@id":"https:\/\/ungedient.de\/blog\/#organization"},"alternateName":"Ausbildung f\u00fcr Ungediente","potentialAction":[{"@type":"SearchAction","target":{"@type":"EntryPoint","urlTemplate":"https:\/\/ungedient.de\/blog\/?s={search_term_string}"},"query-input":{"@type":"PropertyValueSpecification","valueRequired":true,"valueName":"search_term_string"}}],"inLanguage":"de"},{"@type":"Organization","@id":"https:\/\/ungedient.de\/blog\/#organization","name":"UNgedient. Vom Ungedienten zur Bundeswehr.","alternateName":"Ausbildung Ungedienter zum Reservisten der Bundeswehr","url":"https:\/\/ungedient.de\/blog\/","logo":{"@type":"ImageObject","inLanguage":"de","@id":"https:\/\/ungedient.de\/blog\/#\/schema\/logo\/image\/","url":"https:\/\/ungedient.de\/blog\/wp-content\/uploads\/2023\/03\/ungedient-favicon.jpg","contentUrl":"https:\/\/ungedient.de\/blog\/wp-content\/uploads\/2023\/03\/ungedient-favicon.jpg","width":520,"height":520,"caption":"UNgedient. Vom Ungedienten zur Bundeswehr."},"image":{"@id":"https:\/\/ungedient.de\/blog\/#\/schema\/logo\/image\/"},"sameAs":["https:\/\/www.facebook.com\/fuchs52y"]},{"@type":"Person","@id":"https:\/\/ungedient.de\/blog\/#\/schema\/person\/1648f47e5e180daeaa9f15f2dd485bf5","name":"Daniel","image":{"@type":"ImageObject","inLanguage":"de","@id":"https:\/\/secure.gravatar.com\/avatar\/ef3cfcfe1a934ab692f6ac8a025998218be6f7edf0973bf6f01a1c8634236232?s=96&d=mm&r=g","url":"https:\/\/secure.gravatar.com\/avatar\/ef3cfcfe1a934ab692f6ac8a025998218be6f7edf0973bf6f01a1c8634236232?s=96&d=mm&r=g","contentUrl":"https:\/\/secure.gravatar.com\/avatar\/ef3cfcfe1a934ab692f6ac8a025998218be6f7edf0973bf6f01a1c8634236232?s=96&d=mm&r=g","caption":"Daniel"},"description":"Daniel absolvierte die Ausbildung f\u00fcr Ungediente 2023 in Rheinland-Pfalz und ist mittlerweile in der 5.\/HSchRgt 3 beordert. Er arbeitete als Reservistendienstleistender in einer Projektgruppe des Territorialen F\u00fchrungskommandos der Bundeswehr und engagiert sich als einer von zwei Beauftragten der Landesgruppe Baden-W\u00fcrttemberg des Verbandes der Reservisten der Deutschen Bundeswehr f\u00fcr die Ausbildung Ungediente. 2025 wurde er Vorsitzender der Reservistenarbeitsgemeinschaft Drohne MO. Daniel ist verheiratet und Vater von drei T\u00f6chtern.","sameAs":["https:\/\/facebook.com\/fuchs52y"]}]}},"_links":{"self":[{"href":"https:\/\/ungedient.de\/blog\/wp-json\/wp\/v2\/posts\/972","targetHints":{"allow":["GET"]}}],"collection":[{"href":"https:\/\/ungedient.de\/blog\/wp-json\/wp\/v2\/posts"}],"about":[{"href":"https:\/\/ungedient.de\/blog\/wp-json\/wp\/v2\/types\/post"}],"author":[{"embeddable":true,"href":"https:\/\/ungedient.de\/blog\/wp-json\/wp\/v2\/users\/1"}],"replies":[{"embeddable":true,"href":"https:\/\/ungedient.de\/blog\/wp-json\/wp\/v2\/comments?post=972"}],"version-history":[{"count":0,"href":"https:\/\/ungedient.de\/blog\/wp-json\/wp\/v2\/posts\/972\/revisions"}],"wp:featuredmedia":[{"embeddable":true,"href":"https:\/\/ungedient.de\/blog\/wp-json\/wp\/v2\/media\/973"}],"wp:attachment":[{"href":"https:\/\/ungedient.de\/blog\/wp-json\/wp\/v2\/media?parent=972"}],"wp:term":[{"taxonomy":"category","embeddable":true,"href":"https:\/\/ungedient.de\/blog\/wp-json\/wp\/v2\/categories?post=972"},{"taxonomy":"post_tag","embeddable":true,"href":"https:\/\/ungedient.de\/blog\/wp-json\/wp\/v2\/tags?post=972"}],"curies":[{"name":"wp","href":"https:\/\/api.w.org\/{rel}","templated":true}]}}