{"id":981,"date":"2023-01-09T12:18:47","date_gmt":"2023-01-09T11:18:47","guid":{"rendered":"https:\/\/ungedient.de\/blog\/?p=981"},"modified":"2023-05-08T21:00:07","modified_gmt":"2023-05-08T19:00:07","slug":"die-eigene-sprache","status":"publish","type":"post","link":"https:\/\/ungedient.de\/blog\/wissen\/die-eigene-sprache\/","title":{"rendered":"Die eigene Sprache"},"content":{"rendered":"<div class=\"wpb-content-wrapper\">[vc_row][vc_column][vc_column_text]\n<h2>Begrifflichkeiten<\/h2>\n<p>Wenn man mit der Bundeswehr zu tun hat, stellt man schnell fest, dass sie sich nicht nur fremder W\u00f6rter bedient (wie z.B. &#8222;Wirkmittel&#8220;), sondern auch unz\u00e4hlige kryptische Abk\u00fcrzungen verwendet (wie z.B. &#8222;SEinst\u00dcG&#8220;). Auch f\u00fcr mich war das ein undurchdringlicher Dschungel &#8211; zumindest am Anfang! Die wichtigsten Abk\u00fcrzungen sind auf dieser Unterseite zu finden. Viele dieser Begriffe sind in diesem farbig hinterlegt. Wenn du sie anklickst oder mit der Maus ber\u00fchrst, werden sie f\u00fcr dich entschl\u00fcsselt. Wirft man einen Blick ins <a href=\"https:\/\/www.bundeswehr.de\/de\/ueber-die-bundeswehr\/begriffe-bundeswehr-glossar\" target=\"_blank\" rel=\"noopener\">Glossar<\/a> der Bw, so ist hier der Begriff &#8222;Ungedienter&#8220; \u00fcbrigens gar nicht aufgef\u00fchrt. Doch immerhin findet man einen Eintrag zur Reserve:<\/p>\n<blockquote><p>&#8222;Die Reserve ist die Gesamtheit der Staatsb\u00fcrger, die in der Bundeswehr gedient haben. Sie k\u00f6nnen im Spannungsfall zu einem erneuten Dienst in den Streitkr\u00e4ften herangezogen werden.&#8220;<\/p><\/blockquote>\n<p>(Glossar der Bundeswehr, Stand: 8.6.2022)<\/p>\n<p>Konkreter wird es auf der <a href=\"https:\/\/www.bundeswehr.de\/de\/ueber-die-bundeswehr\/die-reserve-der-bundeswehr\/reservist-werden-in-der-bundeswehr-\/haeufig-gestellte-fragen-zur-reserve-der-bundeswehr\" target=\"_blank\" rel=\"noopener\">Reservisten-Unterseite<\/a> der Bundeswehr:<\/p>\n<blockquote><p><strong>Ungediente \/ Ungedienter<\/strong><br \/>\n&#8222;Frauen und M\u00e4nner mit deutscher Staatsangeh\u00f6rigkeit, die bisher keinen Wehrdienst geleistet haben.&#8220;<\/p>\n<p><strong>Reservist \/ Reservistin<\/strong><br \/>\n&#8222;Reservistinnen und Reservisten sind alle fr\u00fcheren Soldatinnen und Soldaten der Bundeswehr, die ihren Dienstgrad nicht verloren haben, sowie Personen, die aufgrund einer mit dem Bund eingegangenen Verpflichtung zu einer Wehrdienstleistung nach dem Vierten Abschnitt des SG herangezogen werden k\u00f6nnen.&#8220;<\/p><\/blockquote>\n<h2>G\u00e4ngige Abk\u00fcrzungen<\/h2>\n<p>Einige Abk\u00fcrzungen, die auch hier im Blog verwendet (und entschl\u00fcsselt) werden findest du in der nachfolgenden Liste:<br \/>\n<ul class=\"glossary-terms-list\"><li><a href=\"https:\/\/ungedient.de\/blog\/abkuerzung\/kraft-omnibus-kom\/\">(Kraft-) Omnibus (KOM)<\/a><\/li><li><a href=\"https:\/\/ungedient.de\/blog\/abkuerzung\/abc-atomar-biologisch-chemisch\/\">ABC (atomar, biologisch, chemisch)<\/a><\/li><li><a href=\"https:\/\/ungedient.de\/blog\/abkuerzung\/abc-abwehr-abcabw\/\">ABC-Abwehr (ABCAbw)<\/a><\/li><li><a href=\"https:\/\/ungedient.de\/blog\/abkuerzung\/abteilung-abt\/\">Abteilung (Abt)<\/a><\/li><li><a href=\"https:\/\/ungedient.de\/blog\/abkuerzung\/aktenzeichen-az\/\">Aktenzeichen (Az)<\/a><\/li><li><a href=\"https:\/\/ungedient.de\/blog\/abkuerzung\/alarmposten-ap\/\">Alarmposten (AP)<\/a><\/li><li><a href=\"https:\/\/ungedient.de\/blog\/abkuerzung\/allg-fernsprechwaehlnetz-der-bw-allgfspwnbw\/\">Allg. Fernsprechw\u00e4hlnetz der Bw (AllgFspWNBw)<\/a><\/li><li><a href=\"https:\/\/ungedient.de\/blog\/abkuerzung\/allgemeine-grundausbildung-frueher-aga-ga\/\">Allgemeine Grundausbildung (fr\u00fcher: AGA) (GA)<\/a><\/li><li><a href=\"https:\/\/ungedient.de\/blog\/abkuerzung\/allgemeine-streitkraeftegemeinsame-soldatische-ausbildung-assa\/\">Allgemeine Streitkr\u00e4ftegemeinsame Soldatische Ausbildung (ASSA)<\/a><\/li><li><a href=\"https:\/\/ungedient.de\/blog\/abkuerzung\/anlagenblatt-anlbl\/\">Anlagenblatt (AnlBl)<\/a><\/li><li><a href=\"https:\/\/ungedient.de\/blog\/abkuerzung\/arbeitskreis-ak\/\">Arbeitskreis (AK)<\/a><\/li><li><a href=\"https:\/\/ungedient.de\/blog\/abkuerzung\/arbeitszeiterfassung-aze\/\">Arbeitszeiterfassung (AZE)<\/a><\/li><li><a href=\"https:\/\/ungedient.de\/blog\/abkuerzung\/assessment-center-fuer-fuehrungskraefte-der-bw-koeln-acfuekrbw\/\">Assessment Center f\u00fcr F\u00fchrungskr\u00e4fte der Bw (K\u00f6ln) (ACF\u00fcKrBw)<\/a><\/li><li><a href=\"https:\/\/ungedient.de\/blog\/abkuerzung\/atomar-biologisch-chemisch-abc\/\">atomar, biologisch, chemisch (ABC)<\/a><\/li><li><a href=\"https:\/\/ungedient.de\/blog\/abkuerzung\/auf-befehl-a-b\/\">Auf Befehl (A. B.)<\/a><\/li><li><a href=\"https:\/\/ungedient.de\/blog\/abkuerzung\/auf-dem-dienstweg-a-d-d\/\">auf dem Dienstweg (a. d. D.)<\/a><\/li><li><a href=\"https:\/\/ungedient.de\/blog\/abkuerzung\/aufklaerung-aufkl\/\">Aufkl\u00e4rung (Aufkl)<\/a><\/li><li><a href=\"https:\/\/ungedient.de\/blog\/abkuerzung\/aufwandsentschaedigung-ae\/\">Aufwandsentsch\u00e4digung (AE)<\/a><\/li><li><a href=\"https:\/\/ungedient.de\/blog\/abkuerzung\/ausbilder-ausbr\/\">Ausbilder (Ausbr)<\/a><\/li><li><a href=\"https:\/\/ungedient.de\/blog\/abkuerzung\/ausbildung-am-arbeitsplatz-aap\/\">Ausbildung am Arbeitsplatz (AAP)<\/a><\/li><li><a href=\"https:\/\/ungedient.de\/blog\/abkuerzung\/ausbildungs-und-taetigkeitsbezeichnung-atb\/\">Ausbildungs- und T\u00e4tigkeitsbezeichnung (ATB)<\/a><\/li><li><a href=\"https:\/\/ungedient.de\/blog\/abkuerzung\/ausruestungsgurt-tragesystem-chest-rig\/\">Ausr\u00fcstungsgurt, Tragesystem (Chest Rig)<\/a><\/li><li><a href=\"https:\/\/ungedient.de\/blog\/abkuerzung\/ausser-dienst-a-d\/\">Au\u00dfer Dienst (a.D.)<\/a><\/li><li><a href=\"https:\/\/ungedient.de\/blog\/abkuerzung\/basis-fitness-test-bft\/\">Basis Fitness Test (BFT)<\/a><\/li><li><a href=\"https:\/\/ungedient.de\/blog\/abkuerzung\/bataillon-btl\/\">Bataillon (Btl)<\/a><\/li><li><a href=\"https:\/\/ungedient.de\/blog\/abkuerzung\/befehl-bef\/\">Befehl (Bef)<\/a><\/li><li><a href=\"https:\/\/ungedient.de\/blog\/abkuerzung\/bekleidungs-u-ausruestungsnachweis-ban\/\">Bekleidungs- u. Ausr\u00fcstungsnachweis (BAN)<\/a><\/li><li><a href=\"https:\/\/ungedient.de\/blog\/abkuerzung\/berufsfoerderungsdienst-bfd\/\">Berufsf\u00f6rderungsdienst (BFD)<\/a><\/li><li><a href=\"https:\/\/ungedient.de\/blog\/abkuerzung\/berufsoffizier-bo\/\">Berufsoffizier (BO)<\/a><\/li><li><a href=\"https:\/\/ungedient.de\/blog\/abkuerzung\/berufssoldat-bs\/\">Berufssoldat (BS)<\/a><\/li><li><a href=\"https:\/\/ungedient.de\/blog\/abkuerzung\/besonderes-vorkommnis-bv\/\">Besonderes Vorkommnis (BV)<\/a><\/li><li><a href=\"https:\/\/ungedient.de\/blog\/abkuerzung\/besprechung-bespr\/\">Besprechung (Bespr)<\/a><\/li><li><a href=\"https:\/\/ungedient.de\/blog\/abkuerzung\/bezirksverbindungskommando-bvk\/\">Bezirksverbindungskommando (BVK)<\/a><\/li><li><a href=\"https:\/\/ungedient.de\/blog\/abkuerzung\/bezugspunkt-feuerleitung-bp\/\">Bezugspunkt (Feuerleitung) (BP)<\/a><\/li><li><a href=\"https:\/\/ungedient.de\/blog\/abkuerzung\/body-mass-index-bmi\/\">Body Mass Index (BMI)<\/a><\/li><li><a href=\"https:\/\/ungedient.de\/blog\/abkuerzung\/bootsmann-vom-wochendienst-bvw\/\">Bootsmann vom Wochendienst (BvW)<\/a><\/li><li><a href=\"https:\/\/ungedient.de\/blog\/abkuerzung\/brigade-brig\/\">Brigade (Brig)<\/a><\/li><li><a href=\"https:\/\/ungedient.de\/blog\/abkuerzung\/bundesamt-fuer-das-personalmanagement-der-bundeswehr-bapersbw\/\">Bundesamt f\u00fcr das Personalmanagement der Bundeswehr (BAPersBw)<\/a><\/li><li><a href=\"https:\/\/ungedient.de\/blog\/abkuerzung\/bundesamt-fuer-den-militaerischen-abschirmdienst-ba-mad\/\">Bundesamt f\u00fcr den Milit\u00e4rischen Abschirmdienst (BA MAD)<\/a><\/li><li><a href=\"https:\/\/ungedient.de\/blog\/abkuerzung\/bundesamt-fuer-den-militaerischen-abschirmdienst-bamad\/\">Bundesamt f\u00fcr den Milit\u00e4rischen Abschirmdienst (BAMAD)<\/a><\/li><li><a href=\"https:\/\/ungedient.de\/blog\/abkuerzung\/bundesamt-fuer-familie-und-zivilgesellschaftliche-aufgaben-bafza\/\">Bundesamt f\u00fcr Familie und zivilgesellschaftliche Aufgaben (BAFzA)<\/a><\/li><li><a href=\"https:\/\/ungedient.de\/blog\/abkuerzung\/bundesministerium-der-verteidigung-bmvg\/\">Bundesministerium der Verteidigung (BMVg)<\/a><\/li><li><a href=\"https:\/\/ungedient.de\/blog\/abkuerzung\/bundeswehr-bw\/\">Bundeswehr (Bw)<\/a><\/li><li><a href=\"https:\/\/ungedient.de\/blog\/abkuerzung\/bundeswehr-dienstleistungszentrum-bwdlz\/\">Bundeswehr Dienstleistungszentrum (BwDLZ)<\/a><\/li><li><a href=\"https:\/\/ungedient.de\/blog\/abkuerzung\/bundeswehrkrankenhaus-bwkrhs-bwk\/\">Bundeswehrkrankenhaus (BwKrhs \/ BWK)<\/a><\/li><li><a href=\"https:\/\/ungedient.de\/blog\/abkuerzung\/computerassistiertes-testverfahren-cat\/\">Computerassistiertes Testverfahren (CAT)<\/a><\/li><li><a href=\"https:\/\/ungedient.de\/blog\/abkuerzung\/der-reserve-bei-dienstgrad-d-r\/\">der Reserve (bei Dienstgrad) (d.R.)<\/a><\/li><li><a href=\"https:\/\/ungedient.de\/blog\/abkuerzung\/designated-marksmann-rifle-dmr\/\">Designated Marksmann Rifle (DMR)<\/a><\/li><li><a href=\"https:\/\/ungedient.de\/blog\/abkuerzung\/deutscher-bundeswehr-verband-e-v-dbwv\/\">Deutscher Bundeswehr Verband e. V. (DBwV)<\/a><\/li><li><a href=\"https:\/\/ungedient.de\/blog\/abkuerzung\/dienst-dst\/\">Dienst (Dst)<\/a><\/li><li><a href=\"https:\/\/ungedient.de\/blog\/abkuerzung\/dienstanzug-siehe-auch-fa-feldanzug-da-2\/\">Dienstanzug (DA)<\/a><\/li><li><a href=\"https:\/\/ungedient.de\/blog\/abkuerzung\/diensteintritt-de\/\">Diensteintritt (DE)<\/a><\/li><li><a href=\"https:\/\/ungedient.de\/blog\/abkuerzung\/dienstgrad-dgrad\/\">Dienstgrad (DGrad)<\/a><\/li><li><a href=\"https:\/\/ungedient.de\/blog\/abkuerzung\/dienstliche-veranstaltung-dvag\/\">Dienstliche Veranstaltung (DVag)<\/a><\/li><li><a href=\"https:\/\/ungedient.de\/blog\/abkuerzung\/dienstliche-veranstaltung-dvags\/\">Dienstliche Veranstaltung (DVags)<\/a><\/li><li><a href=\"https:\/\/ungedient.de\/blog\/abkuerzung\/dienstvorschrift-dv\/\">Dienstvorschrift (Dv)<\/a><\/li><li><a href=\"https:\/\/ungedient.de\/blog\/abkuerzung\/dienstzeitausgleich-dza\/\">Dienstzeitausgleich (DZA)<\/a><\/li><li><a href=\"https:\/\/ungedient.de\/blog\/abkuerzung\/dienstzeitende-dze\/\">Dienstzeitende (DZE)<\/a><\/li><li><a href=\"https:\/\/ungedient.de\/blog\/abkuerzung\/einmannpackung-epa\/\">Einmannpackung (EPa)<\/a><\/li><li><a href=\"https:\/\/ungedient.de\/blog\/abkuerzung\/einsatzvorbereitende-ausbildung-zur-konfliktverhuetung-und-krisenbewaeltigung-eakk\/\">Einsatzvorbereitende Ausbildung zur Konfliktverh\u00fctung und Krisenbew\u00e4ltigung. (EAKK)<\/a><\/li><li><a href=\"https:\/\/ungedient.de\/blog\/abkuerzung\/elektronische-sicherheitserklaerung-else\/\">Elektronische Sicherheitserkl\u00e4rung (ELSE)<\/a><\/li><li><a href=\"https:\/\/ungedient.de\/blog\/abkuerzung\/ergaenzungstruppenteil-ergtrt\/\">Erg\u00e4nzungstruppenteil (ErgTrT)<\/a><\/li><li><a href=\"https:\/\/ungedient.de\/blog\/abkuerzung\/fallschirmjaegerbataillon-fschjgbtl\/\">Fallschirmj\u00e4gerbataillon (FschJgBtl)<\/a><\/li><li><a href=\"https:\/\/ungedient.de\/blog\/abkuerzung\/fallschirmspringer-fschspr\/\">Fallschirmspringer (FschSpr)<\/a><\/li><li><a href=\"https:\/\/ungedient.de\/blog\/abkuerzung\/feldanzug-siehe-auch-da-dienstanzug-fa-2\/\">Feldanzug (FA)<\/a><\/li><li><a href=\"https:\/\/ungedient.de\/blog\/abkuerzung\/feldjaeger-fjg\/\">Feldj\u00e4ger (FJg)<\/a><\/li><li><a href=\"https:\/\/ungedient.de\/blog\/abkuerzung\/feldlager-biwak\/\">Feldlager (Biwak)<\/a><\/li><li><a href=\"https:\/\/ungedient.de\/blog\/abkuerzung\/feldwebel-vom-wochendienst-fvw\/\">Feldwebel vom Wochendienst (FvW)<\/a><\/li><li><a href=\"https:\/\/ungedient.de\/blog\/abkuerzung\/feldwebelanwaerter-vergl-oa-fa\/\">Feldwebelanw\u00e4rter (vergl. OA) (FA)<\/a><\/li><li><a href=\"https:\/\/ungedient.de\/blog\/abkuerzung\/fernmelde-fm\/\">Fernmelde (FM)<\/a><\/li><li><a href=\"https:\/\/ungedient.de\/blog\/abkuerzung\/fernsprechnummer-bundeswehr-intern-fspnbw\/\">Fernsprechnummer Bundeswehr (intern) (FspNBw)<\/a><\/li><li><a href=\"https:\/\/ungedient.de\/blog\/abkuerzung\/freiwillig-zusaetzlich-wehrdienstleistender-fwdl\/\">Freiwillig zus\u00e4tzlich Wehrdienstleistender (FWDL)<\/a><\/li><li><a href=\"https:\/\/ungedient.de\/blog\/abkuerzung\/fuehrer-fhr\/\">F\u00fchrer (Fhr)<\/a><\/li><li><a href=\"https:\/\/ungedient.de\/blog\/abkuerzung\/gebirgsjaeger-gebjg\/\">Gebirgsj\u00e4ger (GebJg)<\/a><\/li><li><a href=\"https:\/\/ungedient.de\/blog\/abkuerzung\/gefechtsstand-gefstd\/\">Gefechtsstand (GefStd)<\/a><\/li><li><a href=\"https:\/\/ungedient.de\/blog\/abkuerzung\/gefreiter-vom-dienst-gvd\/\">Gefreiter vom Dienst (GvD)<\/a><\/li><li><a href=\"https:\/\/ungedient.de\/blog\/abkuerzung\/gemeinsames-ausdauertraining-gat\/\">Gemeinsames Ausdauertraining (GAT)<\/a><\/li><li><a href=\"https:\/\/ungedient.de\/blog\/abkuerzung\/gemeinschaftsverpflegung-gemvpfl\/\">Gemeinschaftsverpflegung (GemVpfl)<\/a><\/li><li><a href=\"https:\/\/ungedient.de\/blog\/abkuerzung\/geschaeftszimmer-auch-geschz-gezi\/\">Gesch\u00e4ftszimmer (auch: GeschZ) (GeZi)<\/a><\/li><li><a href=\"https:\/\/ungedient.de\/blog\/abkuerzung\/gesundheitsakte-g-akte\/\">Gesundheitsakte (G-Akte)<\/a><\/li><li><a href=\"https:\/\/ungedient.de\/blog\/abkuerzung\/grenadier-gren\/\">Grenadier (Gren)<\/a><\/li><li><a href=\"https:\/\/ungedient.de\/blog\/abkuerzung\/grundgesetz-gg\/\">Grundgesetz (GG)<\/a><\/li><li><a href=\"https:\/\/ungedient.de\/blog\/abkuerzung\/grundwehrdienstleistender-gwdl\/\">Grundwehrdienstleistender (GWDL)<\/a><\/li><li><a href=\"https:\/\/ungedient.de\/blog\/abkuerzung\/gruppenfuehrer-grpfhr\/\">Gruppenf\u00fchrer (GrpFhr)<\/a><\/li><li><a href=\"https:\/\/ungedient.de\/blog\/abkuerzung\/handgranate-hgr\/\">Handgranate (HGr)<\/a><\/li><li><a href=\"https:\/\/ungedient.de\/blog\/abkuerzung\/hauptquartier-hq\/\">Hauptquartier (HQ)<\/a><\/li><li><a href=\"https:\/\/ungedient.de\/blog\/abkuerzung\/heimatschutzkompanie-hschkp\/\">Heimatschutzkompanie (HSchKp)<\/a><\/li><li><a href=\"https:\/\/ungedient.de\/blog\/abkuerzung\/hindernisbahn-hiba\/\">Hindernisbahn (HiBA)<\/a><\/li><li><a href=\"https:\/\/ungedient.de\/blog\/abkuerzung\/im-generalstabsdienst-i-g\/\">im Generalstabsdienst (i. G.)<\/a><\/li><li><a href=\"https:\/\/ungedient.de\/blog\/abkuerzung\/im-ruhestand-i-r\/\">im Ruhestand (i. R.)<\/a><\/li><li><a href=\"https:\/\/ungedient.de\/blog\/abkuerzung\/individuelle-grundfertigkeiten-igf\/\">Individuelle Grundfertigkeiten (IGF)<\/a><\/li><li><a href=\"https:\/\/ungedient.de\/blog\/abkuerzung\/infanterie-inf\/\">Infanterie (Inf)<\/a><\/li><li><a href=\"https:\/\/ungedient.de\/blog\/abkuerzung\/innendienst-id\/\">Innendienst (ID)<\/a><\/li><li><a href=\"https:\/\/ungedient.de\/blog\/abkuerzung\/innere-fuehrung-infue\/\">Innere F\u00fchrung (InF\u00fc)<\/a><\/li><li><a href=\"https:\/\/ungedient.de\/blog\/abkuerzung\/instandsetzung-inst\/\">Instandsetzung (Inst)<\/a><\/li><li><a href=\"https:\/\/ungedient.de\/blog\/abkuerzung\/jagdbomber-jabo\/\">Jagdbomber (JaBo)<\/a><\/li><li><a href=\"https:\/\/ungedient.de\/blog\/abkuerzung\/jagdbombergeschwader-jabog\/\">Jagdbombergeschwader (JaBoG)<\/a><\/li><li><a href=\"https:\/\/ungedient.de\/blog\/abkuerzung\/jaeger-jg\/\">J\u00e4ger (Jg)<\/a><\/li><li><a href=\"https:\/\/ungedient.de\/blog\/abkuerzung\/kaliber-kal\/\">Kaliber (Kal)<\/a><\/li><li><a href=\"https:\/\/ungedient.de\/blog\/abkuerzung\/karrierecenter-der-bundeswehr-karrc\/\">Karrierecenter der Bundeswehr (KarrC)<\/a><\/li><li><a href=\"https:\/\/ungedient.de\/blog\/abkuerzung\/kompanie-kp\/\">Kompanie (Kp)<\/a><\/li><li><a href=\"https:\/\/ungedient.de\/blog\/abkuerzung\/kompaniechef-kpchef\/\">Kompaniechef (KpChef)<\/a><\/li><li><a href=\"https:\/\/ungedient.de\/blog\/abkuerzung\/kompaniefeldwebel-kpfw\/\">Kompaniefeldwebel (KpFw)<\/a><\/li><li><a href=\"https:\/\/ungedient.de\/blog\/abkuerzung\/konzeption-der-reserve-kdr\/\">Konzeption der Reserve (KdR)<\/a><\/li><li><a href=\"https:\/\/ungedient.de\/blog\/abkuerzung\/koerperliche-leistungsfaehigkeit-klf\/\">K\u00f6rperliche Leistungsf\u00e4higkeit (KLF)<\/a><\/li><li><a href=\"https:\/\/ungedient.de\/blog\/abkuerzung\/kraftfahrer-vom-dienst-kvd\/\">Kraftfahrer vom Dienst (KvD)<\/a><\/li><li><a href=\"https:\/\/ungedient.de\/blog\/abkuerzung\/krank-auf-stube-kas\/\">Krank auf Stube (KaS)<\/a><\/li><li><a href=\"https:\/\/ungedient.de\/blog\/abkuerzung\/krank-zu-hause-kzh\/\">Krank zu Hause (KzH)<\/a><\/li><li><a href=\"https:\/\/ungedient.de\/blog\/abkuerzung\/kreisverbindungskommando-kvk\/\">Kreisverbindungskommando (KVK)<\/a><\/li><li><a href=\"https:\/\/ungedient.de\/blog\/abkuerzung\/kreiswehrersatzamt-kwea\/\">Kreiswehrersatzamt (KWEA)<\/a><\/li><li><a href=\"https:\/\/ungedient.de\/blog\/abkuerzung\/kriegsdienstverweigerung-kdv\/\">Kriegsdienstverweigerung (KDV)<\/a><\/li><li><a href=\"https:\/\/ungedient.de\/blog\/abkuerzung\/landeskommando-lkdo\/\">Landeskommando (LKdo)<\/a><\/li><li><a href=\"https:\/\/ungedient.de\/blog\/abkuerzung\/luftlande-ll\/\">Luftlande\u2026 (LL)<\/a><\/li><li><a href=\"https:\/\/ungedient.de\/blog\/abkuerzung\/maat-der-wache-mdw\/\">Maat der Wache (MdW)<\/a><\/li><li><a href=\"https:\/\/ungedient.de\/blog\/abkuerzung\/mannschaft-msch\/\">Mannschaft (Msch)<\/a><\/li><li><a href=\"https:\/\/ungedient.de\/blog\/abkuerzung\/maschinengewehr-mg\/\">Maschinengewehr (MG)<\/a><\/li><li><a href=\"https:\/\/ungedient.de\/blog\/abkuerzung\/maschinenkanone-mk\/\">Maschinenkanone (MK)<\/a><\/li><li><a href=\"https:\/\/ungedient.de\/blog\/abkuerzung\/maschinenpistole-mp\/\">Maschinenpistole (MP)<\/a><\/li><li><a href=\"https:\/\/ungedient.de\/blog\/abkuerzung\/matrose-vom-dienst-mvd\/\">Matrose vom Dienst (MvD)<\/a><\/li><li><a href=\"https:\/\/ungedient.de\/blog\/abkuerzung\/mil-bereich-mb\/\">Mil. Bereich (MB)<\/a><\/li><li><a href=\"https:\/\/ungedient.de\/blog\/abkuerzung\/mil-sicherheitsbereich-msb\/\">Mil. Sicherheitsbereich (MSB)<\/a><\/li><li><a href=\"https:\/\/ungedient.de\/blog\/abkuerzung\/militaerischer-abschirmdienst-mad\/\">Milit\u00e4rischer Abschirmdienst (MAD)<\/a><\/li><li><a href=\"https:\/\/ungedient.de\/blog\/abkuerzung\/militaerkraftfahrer-in-mkf\/\">Milit\u00e4rkraftfahrer\/in (MKF)<\/a><\/li><li><a href=\"https:\/\/ungedient.de\/blog\/abkuerzung\/modulare-ballistische-schutz-und-trageausstattung-soldat-mobast\/\">Modulare Ballistische Schutz- und Trageausstattung Soldat (MOBAST)<\/a><\/li><li><a href=\"https:\/\/ungedient.de\/blog\/abkuerzung\/nach-dienst-n-d\/\">nach Dienst (n. D.)<\/a><\/li><li><a href=\"https:\/\/ungedient.de\/blog\/abkuerzung\/nur-fuer-dienstgebrauch-n-f-d\/\">Nur f\u00fcr Dienstgebrauch (N.f.D.)<\/a><\/li><li><a href=\"https:\/\/ungedient.de\/blog\/abkuerzung\/offizier-vom-dienst-ovd\/\">Offizier vom Dienst (OvD)<\/a><\/li><li><a href=\"https:\/\/ungedient.de\/blog\/abkuerzung\/offizier-vom-standortdienst-ovst\/\">Offizier vom Standortdienst (OvSt)<\/a><\/li><li><a href=\"https:\/\/ungedient.de\/blog\/abkuerzung\/offizier-vom-wachdienst-ovwa\/\">Offizier vom Wachdienst (OvWa)<\/a><\/li><li><a href=\"https:\/\/ungedient.de\/blog\/abkuerzung\/offizieranwaerter-vergl-fa-oa\/\">Offizieranw\u00e4rter (vergl. FA) (OA)<\/a><\/li><li><a href=\"https:\/\/ungedient.de\/blog\/abkuerzung\/offizierheimgesellschaft-ohg\/\">Offizierheimgesellschaft (OHG)<\/a><\/li><li><a href=\"https:\/\/ungedient.de\/blog\/abkuerzung\/panzergrenadierbataillon-pzgrenbtl\/\">Panzergrenadierbataillon (PzGrenBtl)<\/a><\/li><li><a href=\"https:\/\/ungedient.de\/blog\/abkuerzung\/personalnummer-pn\/\">Personalnummer (PN)<\/a><\/li><li><a href=\"https:\/\/ungedient.de\/blog\/abkuerzung\/personenkennziffer-pk\/\">Personenkennziffer (PK)<\/a><\/li><li><a href=\"https:\/\/ungedient.de\/blog\/abkuerzung\/pionierbataillon-pibtl\/\">Pionierbataillon (PiBtl)<\/a><\/li><li><a href=\"https:\/\/ungedient.de\/blog\/abkuerzung\/pistole-p8\/\">Pistole (P8)<\/a><\/li><li><a href=\"https:\/\/ungedient.de\/blog\/abkuerzung\/reservefeldwebelanwaerter-rfa\/\">Reservefeldwebelanw\u00e4rter (RFA)<\/a><\/li><li><a href=\"https:\/\/ungedient.de\/blog\/abkuerzung\/reserveoffizieranwaerter-roa\/\">Reserveoffizieranw\u00e4rter (ROA)<\/a><\/li><li><a href=\"https:\/\/ungedient.de\/blog\/abkuerzung\/reservistenarbeitsgemeinschaft-rag\/\">Reservistenarbeitsgemeinschaft (RAG)<\/a><\/li><li><a href=\"https:\/\/ungedient.de\/blog\/abkuerzung\/reservistendienst-rd\/\">Reservistendienst (RD)<\/a><\/li><li><a href=\"https:\/\/ungedient.de\/blog\/abkuerzung\/reservistendienst-leistende-rdl\/\">Reservistendienst Leistende (RDL)<\/a><\/li><li><a href=\"https:\/\/ungedient.de\/blog\/abkuerzung\/reservistengesetz-resg\/\">Reservistengesetz (ResG)<\/a><\/li><li><a href=\"https:\/\/ungedient.de\/blog\/abkuerzung\/reservistenkameradschaft-rk\/\">Reservistenkameradschaft (RK)<\/a><\/li><li><a href=\"https:\/\/ungedient.de\/blog\/abkuerzung\/reservistenkameradschaften-rken\/\">Reservistenkameradschaft(en) (RKen)<\/a><\/li><li><a href=\"https:\/\/ungedient.de\/blog\/abkuerzung\/rettungssanitaeter-rsan\/\">Rettungssanit\u00e4ter (RSan)<\/a><\/li><li><a href=\"https:\/\/ungedient.de\/blog\/abkuerzung\/rhesusfaktor-rh\/\">Rhesusfaktor (Rh)<\/a><\/li><li><a href=\"https:\/\/ungedient.de\/blog\/abkuerzung\/richtschuetze-rs\/\">Richtsch\u00fctze (RS)<\/a><\/li><li><a href=\"https:\/\/ungedient.de\/blog\/abkuerzung\/sanitaeter-san\/\">Sanit\u00e4ter (San)<\/a><\/li><li><a href=\"https:\/\/ungedient.de\/blog\/abkuerzung\/sanitaetsunterstuetzungszentrum-sanustgz\/\">Sanit\u00e4tsunterst\u00fctzungszentrum (SanUstgZ)<\/a><\/li><li><a href=\"https:\/\/ungedient.de\/blog\/abkuerzung\/sanitaetsversorgungszentrum-sanversz\/\">Sanit\u00e4tsversorgungszentrum (SanVersZ)<\/a><\/li><li><a href=\"https:\/\/ungedient.de\/blog\/abkuerzung\/schlaufensystem-modular-lightweight-load-carrying-equipment-molle\/\">Schlaufensystem; Modular Lightweight Load-carrying Equipment (Molle)<\/a><\/li><li><a href=\"https:\/\/ungedient.de\/blog\/abkuerzung\/schuetze-schtz\/\">Sch\u00fctze (Schtz)<\/a><\/li><li><a href=\"https:\/\/ungedient.de\/blog\/abkuerzung\/selbstladegewehr-g28\/\">Selbstladegewehr (G28)<\/a><\/li><li><a href=\"https:\/\/ungedient.de\/blog\/abkuerzung\/sender-empfaenger-mobil-sem\/\">Sender\/Empf\u00e4nger mobil (SEM)<\/a><\/li><li><a href=\"https:\/\/ungedient.de\/blog\/abkuerzung\/sicherheitsbeauftragter-sibe\/\">Sicherheitsbeauftragte(r) (SiBe)<\/a><\/li><li><a href=\"https:\/\/ungedient.de\/blog\/abkuerzung\/sicherheitsueberpruefung-stufe-1-sue1-vs\/\">Sicherheits\u00fcberpr\u00fcfung Stufe 1 (S\u00dc1-VS)<\/a><\/li><li><a href=\"https:\/\/ungedient.de\/blog\/abkuerzung\/soldat-sdt\/\">Soldat (Sdt)<\/a><\/li><li><a href=\"https:\/\/ungedient.de\/blog\/abkuerzung\/soldat-auf-zeit-saz\/\">Soldat auf Zeit (SaZ)<\/a><\/li><li><a href=\"https:\/\/ungedient.de\/blog\/abkuerzung\/soldaten-grundfitness-tool-sgt\/\">Soldaten-Grundfitness-Tool (SGT)<\/a><\/li><li><a href=\"https:\/\/ungedient.de\/blog\/abkuerzung\/soldateneinstellungsueberpruefungsgesetz-seinstueg\/\">Soldateneinstellungs\u00fcberpr\u00fcfungsgesetz (SEinst\u00dcG)<\/a><\/li><li><a href=\"https:\/\/ungedient.de\/blog\/abkuerzung\/soldatengesetz-sg\/\">Soldatengesetz (SG)<\/a><\/li><li><a href=\"https:\/\/ungedient.de\/blog\/abkuerzung\/staffel-stff\/\">Staffel (Stff)<\/a><\/li><li><a href=\"https:\/\/ungedient.de\/blog\/abkuerzung\/standortuebungsplatz-stouebpl\/\">Standort\u00fcbungsplatz (StO\u00dcbPl)<\/a><\/li><li><a href=\"https:\/\/ungedient.de\/blog\/abkuerzung\/sturmgewehr-g36\/\">Sturmgewehr (G36)<\/a><\/li><li><a href=\"https:\/\/ungedient.de\/blog\/abkuerzung\/technische-dienstvorschrift-tdv\/\">Technische Dienstvorschrift (TDv)<\/a><\/li><li><a href=\"https:\/\/ungedient.de\/blog\/abkuerzung\/teileinheit-te\/\">Teileinheit (TE)<\/a><\/li><li><a href=\"https:\/\/ungedient.de\/blog\/abkuerzung\/trennungsgeld-tg\/\">Trennungsgeld (TG)<\/a><\/li><li><a href=\"https:\/\/ungedient.de\/blog\/abkuerzung\/truppe-trp\/\">Truppe (Trp)<\/a><\/li><li><a href=\"https:\/\/ungedient.de\/blog\/abkuerzung\/truppenuebungsplatz-truebpl\/\">Truppen\u00fcbungsplatz (Tr\u00dcbPl)<\/a><\/li><li><a href=\"https:\/\/ungedient.de\/blog\/abkuerzung\/truppfuehrer-trpfhr\/\">Truppf\u00fchrer (TrpFhr)<\/a><\/li><li><a href=\"https:\/\/ungedient.de\/blog\/abkuerzung\/uebungsmunition-uebmun\/\">\u00dcbungsmunition (\u00dcbMun)<\/a><\/li><li><a href=\"https:\/\/ungedient.de\/blog\/abkuerzung\/uebungsplatz-uebpl\/\">\u00dcbungsplatz (\u00dcbPl)<\/a><\/li><li><a href=\"https:\/\/ungedient.de\/blog\/abkuerzung\/unterhaltssicherungsgesetz-usg\/\">Unterhaltssicherungsgesetz (USG)<\/a><\/li><li><a href=\"https:\/\/ungedient.de\/blog\/abkuerzung\/unteroffizier-mit-portepee-ump\/\">Unteroffizier mit Portepee (UmP)<\/a><\/li><li><a href=\"https:\/\/ungedient.de\/blog\/abkuerzung\/unteroffizier-vom-dienst-uvd\/\">Unteroffizier vom Dienst (UvD)<\/a><\/li><li><a href=\"https:\/\/ungedient.de\/blog\/abkuerzung\/unteroffizierheimgesellschaft-uhg\/\">Unteroffizierheimgesellschaft (UHG)<\/a><\/li><li><a href=\"https:\/\/ungedient.de\/blog\/abkuerzung\/unterrichtsraum-uraum\/\">Unterrichtsraum (URaum)<\/a><\/li><li><a href=\"https:\/\/ungedient.de\/blog\/abkuerzung\/verband-vbd\/\">Verband (Vbd)<\/a><\/li><li><a href=\"https:\/\/ungedient.de\/blog\/abkuerzung\/verband-der-reservisten-der-deutschen-bundeswehr-e-v-vdrbw\/\">Verband der Reservisten der Deutschen Bundeswehr e. V. (VdRBw)<\/a><\/li><li><a href=\"https:\/\/ungedient.de\/blog\/abkuerzung\/verbandsveranstaltung-vvag\/\">Verbandsveranstaltung (VVag)<\/a><\/li><li><a href=\"https:\/\/ungedient.de\/blog\/abkuerzung\/verstaerkungsreserve-vstkgres\/\">Verst\u00e4rkungsreserve (VstkgRes)<\/a><\/li><li><a href=\"https:\/\/ungedient.de\/blog\/abkuerzung\/verteidigungsfall-v-fall\/\">Verteidigungsfall (V-Fall)<\/a><\/li><li><a href=\"https:\/\/ungedient.de\/blog\/abkuerzung\/very-high-readiness-joint-task-force-vjtf\/\">Very High Readiness Joint Task Force (VJTF)<\/a><\/li><li><a href=\"https:\/\/ungedient.de\/blog\/abkuerzung\/waffenkammer-waka\/\">Waffenkammer (WaKa)<\/a><\/li><li><a href=\"https:\/\/ungedient.de\/blog\/abkuerzung\/waffenoffizier-waoffz\/\">Waffenoffizier (WaOffz)<\/a><\/li><li><a href=\"https:\/\/ungedient.de\/blog\/abkuerzung\/wehrbeschwerdeordnung-wbo\/\">Wehrbeschwerdeordnung (WBO)<\/a><\/li><li><a href=\"https:\/\/ungedient.de\/blog\/abkuerzung\/wehrdienstbeschaedigung-wdb\/\">Wehrdienstbesch\u00e4digung (WDB)<\/a><\/li><li><a href=\"https:\/\/ungedient.de\/blog\/abkuerzung\/wehrdisziplinarordnung-wdo\/\">Wehrdisziplinarordnung (WDO)<\/a><\/li><li><a href=\"https:\/\/ungedient.de\/blog\/abkuerzung\/zentrale-dienstvorschrift-zdv\/\">Zentrale Dienstvorschrift (ZDv)<\/a><\/li><li><a href=\"https:\/\/ungedient.de\/blog\/abkuerzung\/zielfernrohr-zf\/\">Zielfernrohr (ZF)<\/a><\/li><li><a href=\"https:\/\/ungedient.de\/blog\/abkuerzung\/zivil-militaerische-zusammenarbeit-zmz\/\">Zivil-milit\u00e4rische Zusammenarbeit (ZMZ)<\/a><\/li><li><a href=\"https:\/\/ungedient.de\/blog\/abkuerzung\/zugfuehrer-zgfhr\/\">Zugf\u00fchrer (ZgFhr)<\/a><\/li><\/ul>\n<h2>Weitere Erkl\u00e4rungen<\/h2>\n<h3><b>Freiwilliger Wehrdienst<\/b><\/h3>\n<p><span style=\"font-weight: 400;\">Der Grundwehrdienst wurde 2011 nach 55 Jahren abgeschafft. Ja, er wurde &#8222;abgeschafft&#8220;, auch wenn es an vielen Stellen hei\u00dft, dass der korrekte Begriff &#8222;ausgesetzt&#8220; w\u00e4re. Denn tats\u00e4chlich wurde alles, was mit dem klassischen Grundwehrdienst zu tun hat, quasi vom Konzept bis zur Kaserne abgeschafft. Damit ist weder die Infrastruktur noch der Personalapparat f\u00fcr eine Wiedereinf\u00fchrung des Wehrdienstes mit \u00fcber 100.000 Rekruten pro Jahr realisierbar. Der freiwillige Wehrdienst hingegen stellt eine Alternative f\u00fcr junge Menschen dar, hat aber nicht einmal zehntausend Teilnehmer pro Jahr <\/span><a href=\"https:\/\/de.statista.com\/statistik\/daten\/studie\/38401\/umfrage\/personalbestand-der-bundeswehr-seit-2000\/\"><span style=\"font-weight: 400;\">(siehe Statistik)<\/span><\/a><span style=\"font-weight: 400;\">, das ist weniger als ein Zehntel der Grundwehrdienstleistenden in den Jahren um die Jahrtausendwende. Selbst die Zahl der freiwilligen Wehrdienstleistenden war in diesen Jahren doppelt so hoch wie in den letzten Jahren.<\/span><\/p>\n<h3><b>Au\u00dferhalb des Wehrdienstes<\/b><\/h3>\n<p><span style=\"font-weight: 400;\">Die Abk\u00fcrzung &#8222;a.d.W.&#8220; steht f\u00fcr &#8222;au\u00dferhalb des Wehrdienstes&#8220;. Man kann zum Beispiel den Weg des Reserveoffizieranw\u00e4rters a.d.W. w\u00e4hlen. Au\u00dferhalb des Wehrdienstes bedeutet, dass man weiterhin seinem zivilen Beruf nachgeht und in modularen Lehrg\u00e4ngen, die je nach Laufbahn und Bundesland unterschiedlich lang sein k\u00f6nnen, ausgebildet wird. Man ist und bleibt bei seinem zivilen Arbeitgeber angestellt und wird f\u00fcr die Ausbildung freigestellt. (Dies ist nat\u00fcrlich auch f\u00fcr Selbst\u00e4ndige m\u00f6glich.) Der Unterschied zur Ausbildung au\u00dferhalb des Wehrdienstes ist i.d.W. &#8211; Dies entspricht der klassischen milit\u00e4rischen Ausbildung und wird daher nur dort explizit erw\u00e4hnt, wo es zu Verwechslungen f\u00fchren k\u00f6nnte, z.B. beim ROA i.d.W.. &#8211; Die Ausbildung f\u00fcr Ungediente erfolgt au\u00dferhalb des Wehrdienstes. Das Gegenst\u00fcck im Wehrdienst w\u00e4re vermutlich ein Programm wie <\/span><a href=\"https:\/\/www.bundeswehrkarriere.de\/dein-jahr-fuer-deutschland\"><span style=\"font-weight: 400;\">\u201cDein Jahr f\u00fcr Deutschland\u201d<\/span><\/a><span style=\"font-weight: 400;\">, womit ich mich allerdings nicht befasst habe&#8230;<\/span><\/p>\n<h3><b>Montag bis Freitag<\/b><\/h3>\n<p><span style=\"font-weight: 400;\">Der Soldatenberuf ist kein Montags- bis Freitagsjob, auch wenn immer wieder Witze dar\u00fcber gemacht werden, dass die NATO durch die Arbeitszeitregelung am Wochenende quasi wehrlos sei. Je nach Aufgabengebiet sind Soldaten regelm\u00e4\u00dfig auch am Wochenende im Einsatz, hinzu kommen \u00dcbungen und Ausbildungen, die sich \u00fcber mehrere Monate erstrecken. Auch eine heimatnahe Verwendung ist keine Selbstverst\u00e4ndlichkeit, selbst wenn der Arbeitgeber Bundeswehr versucht, es vielen &#8220; Angestellten&#8220; recht zu machen. Diese Aspekte sollten vor einer Bewerbung bei der Bundeswehr bedacht werden. F\u00fcr Ungediente gilt dies ebenso, wie f\u00fcr den SAZ, denn viele Ausbildungsmodule erstrecken sich \u00fcber ein oder zwei Wochen inklusive Wochenenden. Auch nach der Ausbildung finden viele Veranstaltungen und \u00dcbungen am Wochenende statt. (Praxisbeispiel: Am Samstag habe ich um 22 Uhr eine E-Mail von meinem Feldwebel bekommen).<\/span>[\/vc_column_text][\/vc_column][\/vc_row][vc_row color=&#8220;&#8220; message_box_style=&#8220;solid&#8220; style=&#8220;rounded&#8220; message_box_color=&#8220;grey&#8220; icon_type=&#8220;fontawesome&#8220; icon_fontawesome=&#8220;fas fa-image&#8220; icon_monosocial=&#8220;vc-mono vc-mono-fivehundredpx&#8220; icon_openiconic=&#8220;&#8220; icon_typicons=&#8220;&#8220; icon_entypo=&#8220;&#8220; icon_linecons=&#8220;&#8220; icon_pixelicons=&#8220;&#8220;][vc_column][vc_message message_box_style=&#8220;solid&#8220; message_box_color=&#8220;grey&#8220; icon_fontawesome=&#8220;fas fa-image&#8220;]<strong>Titelbild<\/strong><br \/>\n\u00a9 Eigene Montage \/ Shutterstock[\/vc_message][\/vc_column][\/vc_row]\n\r\n\t\t\t<div id=\"daexthefu-container\"\r\n\t\t\t\tclass=\"daexthefu-container daexthefu-layout-stacked daexthefu-alignment-center\"\r\n\t\t\t\tdata-post-id=\"981\">\r\n\r\n\t\t\t\t<div class=\"daexthefu-feedback\">\r\n\t\t\t\t\t<div class=\"daexthefu-text\">\r\n\t\t\t\t\t\t<h3 class=\"daexthefu-title\">War dieser Artikel f\u00fcr dich hilfreich?<\/h3>\r\n\t\t\t\t\t<\/div>\r\n\t\t\t\t\t<div class=\"daexthefu-buttons-container\">\r\n\t\t\t\t\t\t<div class=\"daexthefu-buttons\">\r\n\t\t\t\t\t\t\t\r\n\t\t\t<div class=\"daexthefu-yes daexthefu-button daexthefu-button-type-icon\" data-value=\"1\">\r\n\t\t\t\t\r\n                <svg>\r\n                    <defs>\r\n                        <style>.thumb-up-cls-1{fill:#c9c9c9;}.thumb-up-cls-2{fill:#e1e1e1;}.thumb-up-cls-3{fill:#676767;}<\/style>\r\n                    <\/defs>\r\n                    <g id=\"thumb_up\">\r\n                        <path class=\"thumb-up-cls-2 daexthefu-icon-circle\" d=\"m24,3c11.58,0,21,9.42,21,21s-9.42,21-21,21S3,35.58,3,24,12.42,3,24,3m0-1C11.85,2,2,11.85,2,24s9.85,22,22,22,22-9.85,22-22S36.15,2,24,2h0Z\" \/>\r\n                        <g>\r\n                            <rect class=\"thumb-up-cls-3 daexthefu-icon-secondary-color\" x=\"10\" y=\"20\" width=\"6\" height=\"15\" rx=\"1.5\" ry=\"1.5\" \/>\r\n                            <path class=\"thumb-up-cls-1 daexthefu-icon-primary-color\" d=\"m30.57,9.06l-.49-.1c-.81-.17-1.61.35-1.78,1.16l-5.3,11.74c-.17.81,3.16,1.61,3.97,1.78l1.96.41c.81.17,1.61-.35,1.78-1.16l2.18-10.27c.34-1.61-.7-3.21-2.31-3.56Z\" \/>\r\n                            <path class=\"thumb-up-cls-1 daexthefu-icon-primary-color\" d=\"m38.17,20h-18.67c-.83,0-1.5.67-1.5,1.5v12c0,.83.67,1.5,1.5,1.5h16.27c.71,0,1.33-.5,1.47-1.21l2.4-12c.19-.93-.53-1.8-1.47-1.8Z\" \/>\r\n                        <\/g>\r\n                    <\/g>\r\n                <\/svg>\t\t\t<\/div>\r\n\r\n\t\t\t\t\t\t\t\t\t\t\r\n\t\t\t<div class=\"daexthefu-no daexthefu-button daexthefu-button-type-icon\" data-value=\"0\">\r\n\t\t\t\t\r\n                <svg>\r\n                    <defs>\r\n                        <style>.thumb-down-cls-1{fill:#c9c9c9;}.thumb-down-cls-2{fill:#e1e1e1;}.thumb-down-cls-3{fill:#676767;}<\/style>\r\n                    <\/defs>\r\n                    <g id=\"thumb_down\">\r\n                        <path class=\"thumb-down-cls-2 daexthefu-icon-circle\" d=\"m24,3c11.58,0,21,9.42,21,21s-9.42,21-21,21S3,35.58,3,24,12.42,3,24,3m0-1C11.85,2,2,11.85,2,24s9.85,22,22,22,22-9.85,22-22S36.15,2,24,2h0Z\" \/>\r\n                        <g>\r\n                            <rect class=\"thumb-down-cls-3 daexthefu-icon-secondary-color\" x=\"10\" y=\"13\" width=\"6\" height=\"15\" rx=\"1.5\" ry=\"1.5\" \/>\r\n                            <path class=\"thumb-down-cls-1 daexthefu-icon-primary-color\" d=\"m30.57,38.94l-.49.1c-.81.17-1.61-.35-1.78-1.16l-5.3-11.74c-.17-.81,3.16-1.61,3.97-1.78l1.96-.41c.81-.17,1.61.35,1.78,1.16l2.18,10.27c.34,1.61-.7,3.21-2.31,3.56Z\" \/>\r\n                            <path class=\"thumb-down-cls-1 daexthefu-icon-primary-color\" d=\"m38.17,28h-18.67c-.83,0-1.5-.67-1.5-1.5v-12c0-.83.67-1.5,1.5-1.5h16.27c.71,0,1.33.5,1.47,1.21l2.4,12c.19.93-.53,1.8-1.47,1.8Z\" \/>\r\n                        <\/g>\r\n                    <\/g>\r\n                <\/svg>\t\t\t<\/div>\r\n\r\n\t\t\t\t\t\t\t\t\t<\/div>\r\n\t\t\t\t\t<\/div>\r\n\t\t\t\t<\/div>\r\n\r\n\t\t\t\t<div class=\"daexthefu-comment\">\r\n\t\t\t\t\t<div class=\"daexthefu-comment-top-container\">\r\n\t\t\t\t\t\t<label id=\"daexthefu-comment-label\" class=\"daexthefu-comment-label\"><\/label>\r\n\t\t\t\t\t\t\t\t\t\t\t\t\t<div class=\"daexthefu-comment-character-counter-container\">\r\n\t\t\t\t\t\t\t\t<div id=\"daexthefu-comment-character-counter-number\"\r\n\t\t\t\t\t\t\t\t\tclass=\"daexthefu-comment-character-counter-number\"><\/div>\r\n\t\t\t\t\t\t\t\t<div class=\"daexthefu-comment-character-counter-text\"><\/div>\r\n\t\t\t\t\t\t\t<\/div>\r\n\t\t\t\t\t\t\t\t\t\t\t<\/div>\r\n\t\t\t\t\t<textarea id=\"daexthefu-comment-textarea\" class=\"daexthefu-comment-textarea\"\r\n\t\t\t\t\t\t\t\tplaceholder=\"Dein Feedback\u2026\"\r\n\t\t\t\t\t\t\t\tmaxlength=\"\r\n\t\t\t\t\t\t\t\t500\t\t\t\t\t\t\t\t\t\"><\/textarea>\r\n\t\t\t\t\t<div class=\"daexthefu-comment-buttons-container\">\r\n\t\t\t\t\t\t<button class=\"daexthefu-comment-submit daexthefu-button\">senden<\/button>\r\n\t\t\t\t\t\t<button class=\"daexthefu-comment-cancel daexthefu-button\">abbrechen<\/button>\r\n\t\t\t\t\t<\/div>\r\n\t\t\t\t<\/div>\r\n\r\n\t\t\t\t<div class=\"daexthefu-successful-submission-text\">Vielen Dank!<\/div>\r\n\r\n\t\t\t<\/div>\r\n\r\n\t\t\t<\/div>","protected":false},"excerpt":{"rendered":"<p>Die Bundeswehr hat ihre eigene Sprache. Abk\u00fcrzungen und Begriffe k\u00f6nnen anf\u00e4nglich verwirrend sein.<\/p>\n","protected":false},"author":1,"featured_media":983,"comment_status":"open","ping_status":"open","sticky":false,"template":"","format":"standard","meta":{"_helpful_status":1,"inline_featured_image":false,"footnotes":""},"categories":[71],"tags":[17,40,41,42,43],"class_list":["post-981","post","type-post","status-publish","format-standard","has-post-thumbnail","hentry","category-wissen","tag-reserve","tag-abkuerzungen","tag-begriffe","tag-definition","tag-ungedient"],"acf":[],"yoast_head":"<!-- This site is optimized with the Yoast SEO plugin v27.5 - https:\/\/yoast.com\/product\/yoast-seo-wordpress\/ -->\n<title>Die eigene Sprache &#8226; UNgedient.<\/title>\n<meta name=\"robots\" content=\"index, follow, max-snippet:-1, max-image-preview:large, max-video-preview:-1\" \/>\n<link rel=\"canonical\" href=\"https:\/\/ungedient.de\/blog\/wissen\/die-eigene-sprache\/\" \/>\n<meta property=\"og:locale\" content=\"de_DE\" \/>\n<meta property=\"og:type\" content=\"article\" \/>\n<meta property=\"og:title\" content=\"Die eigene Sprache &#8226; UNgedient.\" \/>\n<meta property=\"og:description\" content=\"Die Bundeswehr hat ihre eigene Sprache. Abk\u00fcrzungen und Begriffe k\u00f6nnen anf\u00e4nglich verwirrend sein.\" \/>\n<meta property=\"og:url\" content=\"https:\/\/ungedient.de\/blog\/wissen\/die-eigene-sprache\/\" \/>\n<meta property=\"og:site_name\" content=\"UNgedient.\" \/>\n<meta property=\"article:publisher\" content=\"https:\/\/www.facebook.com\/fuchs52y\" \/>\n<meta property=\"article:author\" content=\"https:\/\/facebook.com\/fuchs52y\" \/>\n<meta property=\"article:published_time\" content=\"2023-01-09T11:18:47+00:00\" \/>\n<meta property=\"article:modified_time\" content=\"2023-05-08T19:00:07+00:00\" \/>\n<meta property=\"og:image\" content=\"https:\/\/ungedient.de\/blog\/wp-content\/uploads\/2023\/03\/translate-bw-deutsch.jpg\" \/>\n\t<meta property=\"og:image:width\" content=\"950\" \/>\n\t<meta property=\"og:image:height\" content=\"500\" \/>\n\t<meta property=\"og:image:type\" content=\"image\/jpeg\" \/>\n<meta name=\"author\" content=\"Daniel\" \/>\n<meta name=\"twitter:card\" content=\"summary_large_image\" \/>\n<meta name=\"twitter:label1\" content=\"Verfasst von\" \/>\n\t<meta name=\"twitter:data1\" content=\"Daniel\" \/>\n\t<meta name=\"twitter:label2\" content=\"Gesch\u00e4tzte Lesezeit\" \/>\n\t<meta name=\"twitter:data2\" content=\"4\u00a0Minuten\" \/>\n<script type=\"application\/ld+json\" class=\"yoast-schema-graph\">{\"@context\":\"https:\\\/\\\/schema.org\",\"@graph\":[{\"@type\":\"Article\",\"@id\":\"https:\\\/\\\/ungedient.de\\\/blog\\\/wissen\\\/die-eigene-sprache\\\/#article\",\"isPartOf\":{\"@id\":\"https:\\\/\\\/ungedient.de\\\/blog\\\/wissen\\\/die-eigene-sprache\\\/\"},\"author\":{\"name\":\"Daniel\",\"@id\":\"https:\\\/\\\/ungedient.de\\\/blog\\\/#\\\/schema\\\/person\\\/1648f47e5e180daeaa9f15f2dd485bf5\"},\"headline\":\"Die eigene Sprache\",\"datePublished\":\"2023-01-09T11:18:47+00:00\",\"dateModified\":\"2023-05-08T19:00:07+00:00\",\"mainEntityOfPage\":{\"@id\":\"https:\\\/\\\/ungedient.de\\\/blog\\\/wissen\\\/die-eigene-sprache\\\/\"},\"wordCount\":738,\"commentCount\":0,\"publisher\":{\"@id\":\"https:\\\/\\\/ungedient.de\\\/blog\\\/#organization\"},\"image\":{\"@id\":\"https:\\\/\\\/ungedient.de\\\/blog\\\/wissen\\\/die-eigene-sprache\\\/#primaryimage\"},\"thumbnailUrl\":\"https:\\\/\\\/ungedient.de\\\/blog\\\/wp-content\\\/uploads\\\/2023\\\/03\\\/translate-bw-deutsch.jpg\",\"keywords\":[\"reserve\",\"abk\u00fcrzungen\",\"begriffe\",\"definition\",\"ungedient\"],\"articleSection\":[\"Wissen\"],\"inLanguage\":\"de\",\"potentialAction\":[{\"@type\":\"CommentAction\",\"name\":\"Comment\",\"target\":[\"https:\\\/\\\/ungedient.de\\\/blog\\\/wissen\\\/die-eigene-sprache\\\/#respond\"]}]},{\"@type\":\"WebPage\",\"@id\":\"https:\\\/\\\/ungedient.de\\\/blog\\\/wissen\\\/die-eigene-sprache\\\/\",\"url\":\"https:\\\/\\\/ungedient.de\\\/blog\\\/wissen\\\/die-eigene-sprache\\\/\",\"name\":\"Die eigene Sprache &#8226; UNgedient.\",\"isPartOf\":{\"@id\":\"https:\\\/\\\/ungedient.de\\\/blog\\\/#website\"},\"primaryImageOfPage\":{\"@id\":\"https:\\\/\\\/ungedient.de\\\/blog\\\/wissen\\\/die-eigene-sprache\\\/#primaryimage\"},\"image\":{\"@id\":\"https:\\\/\\\/ungedient.de\\\/blog\\\/wissen\\\/die-eigene-sprache\\\/#primaryimage\"},\"thumbnailUrl\":\"https:\\\/\\\/ungedient.de\\\/blog\\\/wp-content\\\/uploads\\\/2023\\\/03\\\/translate-bw-deutsch.jpg\",\"datePublished\":\"2023-01-09T11:18:47+00:00\",\"dateModified\":\"2023-05-08T19:00:07+00:00\",\"breadcrumb\":{\"@id\":\"https:\\\/\\\/ungedient.de\\\/blog\\\/wissen\\\/die-eigene-sprache\\\/#breadcrumb\"},\"inLanguage\":\"de\",\"potentialAction\":[{\"@type\":\"ReadAction\",\"target\":[\"https:\\\/\\\/ungedient.de\\\/blog\\\/wissen\\\/die-eigene-sprache\\\/\"]}]},{\"@type\":\"ImageObject\",\"inLanguage\":\"de\",\"@id\":\"https:\\\/\\\/ungedient.de\\\/blog\\\/wissen\\\/die-eigene-sprache\\\/#primaryimage\",\"url\":\"https:\\\/\\\/ungedient.de\\\/blog\\\/wp-content\\\/uploads\\\/2023\\\/03\\\/translate-bw-deutsch.jpg\",\"contentUrl\":\"https:\\\/\\\/ungedient.de\\\/blog\\\/wp-content\\\/uploads\\\/2023\\\/03\\\/translate-bw-deutsch.jpg\",\"width\":950,\"height\":500,\"caption\":\"Die Sprache der Bundeswehr ist eine Sprache f\u00fcr sich.\"},{\"@type\":\"BreadcrumbList\",\"@id\":\"https:\\\/\\\/ungedient.de\\\/blog\\\/wissen\\\/die-eigene-sprache\\\/#breadcrumb\",\"itemListElement\":[{\"@type\":\"ListItem\",\"position\":1,\"name\":\"Startseite\",\"item\":\"https:\\\/\\\/ungedient.de\\\/blog\\\/\"},{\"@type\":\"ListItem\",\"position\":2,\"name\":\"Wissen\",\"item\":\"https:\\\/\\\/ungedient.de\\\/blog\\\/thema\\\/wissen\\\/\"},{\"@type\":\"ListItem\",\"position\":3,\"name\":\"Die eigene Sprache\"}]},{\"@type\":\"WebSite\",\"@id\":\"https:\\\/\\\/ungedient.de\\\/blog\\\/#website\",\"url\":\"https:\\\/\\\/ungedient.de\\\/blog\\\/\",\"name\":\"UNgedient. Vom Ungedienten zur Bundeswehr.\",\"description\":\"Dein Weg in die Reserve der Bundeswehr\",\"publisher\":{\"@id\":\"https:\\\/\\\/ungedient.de\\\/blog\\\/#organization\"},\"alternateName\":\"Ausbildung f\u00fcr Ungediente\",\"potentialAction\":[{\"@type\":\"SearchAction\",\"target\":{\"@type\":\"EntryPoint\",\"urlTemplate\":\"https:\\\/\\\/ungedient.de\\\/blog\\\/?s={search_term_string}\"},\"query-input\":{\"@type\":\"PropertyValueSpecification\",\"valueRequired\":true,\"valueName\":\"search_term_string\"}}],\"inLanguage\":\"de\"},{\"@type\":\"Organization\",\"@id\":\"https:\\\/\\\/ungedient.de\\\/blog\\\/#organization\",\"name\":\"UNgedient. Vom Ungedienten zur Bundeswehr.\",\"alternateName\":\"Ausbildung Ungedienter zum Reservisten der Bundeswehr\",\"url\":\"https:\\\/\\\/ungedient.de\\\/blog\\\/\",\"logo\":{\"@type\":\"ImageObject\",\"inLanguage\":\"de\",\"@id\":\"https:\\\/\\\/ungedient.de\\\/blog\\\/#\\\/schema\\\/logo\\\/image\\\/\",\"url\":\"https:\\\/\\\/ungedient.de\\\/blog\\\/wp-content\\\/uploads\\\/2023\\\/03\\\/ungedient-favicon.jpg\",\"contentUrl\":\"https:\\\/\\\/ungedient.de\\\/blog\\\/wp-content\\\/uploads\\\/2023\\\/03\\\/ungedient-favicon.jpg\",\"width\":520,\"height\":520,\"caption\":\"UNgedient. Vom Ungedienten zur Bundeswehr.\"},\"image\":{\"@id\":\"https:\\\/\\\/ungedient.de\\\/blog\\\/#\\\/schema\\\/logo\\\/image\\\/\"},\"sameAs\":[\"https:\\\/\\\/www.facebook.com\\\/fuchs52y\"]},{\"@type\":\"Person\",\"@id\":\"https:\\\/\\\/ungedient.de\\\/blog\\\/#\\\/schema\\\/person\\\/1648f47e5e180daeaa9f15f2dd485bf5\",\"name\":\"Daniel\",\"image\":{\"@type\":\"ImageObject\",\"inLanguage\":\"de\",\"@id\":\"https:\\\/\\\/secure.gravatar.com\\\/avatar\\\/ef3cfcfe1a934ab692f6ac8a025998218be6f7edf0973bf6f01a1c8634236232?s=96&d=mm&r=g\",\"url\":\"https:\\\/\\\/secure.gravatar.com\\\/avatar\\\/ef3cfcfe1a934ab692f6ac8a025998218be6f7edf0973bf6f01a1c8634236232?s=96&d=mm&r=g\",\"contentUrl\":\"https:\\\/\\\/secure.gravatar.com\\\/avatar\\\/ef3cfcfe1a934ab692f6ac8a025998218be6f7edf0973bf6f01a1c8634236232?s=96&d=mm&r=g\",\"caption\":\"Daniel\"},\"description\":\"Daniel absolvierte die Ausbildung f\u00fcr Ungediente 2023 in Rheinland-Pfalz und ist mittlerweile in der 5.\\\/HSchRgt 3 beordert. Er arbeitete als Reservistendienstleistender in einer Projektgruppe des Territorialen F\u00fchrungskommandos der Bundeswehr und engagiert sich als einer von zwei Beauftragten der Landesgruppe Baden-W\u00fcrttemberg des Verbandes der Reservisten der Deutschen Bundeswehr f\u00fcr die Ausbildung Ungediente. 2025 wurde er Vorsitzender der Reservistenarbeitsgemeinschaft Drohne MO. Daniel ist verheiratet und Vater von drei T\u00f6chtern.\",\"sameAs\":[\"https:\\\/\\\/facebook.com\\\/fuchs52y\"]}]}<\/script>\n<!-- \/ Yoast SEO plugin. -->","yoast_head_json":{"title":"Die eigene Sprache &#8226; UNgedient.","robots":{"index":"index","follow":"follow","max-snippet":"max-snippet:-1","max-image-preview":"max-image-preview:large","max-video-preview":"max-video-preview:-1"},"canonical":"https:\/\/ungedient.de\/blog\/wissen\/die-eigene-sprache\/","og_locale":"de_DE","og_type":"article","og_title":"Die eigene Sprache &#8226; UNgedient.","og_description":"Die Bundeswehr hat ihre eigene Sprache. Abk\u00fcrzungen und Begriffe k\u00f6nnen anf\u00e4nglich verwirrend sein.","og_url":"https:\/\/ungedient.de\/blog\/wissen\/die-eigene-sprache\/","og_site_name":"UNgedient.","article_publisher":"https:\/\/www.facebook.com\/fuchs52y","article_author":"https:\/\/facebook.com\/fuchs52y","article_published_time":"2023-01-09T11:18:47+00:00","article_modified_time":"2023-05-08T19:00:07+00:00","og_image":[{"width":950,"height":500,"url":"https:\/\/ungedient.de\/blog\/wp-content\/uploads\/2023\/03\/translate-bw-deutsch.jpg","type":"image\/jpeg"}],"author":"Daniel","twitter_card":"summary_large_image","twitter_misc":{"Verfasst von":"Daniel","Gesch\u00e4tzte Lesezeit":"4\u00a0Minuten"},"schema":{"@context":"https:\/\/schema.org","@graph":[{"@type":"Article","@id":"https:\/\/ungedient.de\/blog\/wissen\/die-eigene-sprache\/#article","isPartOf":{"@id":"https:\/\/ungedient.de\/blog\/wissen\/die-eigene-sprache\/"},"author":{"name":"Daniel","@id":"https:\/\/ungedient.de\/blog\/#\/schema\/person\/1648f47e5e180daeaa9f15f2dd485bf5"},"headline":"Die eigene Sprache","datePublished":"2023-01-09T11:18:47+00:00","dateModified":"2023-05-08T19:00:07+00:00","mainEntityOfPage":{"@id":"https:\/\/ungedient.de\/blog\/wissen\/die-eigene-sprache\/"},"wordCount":738,"commentCount":0,"publisher":{"@id":"https:\/\/ungedient.de\/blog\/#organization"},"image":{"@id":"https:\/\/ungedient.de\/blog\/wissen\/die-eigene-sprache\/#primaryimage"},"thumbnailUrl":"https:\/\/ungedient.de\/blog\/wp-content\/uploads\/2023\/03\/translate-bw-deutsch.jpg","keywords":["reserve","abk\u00fcrzungen","begriffe","definition","ungedient"],"articleSection":["Wissen"],"inLanguage":"de","potentialAction":[{"@type":"CommentAction","name":"Comment","target":["https:\/\/ungedient.de\/blog\/wissen\/die-eigene-sprache\/#respond"]}]},{"@type":"WebPage","@id":"https:\/\/ungedient.de\/blog\/wissen\/die-eigene-sprache\/","url":"https:\/\/ungedient.de\/blog\/wissen\/die-eigene-sprache\/","name":"Die eigene Sprache &#8226; UNgedient.","isPartOf":{"@id":"https:\/\/ungedient.de\/blog\/#website"},"primaryImageOfPage":{"@id":"https:\/\/ungedient.de\/blog\/wissen\/die-eigene-sprache\/#primaryimage"},"image":{"@id":"https:\/\/ungedient.de\/blog\/wissen\/die-eigene-sprache\/#primaryimage"},"thumbnailUrl":"https:\/\/ungedient.de\/blog\/wp-content\/uploads\/2023\/03\/translate-bw-deutsch.jpg","datePublished":"2023-01-09T11:18:47+00:00","dateModified":"2023-05-08T19:00:07+00:00","breadcrumb":{"@id":"https:\/\/ungedient.de\/blog\/wissen\/die-eigene-sprache\/#breadcrumb"},"inLanguage":"de","potentialAction":[{"@type":"ReadAction","target":["https:\/\/ungedient.de\/blog\/wissen\/die-eigene-sprache\/"]}]},{"@type":"ImageObject","inLanguage":"de","@id":"https:\/\/ungedient.de\/blog\/wissen\/die-eigene-sprache\/#primaryimage","url":"https:\/\/ungedient.de\/blog\/wp-content\/uploads\/2023\/03\/translate-bw-deutsch.jpg","contentUrl":"https:\/\/ungedient.de\/blog\/wp-content\/uploads\/2023\/03\/translate-bw-deutsch.jpg","width":950,"height":500,"caption":"Die Sprache der Bundeswehr ist eine Sprache f\u00fcr sich."},{"@type":"BreadcrumbList","@id":"https:\/\/ungedient.de\/blog\/wissen\/die-eigene-sprache\/#breadcrumb","itemListElement":[{"@type":"ListItem","position":1,"name":"Startseite","item":"https:\/\/ungedient.de\/blog\/"},{"@type":"ListItem","position":2,"name":"Wissen","item":"https:\/\/ungedient.de\/blog\/thema\/wissen\/"},{"@type":"ListItem","position":3,"name":"Die eigene Sprache"}]},{"@type":"WebSite","@id":"https:\/\/ungedient.de\/blog\/#website","url":"https:\/\/ungedient.de\/blog\/","name":"UNgedient. Vom Ungedienten zur Bundeswehr.","description":"Dein Weg in die Reserve der Bundeswehr","publisher":{"@id":"https:\/\/ungedient.de\/blog\/#organization"},"alternateName":"Ausbildung f\u00fcr Ungediente","potentialAction":[{"@type":"SearchAction","target":{"@type":"EntryPoint","urlTemplate":"https:\/\/ungedient.de\/blog\/?s={search_term_string}"},"query-input":{"@type":"PropertyValueSpecification","valueRequired":true,"valueName":"search_term_string"}}],"inLanguage":"de"},{"@type":"Organization","@id":"https:\/\/ungedient.de\/blog\/#organization","name":"UNgedient. Vom Ungedienten zur Bundeswehr.","alternateName":"Ausbildung Ungedienter zum Reservisten der Bundeswehr","url":"https:\/\/ungedient.de\/blog\/","logo":{"@type":"ImageObject","inLanguage":"de","@id":"https:\/\/ungedient.de\/blog\/#\/schema\/logo\/image\/","url":"https:\/\/ungedient.de\/blog\/wp-content\/uploads\/2023\/03\/ungedient-favicon.jpg","contentUrl":"https:\/\/ungedient.de\/blog\/wp-content\/uploads\/2023\/03\/ungedient-favicon.jpg","width":520,"height":520,"caption":"UNgedient. Vom Ungedienten zur Bundeswehr."},"image":{"@id":"https:\/\/ungedient.de\/blog\/#\/schema\/logo\/image\/"},"sameAs":["https:\/\/www.facebook.com\/fuchs52y"]},{"@type":"Person","@id":"https:\/\/ungedient.de\/blog\/#\/schema\/person\/1648f47e5e180daeaa9f15f2dd485bf5","name":"Daniel","image":{"@type":"ImageObject","inLanguage":"de","@id":"https:\/\/secure.gravatar.com\/avatar\/ef3cfcfe1a934ab692f6ac8a025998218be6f7edf0973bf6f01a1c8634236232?s=96&d=mm&r=g","url":"https:\/\/secure.gravatar.com\/avatar\/ef3cfcfe1a934ab692f6ac8a025998218be6f7edf0973bf6f01a1c8634236232?s=96&d=mm&r=g","contentUrl":"https:\/\/secure.gravatar.com\/avatar\/ef3cfcfe1a934ab692f6ac8a025998218be6f7edf0973bf6f01a1c8634236232?s=96&d=mm&r=g","caption":"Daniel"},"description":"Daniel absolvierte die Ausbildung f\u00fcr Ungediente 2023 in Rheinland-Pfalz und ist mittlerweile in der 5.\/HSchRgt 3 beordert. Er arbeitete als Reservistendienstleistender in einer Projektgruppe des Territorialen F\u00fchrungskommandos der Bundeswehr und engagiert sich als einer von zwei Beauftragten der Landesgruppe Baden-W\u00fcrttemberg des Verbandes der Reservisten der Deutschen Bundeswehr f\u00fcr die Ausbildung Ungediente. 2025 wurde er Vorsitzender der Reservistenarbeitsgemeinschaft Drohne MO. Daniel ist verheiratet und Vater von drei T\u00f6chtern.","sameAs":["https:\/\/facebook.com\/fuchs52y"]}]}},"_links":{"self":[{"href":"https:\/\/ungedient.de\/blog\/wp-json\/wp\/v2\/posts\/981","targetHints":{"allow":["GET"]}}],"collection":[{"href":"https:\/\/ungedient.de\/blog\/wp-json\/wp\/v2\/posts"}],"about":[{"href":"https:\/\/ungedient.de\/blog\/wp-json\/wp\/v2\/types\/post"}],"author":[{"embeddable":true,"href":"https:\/\/ungedient.de\/blog\/wp-json\/wp\/v2\/users\/1"}],"replies":[{"embeddable":true,"href":"https:\/\/ungedient.de\/blog\/wp-json\/wp\/v2\/comments?post=981"}],"version-history":[{"count":0,"href":"https:\/\/ungedient.de\/blog\/wp-json\/wp\/v2\/posts\/981\/revisions"}],"wp:featuredmedia":[{"embeddable":true,"href":"https:\/\/ungedient.de\/blog\/wp-json\/wp\/v2\/media\/983"}],"wp:attachment":[{"href":"https:\/\/ungedient.de\/blog\/wp-json\/wp\/v2\/media?parent=981"}],"wp:term":[{"taxonomy":"category","embeddable":true,"href":"https:\/\/ungedient.de\/blog\/wp-json\/wp\/v2\/categories?post=981"},{"taxonomy":"post_tag","embeddable":true,"href":"https:\/\/ungedient.de\/blog\/wp-json\/wp\/v2\/tags?post=981"}],"curies":[{"name":"wp","href":"https:\/\/api.w.org\/{rel}","templated":true}]}}